{"id":15304,"date":"2019-12-31T12:49:29","date_gmt":"2019-12-31T12:49:29","guid":{"rendered":"https:\/\/jorgezanoni.com.br\/2019\/?p=15304"},"modified":"2019-12-31T12:49:29","modified_gmt":"2019-12-31T12:49:29","slug":"cantor-sertanejo-juliano-cezar-morre-depois-de-infarto-durante-show-em-uniflor-no-norte-do-parana","status":"publish","type":"post","link":"https:\/\/jorgezanoni.com.br\/2019\/cantor-sertanejo-juliano-cezar-morre-depois-de-infarto-durante-show-em-uniflor-no-norte-do-parana\/","title":{"rendered":"Cantor sertanejo Juliano Cezar morre depois de infarto durante show em Uniflor, no norte do Paran\u00e1"},"content":{"rendered":"<h2 class=\"content-head__subtitle\" style=\"text-align: justify;\"><strong>De acordo com o produtor Mauro Vasconcelos, cantor chegou a socorrido em um posto m\u00e9dico perto do local do evento. Por\u00e9m, o artista n\u00e3o resistiu.<\/strong><\/h2>\n<div class=\"mc-column content-text active-extra-styles \" data-block-type=\"unstyled\" data-block-weight=\"39\" data-block-id=\"2\">\n<p class=\"content-text__container \" style=\"text-align: justify;\" data-track-category=\"Link no Texto\" data-track-links=\"\">O cantor sertanejo Juliano Cezar, de 58 anos, morreu na madrugada desta ter\u00e7a-feira (31) depois de sofrer um infarto fulminante enquanto fazia um show em Uniflor, no norte do Paran\u00e1. A informa\u00e7\u00e3o foi confirmada pelo produtor do artista.<\/p>\n<div style=\"width: 640px;\" class=\"wp-video\"><video class=\"wp-video-shortcode\" id=\"video-15304-1\" width=\"640\" height=\"352\" preload=\"metadata\" controls=\"controls\"><source type=\"video\/mp4\" src=\"https:\/\/jorgezanoni.com.br\/2019\/wp-content\/uploads\/2019\/12\/WhatsApp-Video-2019-12-31-at-07.32.12.mp4?_=1\" \/><a href=\"https:\/\/jorgezanoni.com.br\/2019\/wp-content\/uploads\/2019\/12\/WhatsApp-Video-2019-12-31-at-07.32.12.mp4\">https:\/\/jorgezanoni.com.br\/2019\/wp-content\/uploads\/2019\/12\/WhatsApp-Video-2019-12-31-at-07.32.12.mp4<\/a><\/video><\/div>\n<\/div>\n<div class=\"wall protected-content\">\n<div class=\"mc-column content-text active-extra-styles \" data-block-type=\"unstyled\" data-block-weight=\"15\" data-block-id=\"3\">\n<p class=\"content-text__container \" style=\"text-align: justify;\" data-track-category=\"Link no Texto\" data-track-links=\"\"><strong>No v\u00eddeo acima, \u00e9 poss\u00edvel ver o momento em que Juliano Cezar cai no palco.<\/strong><\/p>\n<div class=\"mc-column content-text active-extra-styles \" style=\"text-align: justify;\" data-block-type=\"unstyled\" data-block-weight=\"27\" data-block-id=\"6\">\n<p class=\"content-text__container \" data-track-category=\"Link no Texto\" data-track-links=\"\">De acordo com o produtor Mauro Vasconcelos, Juliano Cezar chegou a socorrido em um posto m\u00e9dico perto do local do evento. Por\u00e9m, o cantor n\u00e3o resistiu.<\/p>\n<\/div>\n<div class=\"mc-column content-text active-extra-styles\" data-block-type=\"raw\" data-block-weight=\"10\" data-block-id=\"7\">\n<ul class=\"content-unordered-list\">\n<li style=\"text-align: justify;\"><a href=\"https:\/\/g1.globo.com\/pr\/norte-noroeste\/noticia\/2019\/12\/31\/morte-de-cantor-sertanejo-juliano-cezar-veja-a-repercussao.ghtml\">Veja a repercuss\u00e3o da morte do cantor sertanejo Juliano Cezar<\/a><\/li>\n<li><img loading=\"lazy\" decoding=\"async\" class=\"alignnone size-full wp-image-15305\" src=\"https:\/\/jorgezanoni.com.br\/2019\/wp-content\/uploads\/2019\/12\/Juliano-cesar.jpg\" alt=\"\" width=\"640\" height=\"400\" srcset=\"https:\/\/jorgezanoni.com.br\/2019\/wp-content\/uploads\/2019\/12\/Juliano-cesar.jpg 640w, https:\/\/jorgezanoni.com.br\/2019\/wp-content\/uploads\/2019\/12\/Juliano-cesar-300x188.jpg 300w\" sizes=\"auto, (max-width: 640px) 100vw, 640px\" \/>\n<div class=\"row medium-uncollapsed content-media content-photo\" style=\"text-align: justify;\" data-block-type=\"backstage-photo\" data-block-id=\"8\">\n<div class=\"mc-column content-media__container\">\n<p class=\"content-media__description \">Cantor sertamejo teve infarto fulminante enquanto fazia show em Uniflor \u2014 Foto: Reprodu\u00e7\u00e3o\/Facebook<\/p>\n<\/div>\n<\/div>\n<div class=\"mc-column content-text active-extra-styles \" style=\"text-align: justify;\" data-block-type=\"unstyled\" data-block-weight=\"26\" data-block-id=\"9\">\n<p class=\"content-text__container \" data-track-category=\"Link no Texto\" data-track-links=\"\">Ele recebeu massagem card\u00edaca e inje\u00e7\u00f5es de adrenalina por mais de uma hora e meia, mas, ainda conforme o produtor, n\u00e3o foi poss\u00edvel reanimar o artista.<\/p>\n<\/div>\n<div class=\"mc-column content-text active-extra-styles \" style=\"text-align: justify;\" data-block-type=\"unstyled\" data-block-weight=\"31\" data-block-id=\"10\">\n<p class=\"content-text__container \" data-track-category=\"Link no Texto\" data-track-links=\"\">Mauro Vasconcelos contou que estavam em uma sequ\u00eancia de tr\u00eas shows, com casa cheia, no Paran\u00e1. Ele conhecia Juliano Cezar h\u00e1 25 anos e era produtor do amigo h\u00e1 sete.<\/p>\n<\/div>\n<div class=\"mc-column content-text active-extra-styles \" data-block-type=\"unstyled\" data-block-weight=\"23\" data-block-id=\"11\">\n<p class=\"content-text__container \" style=\"text-align: justify;\" data-track-category=\"Link no Texto\" data-track-links=\"\">Juliano Cezar era casado e n\u00e3o tinha filhos. O corpo ser\u00e1 velado e sepultado em Passos (MG) \u2013 cidade natal do cantor.<\/p>\n<p style=\"text-align: justify;\" data-track-category=\"Link no Texto\" data-track-links=\"\"><img loading=\"lazy\" decoding=\"async\" class=\"alignnone size-full wp-image-15306\" src=\"https:\/\/jorgezanoni.com.br\/2019\/wp-content\/uploads\/2019\/12\/morre-juliano-cezar-.jpg\" alt=\"\" width=\"640\" height=\"512\" srcset=\"https:\/\/jorgezanoni.com.br\/2019\/wp-content\/uploads\/2019\/12\/morre-juliano-cezar-.jpg 640w, https:\/\/jorgezanoni.com.br\/2019\/wp-content\/uploads\/2019\/12\/morre-juliano-cezar--300x240.jpg 300w, https:\/\/jorgezanoni.com.br\/2019\/wp-content\/uploads\/2019\/12\/morre-juliano-cezar--525x420.jpg 525w\" sizes=\"auto, (max-width: 640px) 100vw, 640px\" \/><\/p>\n<div class=\"row medium-uncollapsed content-media content-photo\" style=\"text-align: justify;\" data-block-type=\"backstage-photo\" data-block-id=\"13\">\n<div class=\"mc-column content-media__container\">\n<p class=\"content-media__description \">Cantor Juliano Cezar morreu em Uniflor, no norte do Paran\u00e1, na madrugada desta ter\u00e7a-feira (31) \u2014 Foto: Reprodu\u00e7\u00e3o\/Facebook<\/p>\n<\/div>\n<\/div>\n<div class=\"mc-column content-text active-extra-styles\" style=\"text-align: justify;\" data-block-type=\"raw\" data-block-weight=\"1\" data-block-id=\"14\">\n<div class=\"content-intertitle\">\n<h2>Biografia<\/h2>\n<\/div>\n<\/div>\n<div class=\"mc-column content-text active-extra-styles \" style=\"text-align: justify;\" data-block-type=\"unstyled\" data-block-weight=\"15\" data-block-id=\"15\">\n<p class=\"content-text__container \" data-track-category=\"Link no Texto\" data-track-links=\"\">Juliano Cezar tinha 30 anos de carreira. Ele lan\u00e7ou dez CDs e tr\u00eas DVDs.<\/p>\n<\/div>\n<div class=\"mc-column content-text active-extra-styles \" style=\"text-align: justify;\" data-block-type=\"unstyled\" data-block-weight=\"31\" data-block-id=\"16\">\n<p class=\"content-text__container \" data-track-category=\"Link no Texto\" data-track-links=\"\">O sertanejo come\u00e7ou a fazer sucesso ao cantar &#8220;N\u00e3o Aprendi Dizer Adeus&#8221; e ganhou o Pr\u00eamio Sharp como &#8220;cantor revela\u00e7\u00e3o&#8221;. Tamb\u00e9m foi indicado ao Grammy Latino com &#8220;Melhor \u00c1lbum Rom\u00e2ntico&#8221;.<\/p>\n<\/div>\n<div class=\"mc-column content-text active-extra-styles \" data-block-type=\"unstyled\" data-block-weight=\"21\" data-block-id=\"17\">\n<p class=\"content-text__container \" style=\"text-align: justify;\" data-track-category=\"Link no Texto\" data-track-links=\"\">&#8220;Rumo a Goi\u00e2nia&#8221;, &#8220;Faz Ela Feliz&#8221;, &#8220;Bem Aos Olhos da Lua&#8221; e &#8220;Cowboy Vagabundo&#8221; est\u00e3o entre os sucessos de Juliano Cezar.<\/p>\n<p style=\"text-align: justify;\" data-track-category=\"Link no Texto\" data-track-links=\"\"><img loading=\"lazy\" decoding=\"async\" class=\"alignnone size-full wp-image-15307\" src=\"https:\/\/jorgezanoni.com.br\/2019\/wp-content\/uploads\/2019\/12\/palco.jpg\" alt=\"\" width=\"640\" height=\"360\" srcset=\"https:\/\/jorgezanoni.com.br\/2019\/wp-content\/uploads\/2019\/12\/palco.jpg 640w, https:\/\/jorgezanoni.com.br\/2019\/wp-content\/uploads\/2019\/12\/palco-300x169.jpg 300w\" sizes=\"auto, (max-width: 640px) 100vw, 640px\" \/>Palco do show em que Juliano Cezar teve um infarto na madrugada desta ter\u00e7a-feira (31), em Uniflor, no norte do Paran\u00e1 \u2014 Foto: Juliane Guzzoni\/RPC<\/p>\n<p style=\"text-align: justify;\" data-track-category=\"Link no Texto\" data-track-links=\"\"><img loading=\"lazy\" decoding=\"async\" class=\"alignnone size-full wp-image-15308\" src=\"https:\/\/jorgezanoni.com.br\/2019\/wp-content\/uploads\/2019\/12\/juliano.jpg\" alt=\"\" width=\"640\" height=\"400\" srcset=\"https:\/\/jorgezanoni.com.br\/2019\/wp-content\/uploads\/2019\/12\/juliano.jpg 640w, https:\/\/jorgezanoni.com.br\/2019\/wp-content\/uploads\/2019\/12\/juliano-300x188.jpg 300w\" sizes=\"auto, (max-width: 640px) 100vw, 640px\" \/>Juliano Cezar cantou no Ribeir\u00e3o Rodeo Music 2018 \u2014 Foto: \u00c9rico Andrade\/G1<\/p>\n<p style=\"text-align: justify;\" data-track-category=\"Link no Texto\" data-track-links=\"\">Fonte: https:\/\/g1.globo.com\/pr\/norte-noroeste\/noticia\/2019\/12\/31\/cantor-sertanejo-morre-depois-de-infarte-durante-show-em-uniflor-no-norte-do-parana.ghtml<\/p>\n<\/div>\n<\/div>\n<\/li>\n<\/ul>\n<\/div>\n<\/div>\n<\/div>\n","protected":false},"excerpt":{"rendered":"<p>De acordo com o produtor Mauro Vasconcelos, cantor chegou a socorrido em um posto m\u00e9dico perto do local do evento. Por\u00e9m, o artista n\u00e3o resistiu. O cantor sertanejo Juliano Cezar, de 58 anos, morreu na madrugada desta ter\u00e7a-feira (31) depois de sofrer um infarto fulminante enquanto fazia um show em Uniflor, no norte do Paran\u00e1. [&hellip;]<\/p>\n","protected":false},"author":1,"featured_media":15310,"comment_status":"closed","ping_status":"open","sticky":false,"template":"","format":"video","meta":{"footnotes":""},"categories":[110,169],"tags":[],"class_list":["post-15304","post","type-post","status-publish","format-video","has-post-thumbnail","hentry","category-noticiasdestaque","category-videos","post_format-post-format-video"],"_links":{"self":[{"href":"https:\/\/jorgezanoni.com.br\/2019\/wp-json\/wp\/v2\/posts\/15304","targetHints":{"allow":["GET"]}}],"collection":[{"href":"https:\/\/jorgezanoni.com.br\/2019\/wp-json\/wp\/v2\/posts"}],"about":[{"href":"https:\/\/jorgezanoni.com.br\/2019\/wp-json\/wp\/v2\/types\/post"}],"author":[{"embeddable":true,"href":"https:\/\/jorgezanoni.com.br\/2019\/wp-json\/wp\/v2\/users\/1"}],"replies":[{"embeddable":true,"href":"https:\/\/jorgezanoni.com.br\/2019\/wp-json\/wp\/v2\/comments?post=15304"}],"version-history":[{"count":0,"href":"https:\/\/jorgezanoni.com.br\/2019\/wp-json\/wp\/v2\/posts\/15304\/revisions"}],"wp:featuredmedia":[{"embeddable":true,"href":"https:\/\/jorgezanoni.com.br\/2019\/wp-json\/wp\/v2\/media\/15310"}],"wp:attachment":[{"href":"https:\/\/jorgezanoni.com.br\/2019\/wp-json\/wp\/v2\/media?parent=15304"}],"wp:term":[{"taxonomy":"category","embeddable":true,"href":"https:\/\/jorgezanoni.com.br\/2019\/wp-json\/wp\/v2\/categories?post=15304"},{"taxonomy":"post_tag","embeddable":true,"href":"https:\/\/jorgezanoni.com.br\/2019\/wp-json\/wp\/v2\/tags?post=15304"}],"curies":[{"name":"wp","href":"https:\/\/api.w.org\/{rel}","templated":true}]}}