{"id":15291,"date":"2019-12-30T21:13:05","date_gmt":"2019-12-30T21:13:05","guid":{"rendered":"https:\/\/jorgezanoni.com.br\/2019\/?p=15291"},"modified":"2019-12-30T21:13:05","modified_gmt":"2019-12-30T21:13:05","slug":"reclamacao-da-populacao-academia-da-rua-castro-alves-no-bairro-tonico-andre-esta-totalmente-abandonado","status":"publish","type":"post","link":"https:\/\/jorgezanoni.com.br\/2019\/reclamacao-da-populacao-academia-da-rua-castro-alves-no-bairro-tonico-andre-esta-totalmente-abandonado\/","title":{"rendered":"Reclama\u00e7\u00e3o da Popula\u00e7\u00e3o: Academia da rua Castro Alves no bairro Tonico Andr\u00e9 est\u00e1 totalmente abandonado."},"content":{"rendered":"<div id=\"fb-root\"><\/div>\n<p><script async=\"1\" defer=\"1\" crossorigin=\"anonymous\" src=\"https:\/\/connect.facebook.net\/en_US\/sdk.js#xfbml=1&amp;version=v5.0\"><\/script><\/p>\n<div class=\"fb-video\" data-href=\"https:\/\/www.facebook.com\/jorgezanonidracena\/videos\/616520415841995\/\" data-width=\"696\">\n<blockquote cite=\"https:\/\/www.facebook.com\/jorgezanonidracena\/videos\/616520415841995\/\" class=\"fb-xfbml-parse-ignore\"><p><a href=\"https:\/\/www.facebook.com\/jorgezanonidracena\/videos\/616520415841995\/\">Reclama\u00e7\u00e3o da Popula\u00e7\u00e3o: Academia da rua Castro Alves no bairro Tonico Andr\u00e9 est\u00e1 totalmente abandonada.<\/a><\/p>\n<p>Reclama\u00e7\u00e3o da Popula\u00e7\u00e3o: Academia da rua Castro Alves no bairro Tonico Andr\u00e9 est\u00e1 totalmente abandonada.<\/p>\n<p>Posted by <a href=\"https:\/\/www.facebook.com\/jorgezanonidracena\/\">Jorge Zanoni<\/a> on Monday, December 30, 2019<\/p><\/blockquote>\n<\/div>\n","protected":false},"excerpt":{"rendered":"<p>Reclama\u00e7\u00e3o da Popula\u00e7\u00e3o: Academia da rua Castro Alves no bairro Tonico Andr\u00e9 est\u00e1 totalmente abandonada. Reclama\u00e7\u00e3o da Popula\u00e7\u00e3o: Academia da rua Castro Alves no bairro Tonico Andr\u00e9 est\u00e1 totalmente abandonada. Posted by Jorge Zanoni on Monday, December 30, 2019<\/p>\n","protected":false},"author":1,"featured_media":15292,"comment_status":"closed","ping_status":"open","sticky":false,"template":"","format":"video","meta":{"footnotes":""},"categories":[179,184,169],"tags":[],"class_list":["post-15291","post","type-post","status-publish","format-video","has-post-thumbnail","hentry","category-cidadeseregiao","category-dracena","category-videos","post_format-post-format-video"],"_links":{"self":[{"href":"https:\/\/jorgezanoni.com.br\/2019\/wp-json\/wp\/v2\/posts\/15291","targetHints":{"allow":["GET"]}}],"collection":[{"href":"https:\/\/jorgezanoni.com.br\/2019\/wp-json\/wp\/v2\/posts"}],"about":[{"href":"https:\/\/jorgezanoni.com.br\/2019\/wp-json\/wp\/v2\/types\/post"}],"author":[{"embeddable":true,"href":"https:\/\/jorgezanoni.com.br\/2019\/wp-json\/wp\/v2\/users\/1"}],"replies":[{"embeddable":true,"href":"https:\/\/jorgezanoni.com.br\/2019\/wp-json\/wp\/v2\/comments?post=15291"}],"version-history":[{"count":0,"href":"https:\/\/jorgezanoni.com.br\/2019\/wp-json\/wp\/v2\/posts\/15291\/revisions"}],"wp:featuredmedia":[{"embeddable":true,"href":"https:\/\/jorgezanoni.com.br\/2019\/wp-json\/wp\/v2\/media\/15292"}],"wp:attachment":[{"href":"https:\/\/jorgezanoni.com.br\/2019\/wp-json\/wp\/v2\/media?parent=15291"}],"wp:term":[{"taxonomy":"category","embeddable":true,"href":"https:\/\/jorgezanoni.com.br\/2019\/wp-json\/wp\/v2\/categories?post=15291"},{"taxonomy":"post_tag","embeddable":true,"href":"https:\/\/jorgezanoni.com.br\/2019\/wp-json\/wp\/v2\/tags?post=15291"}],"curies":[{"name":"wp","href":"https:\/\/api.w.org\/{rel}","templated":true}]}}