{"id":15285,"date":"2019-12-30T12:38:43","date_gmt":"2019-12-30T12:38:43","guid":{"rendered":"https:\/\/jorgezanoni.com.br\/2019\/?p=15285"},"modified":"2019-12-30T12:38:43","modified_gmt":"2019-12-30T12:38:43","slug":"acidente-entre-onibus-que-saiu-de-pres-prudente-e-caminhao-deixa-quatro-feridos-em-santa-cruz-do-rio-pardo","status":"publish","type":"post","link":"https:\/\/jorgezanoni.com.br\/2019\/acidente-entre-onibus-que-saiu-de-pres-prudente-e-caminhao-deixa-quatro-feridos-em-santa-cruz-do-rio-pardo\/","title":{"rendered":"Acidente entre \u00f4nibus que saiu de Pres. Prudente e caminh\u00e3o deixa quatro feridos em Santa Cruz do Rio Pardo"},"content":{"rendered":"<h2 class=\"content-head__subtitle\" style=\"text-align: justify;\"><strong>Segundo a Pol\u00edcia Rodovi\u00e1ria, o motorista do \u00f4nibus, que seguia na Rodovia Engenheiro Jo\u00e3o Baptista Cabral Renn\u00f3, ficou gravemente ferido e foi levado para a Santa Casa.<\/strong><\/h2>\n<div class=\"mc-column content-text active-extra-styles \" data-block-type=\"unstyled\" data-block-weight=\"33\" data-block-id=\"2\">\n<p class=\"content-text__container \" style=\"text-align: justify;\" data-track-category=\"Link no Texto\" data-track-links=\"\">Um acidente entre um \u00f4nibus e um caminh\u00e3o deixou quatro pessoas feridas, na madrugada desta segunda-feira (30), na Rodovia Engenheiro Jo\u00e3o Baptista Cabral Renn\u00f3 (SP-225), em Santa Cruz do Rio Pardo (SP).<\/p>\n<\/div>\n<div class=\"wall protected-content\">\n<div class=\"mc-column content-text active-extra-styles \" style=\"text-align: justify;\" data-block-type=\"unstyled\" data-block-weight=\"28\" data-block-id=\"3\">\n<p class=\"content-text__container \" data-track-category=\"Link no Texto\" data-track-links=\"\">Segundo a Pol\u00edcia Rodovi\u00e1ria, o \u00f4nibus seguia de Presidente Epit\u00e1cio (SP) para S\u00e3o Paulo quando colidiu com a traseira de um caminh\u00e3o no quil\u00f4metro 298 da rodovia.<\/p>\n<\/div>\n<div class=\"mc-column content-text active-extra-styles \" style=\"text-align: justify;\" data-block-type=\"unstyled\" data-block-weight=\"45\" data-block-id=\"4\">\n<p class=\"content-text__container \" data-track-category=\"Link no Texto\" data-track-links=\"\">Com o impacto, o motorista do \u00f4nibus ficou gravemente ferido e foi encaminhado para a Santa Casa de Santa Cruz do Rio Pardo. Outros tr\u00eas passageiros do ve\u00edculo tiveram ferimentos leves e tamb\u00e9m foram levados ao hospital. Do caminh\u00e3o, n\u00e3o h\u00e1 registro de feridos.<\/p>\n<\/div>\n<div class=\"mc-column content-text active-extra-styles \" data-block-type=\"unstyled\" data-block-weight=\"41\" data-block-id=\"6\">\n<p class=\"content-text__container \" style=\"text-align: justify;\" data-track-category=\"Link no Texto\" data-track-links=\"\">Segundo os bombeiros, a carga de metal que o caminh\u00e3o transportava caiu sobre a pista, que precisou ficar com uma faixa interditada durante a ocorr\u00eancia, sentido Santa Cruz do Rio Pardo a Bauru. A per\u00edcia vai investigar as causas do acidente.<\/p>\n<p style=\"text-align: justify;\" data-track-category=\"Link no Texto\" data-track-links=\"\">Fonte: https:\/\/g1.globo.com\/sp\/bauru-marilia\/noticia\/2019\/12\/30\/acidente-entre-onibus-e-caminhao-deixa-quatro-feridos-em-santa-cruz-do-rio-pardo.ghtml<\/p>\n<p style=\"text-align: justify;\" data-track-category=\"Link no Texto\" data-track-links=\"\">\n<\/div>\n<\/div>\n<p>&nbsp;<\/p>\n<p>&nbsp;<\/p>\n","protected":false},"excerpt":{"rendered":"<p>Segundo a Pol\u00edcia Rodovi\u00e1ria, o motorista do \u00f4nibus, que seguia na Rodovia Engenheiro Jo\u00e3o Baptista Cabral Renn\u00f3, ficou gravemente ferido e foi levado para a Santa Casa. Um acidente entre um \u00f4nibus e um caminh\u00e3o deixou quatro pessoas feridas, na madrugada desta segunda-feira (30), na Rodovia Engenheiro Jo\u00e3o Baptista Cabral Renn\u00f3 (SP-225), em Santa Cruz [&hellip;]<\/p>\n","protected":false},"author":1,"featured_media":15286,"comment_status":"closed","ping_status":"open","sticky":false,"template":"","format":"video","meta":{"footnotes":""},"categories":[170,110],"tags":[],"class_list":["post-15285","post","type-post","status-publish","format-video","has-post-thumbnail","hentry","category-acidentes","category-noticiasdestaque","post_format-post-format-video"],"_links":{"self":[{"href":"https:\/\/jorgezanoni.com.br\/2019\/wp-json\/wp\/v2\/posts\/15285","targetHints":{"allow":["GET"]}}],"collection":[{"href":"https:\/\/jorgezanoni.com.br\/2019\/wp-json\/wp\/v2\/posts"}],"about":[{"href":"https:\/\/jorgezanoni.com.br\/2019\/wp-json\/wp\/v2\/types\/post"}],"author":[{"embeddable":true,"href":"https:\/\/jorgezanoni.com.br\/2019\/wp-json\/wp\/v2\/users\/1"}],"replies":[{"embeddable":true,"href":"https:\/\/jorgezanoni.com.br\/2019\/wp-json\/wp\/v2\/comments?post=15285"}],"version-history":[{"count":0,"href":"https:\/\/jorgezanoni.com.br\/2019\/wp-json\/wp\/v2\/posts\/15285\/revisions"}],"wp:featuredmedia":[{"embeddable":true,"href":"https:\/\/jorgezanoni.com.br\/2019\/wp-json\/wp\/v2\/media\/15286"}],"wp:attachment":[{"href":"https:\/\/jorgezanoni.com.br\/2019\/wp-json\/wp\/v2\/media?parent=15285"}],"wp:term":[{"taxonomy":"category","embeddable":true,"href":"https:\/\/jorgezanoni.com.br\/2019\/wp-json\/wp\/v2\/categories?post=15285"},{"taxonomy":"post_tag","embeddable":true,"href":"https:\/\/jorgezanoni.com.br\/2019\/wp-json\/wp\/v2\/tags?post=15285"}],"curies":[{"name":"wp","href":"https:\/\/api.w.org\/{rel}","templated":true}]}}