{"id":15248,"date":"2019-12-29T18:33:22","date_gmt":"2019-12-29T18:33:22","guid":{"rendered":"https:\/\/jorgezanoni.com.br\/2019\/?p=15248"},"modified":"2019-12-29T18:33:22","modified_gmt":"2019-12-29T18:33:22","slug":"trabalho-voluntario-de-prevencao-ao-uso-de-drogas-realizado-pela-policia-civil-beneficia-800-pessoas-em-2019","status":"publish","type":"post","link":"https:\/\/jorgezanoni.com.br\/2019\/trabalho-voluntario-de-prevencao-ao-uso-de-drogas-realizado-pela-policia-civil-beneficia-800-pessoas-em-2019\/","title":{"rendered":"Trabalho volunt\u00e1rio de preven\u00e7\u00e3o ao uso de drogas realizado pela Pol\u00edcia Civil beneficia 800 pessoas em 2019"},"content":{"rendered":"<h2 class=\"content-head__subtitle\" style=\"text-align: justify;\"><strong>Palestras a cargo da Delegacia Seccional de Dracena buscam instruir e conscientizar crian\u00e7as, jovens e adultos sobre os malef\u00edcios e consequ\u00eancias dos entorpecentes.<\/strong><\/h2>\n<div class=\"mc-column content-text active-extra-styles \" data-block-type=\"unstyled\" data-block-weight=\"50\" data-block-id=\"2\">\n<p class=\"content-text__container \" style=\"text-align: justify;\" data-track-category=\"Link no Texto\" data-track-links=\"\">Instruir, aconselhar, orientar, expor experi\u00eancias, consequ\u00eancias, prevenir\u2026 Estes atos resumem um trabalho realizado pela Pol\u00edcia Civil, por meio da Delegacia Seccional de\u00a0<a href=\"https:\/\/g1.globo.com\/sp\/presidente-prudente-regiao\/cidade\/dracena\/\">Dracena<\/a>. Volunt\u00e1ria e gratuitamente, centenas de pessoas recebem informa\u00e7\u00f5es importantes sobre os malef\u00edcios do uso de drogas. S\u00f3 em 2019, a atividade beneficiou 800 crian\u00e7as, jovens e adultos.<\/p>\n<\/div>\n<div class=\"wall protected-content\">\n<div class=\"mc-column content-text active-extra-styles \" data-block-type=\"unstyled\" data-block-weight=\"56\" data-block-id=\"3\">\n<p class=\"content-text__container \" style=\"text-align: justify;\" data-track-category=\"Link no Texto\" data-track-links=\"\">As palestras de preven\u00e7\u00e3o ao uso nocivo de drogas s\u00e3o ministradas pelo agente policial Reginaldo Rosa dos Santos. Durante o trabalho, s\u00e3o explanados e exibidos, por meio de recursos audiovisuais, os conceitos b\u00e1sicos das drogas l\u00edcitas e il\u00edcitas e as consequ\u00eancias nocivas que provocam no organismo das pessoas, destruindo sonhos, fam\u00edlias, vida social e profissional.<\/p>\n<p style=\"text-align: justify;\" data-track-category=\"Link no Texto\" data-track-links=\"\"><img loading=\"lazy\" decoding=\"async\" class=\"alignnone size-full wp-image-15249\" src=\"https:\/\/jorgezanoni.com.br\/2019\/wp-content\/uploads\/2019\/12\/pal1.jpeg\" alt=\"\" width=\"640\" height=\"385\" srcset=\"https:\/\/jorgezanoni.com.br\/2019\/wp-content\/uploads\/2019\/12\/pal1.jpeg 640w, https:\/\/jorgezanoni.com.br\/2019\/wp-content\/uploads\/2019\/12\/pal1-300x180.jpeg 300w\" sizes=\"auto, (max-width: 640px) 100vw, 640px\" \/><\/p>\n<div class=\"row medium-uncollapsed content-media content-photo\" style=\"text-align: justify;\" data-block-type=\"backstage-photo\" data-block-id=\"5\">\n<div class=\"mc-column content-media__container\">\n<p class=\"content-media__description \">Palestras visam prevenir o uso nocivo de drogas \u2014 Foto: Cedida\/Pol\u00edcia Civil<\/p>\n<\/div>\n<\/div>\n<div class=\"mc-column content-text active-extra-styles \" style=\"text-align: justify;\" data-block-type=\"unstyled\" data-block-weight=\"28\" data-block-id=\"6\">\n<p class=\"content-text__container \" data-track-category=\"Link no Texto\" data-track-links=\"\">Santos pontua ao\u00a0<strong>G1\u00a0<\/strong>que o trabalho de preven\u00e7\u00e3o \u00e0s drogas \u00e9 a melhor maneira de evitar seu uso precoce, ou seja, a curiosidade do primeiro contato.<\/p>\n<p class=\"content-text__container \" data-track-category=\"Link no Texto\" data-track-links=\"\"><span style=\"font-style: italic; text-align: center;\">\u201cA satisfa\u00e7\u00e3o nas realiza\u00e7\u00f5es das palestras \u00e9 poder proporcionar, retribuir \u00e0 sociedade o conhecimento sobre um tema t\u00e3o complexo. As drogas v\u00e3o sempre existir no seio da humanidade, o que tentamos fazer \u00e9 minimizar o risco da drogadi\u00e7\u00e3o precoce dos adolescentes e jovens\u201d, diz Santos ao\u00a0<\/span><strong style=\"font-style: italic; text-align: center;\">G1<\/strong><span style=\"font-style: italic; text-align: center;\">.<\/span><\/p>\n<\/div>\n<div class=\"mc-column content-text active-extra-styles \" data-block-type=\"unstyled\" data-block-weight=\"41\" data-block-id=\"8\">\n<p class=\"content-text__container \" style=\"text-align: justify;\" data-track-category=\"Link no Texto\" data-track-links=\"\">O agente policial tamb\u00e9m ressalta que \u201ca vida \u00e9 uma sucess\u00e3o de escolhas, ent\u00e3o, com as palestras buscamos dar suporte para que no momento da oferta das drogas, os adolescentes e os jovens, possam por si s\u00f3 optar pelo n\u00e3o uso\u201d.<\/p>\n<p style=\"text-align: justify;\" data-track-category=\"Link no Texto\" data-track-links=\"\"><img loading=\"lazy\" decoding=\"async\" class=\"alignnone size-full wp-image-15250\" src=\"https:\/\/jorgezanoni.com.br\/2019\/wp-content\/uploads\/2019\/12\/pal2.jpeg\" alt=\"\" width=\"640\" height=\"377\" srcset=\"https:\/\/jorgezanoni.com.br\/2019\/wp-content\/uploads\/2019\/12\/pal2.jpeg 640w, https:\/\/jorgezanoni.com.br\/2019\/wp-content\/uploads\/2019\/12\/pal2-300x177.jpeg 300w\" sizes=\"auto, (max-width: 640px) 100vw, 640px\" \/><\/p>\n<div class=\"row medium-uncollapsed content-media content-photo\" style=\"text-align: justify;\" data-block-type=\"backstage-photo\" data-block-id=\"10\">\n<div class=\"mc-column content-media__container\">\n<p class=\"content-media__description \">Palestras visam prevenir o uso nocivo de drogas \u2014 Foto: Cedida\/Pol\u00edcia Civil<\/p>\n<\/div>\n<\/div>\n<div class=\"mc-column content-text active-extra-styles \" style=\"text-align: justify;\" data-block-type=\"unstyled\" data-block-weight=\"21\" data-block-id=\"11\">\n<p class=\"content-text__container \" data-track-category=\"Link no Texto\" data-track-links=\"\">Para Santos, a gratid\u00e3o por parte das fam\u00edlias e dos pr\u00f3prios adolescentes e jovens, quando se encontram, marca o trabalho realizado.<\/p>\n<p class=\"content-text__container \" data-track-category=\"Link no Texto\" data-track-links=\"\"><span style=\"font-style: italic; text-align: center;\">\u201cO fato \u00e9 que ningu\u00e9m est\u00e1 imune a se tornar um dependente qu\u00edmico e, quando acontece, acontece sempre com algu\u00e9m muito especial, que somos n\u00f3s mesmos. E a preven\u00e7\u00e3o prim\u00e1ria dever acontecer dentro de casa\u201d, coloca.<\/span><\/p>\n<\/div>\n<div class=\"mc-column content-text active-extra-styles \" data-block-type=\"unstyled\" data-block-weight=\"53\" data-block-id=\"13\">\n<p class=\"content-text__container \" style=\"text-align: justify;\" data-track-category=\"Link no Texto\" data-track-links=\"\">O trabalho, volunt\u00e1rio e gratuito, \u00e9 desenvolvido h\u00e1 mais de sete anos em unidades de ensino p\u00fablicas e privadas, empresas, comunidades terap\u00eauticas e outras organiza\u00e7\u00f5es na Nova Alta Paulista. Ao longo do ano de 2019, foram realizadas 16 palestras para um p\u00fablico de cerca de 800 pessoas, entres crian\u00e7as, jovens e adultos.<\/p>\n<div class=\"mc-column content-text active-extra-styles \" style=\"text-align: justify;\" data-block-type=\"unstyled\" data-block-weight=\"38\" data-block-id=\"15\">\n<p class=\"content-text__container \" data-track-category=\"Link no Texto\" data-track-links=\"\">O agente policial ainda afirma ao\u00a0<strong>G1\u00a0<\/strong>que, al\u00e9m de disseminar o conhecimento e conscientizar as pessoas sobre o uso de entorpecentes, a atividade visa a aproximar a Pol\u00edcia Civil da sociedade, \u201cdesempenhando o papel da pol\u00edcia cidad\u00e3\u201d.<\/p>\n<\/div>\n<div class=\"mc-column content-text active-extra-styles \" style=\"text-align: justify;\" data-block-type=\"unstyled\" data-block-weight=\"11\" data-block-id=\"16\">\n<p class=\"content-text__container \" data-track-category=\"Link no Texto\" data-track-links=\"\">O delegado Alexandre Lu\u00eds Luengo Lopes tamb\u00e9m acompanha as apresenta\u00e7\u00f5es.<\/p>\n<\/div>\n<div class=\"mc-column content-text active-extra-styles \" data-block-type=\"unstyled\" data-block-weight=\"28\" data-block-id=\"17\">\n<p class=\"content-text__container \" style=\"text-align: justify;\" data-track-category=\"Link no Texto\" data-track-links=\"\">Em o 2018, o semin\u00e1rio foi apresentado, inclusive, no Estado de Mato Grosso do Sul para alunos de um projeto educacional desenvolvido pela Funda\u00e7\u00e3o AH, na cidade de Brasil\u00e2ndia.<\/p>\n<p style=\"text-align: justify;\" data-track-category=\"Link no Texto\" data-track-links=\"\"><img loading=\"lazy\" decoding=\"async\" class=\"alignnone size-full wp-image-15251\" src=\"https:\/\/jorgezanoni.com.br\/2019\/wp-content\/uploads\/2019\/12\/pal3.jpeg\" alt=\"\" width=\"640\" height=\"484\" srcset=\"https:\/\/jorgezanoni.com.br\/2019\/wp-content\/uploads\/2019\/12\/pal3.jpeg 640w, https:\/\/jorgezanoni.com.br\/2019\/wp-content\/uploads\/2019\/12\/pal3-300x227.jpeg 300w, https:\/\/jorgezanoni.com.br\/2019\/wp-content\/uploads\/2019\/12\/pal3-80x60.jpeg 80w, https:\/\/jorgezanoni.com.br\/2019\/wp-content\/uploads\/2019\/12\/pal3-555x420.jpeg 555w\" sizes=\"auto, (max-width: 640px) 100vw, 640px\" \/><\/p>\n<div class=\"row medium-uncollapsed content-media content-photo\" style=\"text-align: justify;\" data-block-type=\"backstage-photo\" data-block-id=\"18\">\n<div class=\"mc-column content-media__container\">\n<p class=\"content-media__description \">Palestras visam prevenir o uso nocivo de drogas \u2014 Foto: Cedida\/Pol\u00edcia Civil<\/p>\n<\/div>\n<\/div>\n<div class=\"row medium-uncollapsed content-media content-photo\" data-block-type=\"backstage-photo\" data-block-id=\"19\">\n<div class=\"mc-column content-media__container\">\n<div class=\"progressive-img can-open-lightbox\" data-min-size=\"1008x532\" data-min-size-url=\"https:\/\/s2.glbimg.com\/dKuOsUXSI16xIToAu0lGCNqKQcQ=\/0x0:1080x571\/1008x0\/smart\/filters:strip_icc()\/i.s3.glbimg.com\/v1\/AUTH_59edd422c0c84a879bd37670ae4f538a\/internal_photos\/bs\/2019\/1\/g\/qIHFwnTHanvA32qA4MyA\/whatsapp-image-2019-12-29-at-10.46.06.jpeg\" data-max-size=\"1600x845\" data-max-size-url=\"https:\/\/s2.glbimg.com\/nO0yJVgCa9nl5C1LDasIaWy3w7c=\/0x0:1080x571\/1600x0\/smart\/filters:strip_icc()\/i.s3.glbimg.com\/v1\/AUTH_59edd422c0c84a879bd37670ae4f538a\/internal_photos\/bs\/2019\/1\/g\/qIHFwnTHanvA32qA4MyA\/whatsapp-image-2019-12-29-at-10.46.06.jpeg\" data-media-index=\"4\"><img loading=\"lazy\" decoding=\"async\" class=\"alignnone size-full wp-image-15252\" src=\"https:\/\/jorgezanoni.com.br\/2019\/wp-content\/uploads\/2019\/12\/pal4.jpeg\" alt=\"\" width=\"640\" height=\"338\" srcset=\"https:\/\/jorgezanoni.com.br\/2019\/wp-content\/uploads\/2019\/12\/pal4.jpeg 640w, https:\/\/jorgezanoni.com.br\/2019\/wp-content\/uploads\/2019\/12\/pal4-300x158.jpeg 300w\" sizes=\"auto, (max-width: 640px) 100vw, 640px\" \/><\/p>\n<div class=\"row medium-uncollapsed content-media content-photo\" style=\"text-align: justify;\" data-block-type=\"backstage-photo\" data-block-id=\"18\">\n<div class=\"mc-column content-media__container\">\n<p class=\"content-media__description \">Palestras visam prevenir o uso nocivo de drogas \u2014 Foto: Cedida\/Pol\u00edcia Civil<\/p>\n<\/div>\n<\/div>\n<div class=\"row medium-uncollapsed content-media content-photo\" data-block-type=\"backstage-photo\" data-block-id=\"19\">\n<div class=\"mc-column content-media__container\">\n<div class=\"progressive-img can-open-lightbox\" style=\"text-align: justify;\" data-min-size=\"1008x532\" data-min-size-url=\"https:\/\/s2.glbimg.com\/dKuOsUXSI16xIToAu0lGCNqKQcQ=\/0x0:1080x571\/1008x0\/smart\/filters:strip_icc()\/i.s3.glbimg.com\/v1\/AUTH_59edd422c0c84a879bd37670ae4f538a\/internal_photos\/bs\/2019\/1\/g\/qIHFwnTHanvA32qA4MyA\/whatsapp-image-2019-12-29-at-10.46.06.jpeg\" data-max-size=\"1600x845\" data-max-size-url=\"https:\/\/s2.glbimg.com\/nO0yJVgCa9nl5C1LDasIaWy3w7c=\/0x0:1080x571\/1600x0\/smart\/filters:strip_icc()\/i.s3.glbimg.com\/v1\/AUTH_59edd422c0c84a879bd37670ae4f538a\/internal_photos\/bs\/2019\/1\/g\/qIHFwnTHanvA32qA4MyA\/whatsapp-image-2019-12-29-at-10.46.06.jpeg\" data-media-index=\"4\">Fonte: G1<\/div>\n<\/div>\n<\/div>\n<\/div>\n<\/div>\n<\/div>\n<\/div>\n<\/div>\n<\/div>\n<\/div>\n<\/div>\n","protected":false},"excerpt":{"rendered":"<p>Palestras a cargo da Delegacia Seccional de Dracena buscam instruir e conscientizar crian\u00e7as, jovens e adultos sobre os malef\u00edcios e consequ\u00eancias dos entorpecentes. Instruir, aconselhar, orientar, expor experi\u00eancias, consequ\u00eancias, prevenir\u2026 Estes atos resumem um trabalho realizado pela Pol\u00edcia Civil, por meio da Delegacia Seccional de\u00a0Dracena. Volunt\u00e1ria e gratuitamente, centenas de pessoas recebem informa\u00e7\u00f5es importantes sobre [&hellip;]<\/p>\n","protected":false},"author":1,"featured_media":15253,"comment_status":"closed","ping_status":"open","sticky":false,"template":"","format":"standard","meta":{"footnotes":""},"categories":[2],"tags":[],"class_list":["post-15248","post","type-post","status-publish","format-standard","has-post-thumbnail","hentry","category-policial"],"_links":{"self":[{"href":"https:\/\/jorgezanoni.com.br\/2019\/wp-json\/wp\/v2\/posts\/15248","targetHints":{"allow":["GET"]}}],"collection":[{"href":"https:\/\/jorgezanoni.com.br\/2019\/wp-json\/wp\/v2\/posts"}],"about":[{"href":"https:\/\/jorgezanoni.com.br\/2019\/wp-json\/wp\/v2\/types\/post"}],"author":[{"embeddable":true,"href":"https:\/\/jorgezanoni.com.br\/2019\/wp-json\/wp\/v2\/users\/1"}],"replies":[{"embeddable":true,"href":"https:\/\/jorgezanoni.com.br\/2019\/wp-json\/wp\/v2\/comments?post=15248"}],"version-history":[{"count":0,"href":"https:\/\/jorgezanoni.com.br\/2019\/wp-json\/wp\/v2\/posts\/15248\/revisions"}],"wp:featuredmedia":[{"embeddable":true,"href":"https:\/\/jorgezanoni.com.br\/2019\/wp-json\/wp\/v2\/media\/15253"}],"wp:attachment":[{"href":"https:\/\/jorgezanoni.com.br\/2019\/wp-json\/wp\/v2\/media?parent=15248"}],"wp:term":[{"taxonomy":"category","embeddable":true,"href":"https:\/\/jorgezanoni.com.br\/2019\/wp-json\/wp\/v2\/categories?post=15248"},{"taxonomy":"post_tag","embeddable":true,"href":"https:\/\/jorgezanoni.com.br\/2019\/wp-json\/wp\/v2\/tags?post=15248"}],"curies":[{"name":"wp","href":"https:\/\/api.w.org\/{rel}","templated":true}]}}