{"id":15232,"date":"2019-12-29T16:24:47","date_gmt":"2019-12-29T16:24:47","guid":{"rendered":"https:\/\/jorgezanoni.com.br\/2019\/?p=15232"},"modified":"2019-12-29T16:24:47","modified_gmt":"2019-12-29T16:24:47","slug":"homem-que-estava-desaparecido-e-encontrado-morto-em-osvaldo-cruz","status":"publish","type":"post","link":"https:\/\/jorgezanoni.com.br\/2019\/homem-que-estava-desaparecido-e-encontrado-morto-em-osvaldo-cruz\/","title":{"rendered":"Homem que estava desaparecido \u00e9 encontrado morto em Osvaldo Cruz"},"content":{"rendered":"<h2 class=\"subtitulo\"><strong>Rapaz de 29 anos estava desaparecido e comete suic\u00eddio por enforcamento em OC.<\/strong><\/h2>\n<p style=\"text-align: justify;\">O mototaxista Renan Cravo, 29, foi encontrado morto na manh\u00e3 deste domingo (29), no Clube da Pol\u00edcia Militar em Osvaldo Cruz.<\/p>\n<p>O corpo de Renan foi encontrado pendurado por uma corta amarrada ao pesco\u00e7o. Pol\u00edcia Militar esteve no local e acionou a Pol\u00edcia Cient\u00edfica para as provid\u00eancias do caso.<\/p>\n<p style=\"text-align: justify;\">Anteriormente familiares haviam feito publica\u00e7\u00e3o em rede social a procura de Renan.<\/p>\n<p style=\"text-align: justify;\">Fonte: ocnet.com.br<\/p>\n","protected":false},"excerpt":{"rendered":"<p>Rapaz de 29 anos estava desaparecido e comete suic\u00eddio por enforcamento em OC. O mototaxista Renan Cravo, 29, foi encontrado morto na manh\u00e3 deste domingo (29), no Clube da Pol\u00edcia Militar em Osvaldo Cruz. O corpo de Renan foi encontrado pendurado por uma corta amarrada ao pesco\u00e7o. Pol\u00edcia Militar esteve no local e acionou a [&hellip;]<\/p>\n","protected":false},"author":1,"featured_media":15234,"comment_status":"closed","ping_status":"open","sticky":false,"template":"","format":"standard","meta":{"footnotes":""},"categories":[110,2],"tags":[],"class_list":["post-15232","post","type-post","status-publish","format-standard","has-post-thumbnail","hentry","category-noticiasdestaque","category-policial"],"_links":{"self":[{"href":"https:\/\/jorgezanoni.com.br\/2019\/wp-json\/wp\/v2\/posts\/15232","targetHints":{"allow":["GET"]}}],"collection":[{"href":"https:\/\/jorgezanoni.com.br\/2019\/wp-json\/wp\/v2\/posts"}],"about":[{"href":"https:\/\/jorgezanoni.com.br\/2019\/wp-json\/wp\/v2\/types\/post"}],"author":[{"embeddable":true,"href":"https:\/\/jorgezanoni.com.br\/2019\/wp-json\/wp\/v2\/users\/1"}],"replies":[{"embeddable":true,"href":"https:\/\/jorgezanoni.com.br\/2019\/wp-json\/wp\/v2\/comments?post=15232"}],"version-history":[{"count":0,"href":"https:\/\/jorgezanoni.com.br\/2019\/wp-json\/wp\/v2\/posts\/15232\/revisions"}],"wp:featuredmedia":[{"embeddable":true,"href":"https:\/\/jorgezanoni.com.br\/2019\/wp-json\/wp\/v2\/media\/15234"}],"wp:attachment":[{"href":"https:\/\/jorgezanoni.com.br\/2019\/wp-json\/wp\/v2\/media?parent=15232"}],"wp:term":[{"taxonomy":"category","embeddable":true,"href":"https:\/\/jorgezanoni.com.br\/2019\/wp-json\/wp\/v2\/categories?post=15232"},{"taxonomy":"post_tag","embeddable":true,"href":"https:\/\/jorgezanoni.com.br\/2019\/wp-json\/wp\/v2\/tags?post=15232"}],"curies":[{"name":"wp","href":"https:\/\/api.w.org\/{rel}","templated":true}]}}