{"id":15226,"date":"2019-12-29T16:02:04","date_gmt":"2019-12-29T16:02:04","guid":{"rendered":"https:\/\/jorgezanoni.com.br\/2019\/?p=15226"},"modified":"2019-12-29T16:02:04","modified_gmt":"2019-12-29T16:02:04","slug":"colisao-entre-onibus-e-carreta-deixa-6-mortos-e-26-feridos-na-br-364-em-ro","status":"publish","type":"post","link":"https:\/\/jorgezanoni.com.br\/2019\/colisao-entre-onibus-e-carreta-deixa-6-mortos-e-26-feridos-na-br-364-em-ro\/","title":{"rendered":"Colis\u00e3o entre \u00f4nibus e carreta deixa 6 mortos e 26 feridos na BR-364 em RO"},"content":{"rendered":"<h2 class=\"content-head__subtitle\" style=\"text-align: justify;\"><strong>Pai, m\u00e3e e filha de 2 anos morreram na trag\u00e9dia. Acidente ocorreu entre as cidades de Pimenta Bueno e Vilhena.<\/strong><\/h2>\n<div class=\"mc-column content-text active-extra-styles \" data-block-type=\"unstyled\" data-block-weight=\"50\" data-block-id=\"2\">\n<p class=\"content-text__container \" style=\"text-align: justify;\" data-track-category=\"Link no Texto\" data-track-links=\"\">Seis pessoas morreram e 26 ficaram feridas ap\u00f3s uma colis\u00e3o frontal entre uma carreta e um \u00f4nibus na BR-364, na noite de s\u00e1bado (28), entre as cidades de Vilhena (RO) e Pimenta Bueno (RO). Tr\u00eas dos mortos s\u00e3o da mesma fam\u00edlia. Entre os feridos, h\u00e1 6 crian\u00e7as e 2 gr\u00e1vidas.<\/p>\n<\/div>\n<div class=\"wall protected-content\">\n<div class=\"mc-column content-text active-extra-styles\" style=\"text-align: justify;\" data-block-type=\"raw\" data-block-weight=\"15\" data-block-id=\"3\">\n<ul class=\"content-unordered-list\">\n<li><a href=\"https:\/\/g1.globo.com\/ro\/rondonia\/noticia\/2019\/12\/29\/parecia-uma-guerra-diz-medico-que-ajudou-atender-25-feridos-de-colisao-na-br-364.ghtml?utm_source=facebook&amp;utm_medium=social&amp;utm_campaign=g1ro\"><strong>&#8216;Parecia uma guerra&#8217;, diz m\u00e9dico que ajudou a atender 25 feridos de colis\u00e3o na BR-364<\/strong><\/a><\/li>\n<\/ul>\n<\/div>\n<div class=\"mc-column content-text active-extra-styles \" style=\"text-align: justify;\" data-block-type=\"unstyled\" data-block-weight=\"43\" data-block-id=\"4\">\n<p class=\"content-text__container \" data-track-category=\"Link no Texto\" data-track-links=\"\">O \u00f4nibus da empresa Bruna Turismo, que prestava servi\u00e7o para a Transbrasil, seguia sentido Porto Velho, com dezenas de passageiros, quando bateu de frente com a carreta que estava na pista contr\u00e1ria, segundo o inspetor da Pol\u00edcia Rodovi\u00e1ria Federal (PRF) Jo\u00e3o Paulo Lobato.<\/p>\n<\/div>\n<div class=\"mc-column content-text active-extra-styles \" style=\"text-align: justify;\" data-block-type=\"unstyled\" data-block-weight=\"23\" data-block-id=\"6\">\n<p class=\"content-text__container \" data-track-category=\"Link no Texto\" data-track-links=\"\"><em>(ATUALIZA\u00c7\u00c3O: Inicialmente, PRF informou que 25 pessoas ficaram feridas. Mais tarde, a corpora\u00e7\u00e3o socorreu um 26\u00ba sobrevivente. A reportagem foi atualizada \u00e0s 9h38.)<\/em><\/p>\n<\/div>\n<div class=\"mc-column content-text active-extra-styles \" style=\"text-align: justify;\" data-block-type=\"unstyled\" data-block-weight=\"19\" data-block-id=\"7\">\n<p class=\"content-text__container \" data-track-category=\"Link no Texto\" data-track-links=\"\">O acidente ocorreu a 52 km de Vilhena, numa regi\u00e3o conhecida como Vale do \u00c1vila. Chovia forte no momento.<\/p>\n<\/div>\n<div class=\"mc-column content-text active-extra-styles \" style=\"text-align: justify;\" data-block-type=\"unstyled\" data-block-weight=\"27\" data-block-id=\"8\">\n<p class=\"content-text__container \" data-track-category=\"Link no Texto\" data-track-links=\"\">O motorista do caminh\u00e3o, a mulher e a filha do casal, de 2 anos, morreram. Outros dois filhos do motorista, de 5 e 10 anos, sobreviveram.<\/p>\n<\/div>\n<div class=\"mc-column content-text active-extra-styles \" style=\"text-align: justify;\" data-block-type=\"unstyled\" data-block-weight=\"23\" data-block-id=\"9\">\n<p class=\"content-text__container \" data-track-category=\"Link no Texto\" data-track-links=\"\">Tamb\u00e9m morreram os dois motoristas do \u00f4nibus \u2013 um deles era o dono da Bruna Turismo \u2013 e uma passageira 45 anos.<\/p>\n<\/div>\n<div class=\"mc-column content-text active-extra-styles \" style=\"text-align: justify;\" data-block-type=\"unstyled\" data-block-weight=\"17\" data-block-id=\"10\">\n<p class=\"content-text__container \" data-track-category=\"Link no Texto\" data-track-links=\"\">O<strong>\u00a0G1<\/strong>\u00a0ligou para a Transbrasil por volta das 12h (hor\u00e1rio de Bras\u00edlia) mas ningu\u00e9m atendeu.<\/p>\n<\/div>\n<div class=\"mc-column content-text active-extra-styles\" style=\"text-align: justify;\" data-block-type=\"raw\" data-block-weight=\"5\" data-block-id=\"11\">\n<div class=\"content-intertitle\">\n<h2>Veja quem s\u00e3o os mortos<\/h2>\n<\/div>\n<\/div>\n<div class=\"mc-column content-text active-extra-styles \" style=\"text-align: justify;\" data-block-type=\"unstyled\" data-block-weight=\"3\" data-block-id=\"12\">\n<p class=\"content-text__container \" data-track-category=\"Link no Texto\" data-track-links=\"\"><strong>No \u00f4nibus<\/strong><\/p>\n<\/div>\n<div class=\"mc-column content-text active-extra-styles \" style=\"text-align: justify;\" data-block-type=\"unstyled\" data-block-weight=\"11\" data-block-id=\"13\">\n<p class=\"content-text__container \" data-track-category=\"Link no Texto\" data-track-links=\"\">Luiz Carlos Amaro, 51 anos, motorista e dono da Bruna Turismo<\/p>\n<\/div>\n<div class=\"mc-column content-text active-extra-styles \" style=\"text-align: justify;\" data-block-type=\"unstyled\" data-block-weight=\"11\" data-block-id=\"14\">\n<p class=\"content-text__container \" data-track-category=\"Link no Texto\" data-track-links=\"\">Ademir Val\u00e9rio de Oliveira, 52 anos, motorista reserva do \u00f4nibus<\/p>\n<\/div>\n<div class=\"mc-column content-text active-extra-styles \" style=\"text-align: justify;\" data-block-type=\"unstyled\" data-block-weight=\"9\" data-block-id=\"15\">\n<p class=\"content-text__container \" data-track-category=\"Link no Texto\" data-track-links=\"\">Maria Pereira da Costa, 52 anos, passageira do \u00f4nibus<\/p>\n<\/div>\n<div class=\"mc-column content-text active-extra-styles \" style=\"text-align: justify;\" data-block-type=\"unstyled\" data-block-weight=\"2\" data-block-id=\"16\">\n<p class=\"content-text__container \" data-track-category=\"Link no Texto\" data-track-links=\"\"><strong>No caminh\u00e3o<\/strong><\/p>\n<\/div>\n<div class=\"mc-column content-text active-extra-styles \" style=\"text-align: justify;\" data-block-type=\"unstyled\" data-block-weight=\"8\" data-block-id=\"17\">\n<p class=\"content-text__container \" data-track-category=\"Link no Texto\" data-track-links=\"\">S\u00e9rgio de Jesus Pereira, 33 anos, motorista<\/p>\n<\/div>\n<div class=\"mc-column content-text active-extra-styles \" style=\"text-align: justify;\" data-block-type=\"unstyled\" data-block-weight=\"6\" data-block-id=\"18\">\n<p class=\"content-text__container \" data-track-category=\"Link no Texto\" data-track-links=\"\">Maely, 20 anos, mulher do motorista<\/p>\n<\/div>\n<div class=\"mc-column content-text active-extra-styles \" data-block-type=\"unstyled\" data-block-weight=\"6\" data-block-id=\"19\">\n<p class=\"content-text__container \" style=\"text-align: justify;\" data-track-category=\"Link no Texto\" data-track-links=\"\">Karen 2 anos, filha do casal<\/p>\n<p style=\"text-align: justify;\" data-track-category=\"Link no Texto\" data-track-links=\"\"><img loading=\"lazy\" decoding=\"async\" class=\"alignnone size-full wp-image-15227\" src=\"https:\/\/jorgezanoni.com.br\/2019\/wp-content\/uploads\/2019\/12\/bus\u00e3o-1.jpeg\" alt=\"\" width=\"1262\" height=\"947\" srcset=\"https:\/\/jorgezanoni.com.br\/2019\/wp-content\/uploads\/2019\/12\/bus\u00e3o-1.jpeg 1262w, https:\/\/jorgezanoni.com.br\/2019\/wp-content\/uploads\/2019\/12\/bus\u00e3o-1-300x225.jpeg 300w, https:\/\/jorgezanoni.com.br\/2019\/wp-content\/uploads\/2019\/12\/bus\u00e3o-1-768x576.jpeg 768w, https:\/\/jorgezanoni.com.br\/2019\/wp-content\/uploads\/2019\/12\/bus\u00e3o-1-1024x768.jpeg 1024w, https:\/\/jorgezanoni.com.br\/2019\/wp-content\/uploads\/2019\/12\/bus\u00e3o-1-80x60.jpeg 80w, https:\/\/jorgezanoni.com.br\/2019\/wp-content\/uploads\/2019\/12\/bus\u00e3o-1-265x198.jpeg 265w, https:\/\/jorgezanoni.com.br\/2019\/wp-content\/uploads\/2019\/12\/bus\u00e3o-1-696x522.jpeg 696w, https:\/\/jorgezanoni.com.br\/2019\/wp-content\/uploads\/2019\/12\/bus\u00e3o-1-1068x801.jpeg 1068w, https:\/\/jorgezanoni.com.br\/2019\/wp-content\/uploads\/2019\/12\/bus\u00e3o-1-560x420.jpeg 560w\" sizes=\"auto, (max-width: 1262px) 100vw, 1262px\" \/>Frente de \u00f4nibus ficou destru\u00edda em colis\u00e3o com carreta na BR-364 \u2014 Foto: R\u00f4mulo Azevedo\/Arquivo Pessoal<\/p>\n<p style=\"text-align: justify;\" data-track-category=\"Link no Texto\" data-track-links=\"\"><img loading=\"lazy\" decoding=\"async\" class=\"alignnone size-full wp-image-15229\" src=\"https:\/\/jorgezanoni.com.br\/2019\/wp-content\/uploads\/2019\/12\/bus\u00e3o2.jpeg\" alt=\"\" width=\"1262\" height=\"947\" srcset=\"https:\/\/jorgezanoni.com.br\/2019\/wp-content\/uploads\/2019\/12\/bus\u00e3o2.jpeg 1262w, https:\/\/jorgezanoni.com.br\/2019\/wp-content\/uploads\/2019\/12\/bus\u00e3o2-300x225.jpeg 300w, https:\/\/jorgezanoni.com.br\/2019\/wp-content\/uploads\/2019\/12\/bus\u00e3o2-768x576.jpeg 768w, https:\/\/jorgezanoni.com.br\/2019\/wp-content\/uploads\/2019\/12\/bus\u00e3o2-1024x768.jpeg 1024w, https:\/\/jorgezanoni.com.br\/2019\/wp-content\/uploads\/2019\/12\/bus\u00e3o2-80x60.jpeg 80w, https:\/\/jorgezanoni.com.br\/2019\/wp-content\/uploads\/2019\/12\/bus\u00e3o2-265x198.jpeg 265w, https:\/\/jorgezanoni.com.br\/2019\/wp-content\/uploads\/2019\/12\/bus\u00e3o2-696x522.jpeg 696w, https:\/\/jorgezanoni.com.br\/2019\/wp-content\/uploads\/2019\/12\/bus\u00e3o2-1068x801.jpeg 1068w, https:\/\/jorgezanoni.com.br\/2019\/wp-content\/uploads\/2019\/12\/bus\u00e3o2-560x420.jpeg 560w\" sizes=\"auto, (max-width: 1262px) 100vw, 1262px\" \/>Pe\u00e7as dos ve\u00edculos envolvidos no acidente ficaram espalhadas pela pista \u2014 Foto: R\u00f4mulo Azevedo\/Arquivo Pessoal<\/p>\n<div class=\"mc-column content-text active-extra-styles\" style=\"text-align: justify;\" data-block-type=\"raw\" data-block-weight=\"3\" data-block-id=\"23\">\n<div class=\"content-intertitle\">\n<h2>Mobiliza\u00e7\u00e3o no hospital<\/h2>\n<\/div>\n<\/div>\n<div class=\"mc-column content-text active-extra-styles \" style=\"text-align: justify;\" data-block-type=\"unstyled\" data-block-weight=\"45\" data-block-id=\"24\">\n<p class=\"content-text__container \" data-track-category=\"Link no Texto\" data-track-links=\"\">Os 26 feridos foram levados para o Hospital Regional de Vilhena, onde uma for\u00e7a-tarefa de 60 pessoas foi montada para atender \u00e0s v\u00edtimas. Algumas tiveram escoria\u00e7\u00f5es e 3 passaram por cirurgia, mas a unidade ainda n\u00e3o divulgou o estado de sa\u00fade de todas elas.<\/p>\n<\/div>\n<div class=\"mc-column content-text active-extra-styles \" data-block-type=\"unstyled\" data-block-weight=\"54\" data-block-id=\"25\">\n<p class=\"content-text__container \" style=\"text-align: justify;\" data-track-category=\"Link no Texto\" data-track-links=\"\">Entre elas est\u00e3o dois filhos de Sebasti\u00e3o de Jesus Pereira, o motorista do caminh\u00e3o que morreu. A menina \u00c1quila Diniz Pereira, de 10 anos, teve o bra\u00e7o perfurado, passou por cirurgia e est\u00e1 internada na Unidade de Terapia Intensiva (UTI). O garoto Adriel Diniz Pereira, de 5 anos, teve uma fratura no f\u00eamur.<\/p>\n<p style=\"text-align: justify;\" data-track-category=\"Link no Texto\" data-track-links=\"\">As outras v\u00edtimas que passaram pelo pronto-socorro n\u00e3o apresentam risco de morte, segundo o secret\u00e1rio municipal de Sa\u00fade, Afonso Emerick.<\/p>\n<p data-track-category=\"Link no Texto\" data-track-links=\"\"><img loading=\"lazy\" decoding=\"async\" class=\"alignnone size-full wp-image-15230\" src=\"https:\/\/jorgezanoni.com.br\/2019\/wp-content\/uploads\/2019\/12\/bus\u00e3o3-1.jpeg\" alt=\"\" width=\"640\" height=\"359\" srcset=\"https:\/\/jorgezanoni.com.br\/2019\/wp-content\/uploads\/2019\/12\/bus\u00e3o3-1.jpeg 640w, https:\/\/jorgezanoni.com.br\/2019\/wp-content\/uploads\/2019\/12\/bus\u00e3o3-1-300x168.jpeg 300w\" sizes=\"auto, (max-width: 640px) 100vw, 640px\" \/>Movimenta\u00e7\u00e3o em frente ao Hospital Regional de Vilhena, para onde foram socorridos os sobreviventes do acidente da BR-364 \u2014 Foto: Renato Barros\/G1 RO<\/p>\n<p style=\"text-align: justify;\" data-track-category=\"Link no Texto\" data-track-links=\"\">Fonte: G1<\/p>\n<\/div>\n<div class=\"content-ads content-ads--reveal\" data-block-type=\"ads\" data-block-id=\"21\">\n<div id=\"banner_materia__d18724cb-144f-4e6d-a3d5-02ffe4d985c0\" class=\"tag-manager-publicidade-container mc-has-reveal mc-has-ad-lazyload tag-manager-publicidade-banner_materia__d18724cb-144f-4e6d-a3d5-02ffe4d985c0 tag-manager-publicidade-container--carregado tag-manager-publicidade-container--visivel\" data-id=\"banner_materia__d18724cb-144f-4e6d-a3d5-02ffe4d985c0\" data-google-query-id=\"CNHsttib2-YCFbIE1AodrrsOJg\" data-cid=\"138298944268\" data-lid=\"5253777548\"><\/div>\n<\/div>\n<\/div>\n<\/div>\n","protected":false},"excerpt":{"rendered":"<p>Pai, m\u00e3e e filha de 2 anos morreram na trag\u00e9dia. Acidente ocorreu entre as cidades de Pimenta Bueno e Vilhena. Seis pessoas morreram e 26 ficaram feridas ap\u00f3s uma colis\u00e3o frontal entre uma carreta e um \u00f4nibus na BR-364, na noite de s\u00e1bado (28), entre as cidades de Vilhena (RO) e Pimenta Bueno (RO). Tr\u00eas [&hellip;]<\/p>\n","protected":false},"author":1,"featured_media":15228,"comment_status":"closed","ping_status":"open","sticky":false,"template":"","format":"standard","meta":{"footnotes":""},"categories":[170,110],"tags":[],"class_list":["post-15226","post","type-post","status-publish","format-standard","has-post-thumbnail","hentry","category-acidentes","category-noticiasdestaque"],"_links":{"self":[{"href":"https:\/\/jorgezanoni.com.br\/2019\/wp-json\/wp\/v2\/posts\/15226","targetHints":{"allow":["GET"]}}],"collection":[{"href":"https:\/\/jorgezanoni.com.br\/2019\/wp-json\/wp\/v2\/posts"}],"about":[{"href":"https:\/\/jorgezanoni.com.br\/2019\/wp-json\/wp\/v2\/types\/post"}],"author":[{"embeddable":true,"href":"https:\/\/jorgezanoni.com.br\/2019\/wp-json\/wp\/v2\/users\/1"}],"replies":[{"embeddable":true,"href":"https:\/\/jorgezanoni.com.br\/2019\/wp-json\/wp\/v2\/comments?post=15226"}],"version-history":[{"count":0,"href":"https:\/\/jorgezanoni.com.br\/2019\/wp-json\/wp\/v2\/posts\/15226\/revisions"}],"wp:featuredmedia":[{"embeddable":true,"href":"https:\/\/jorgezanoni.com.br\/2019\/wp-json\/wp\/v2\/media\/15228"}],"wp:attachment":[{"href":"https:\/\/jorgezanoni.com.br\/2019\/wp-json\/wp\/v2\/media?parent=15226"}],"wp:term":[{"taxonomy":"category","embeddable":true,"href":"https:\/\/jorgezanoni.com.br\/2019\/wp-json\/wp\/v2\/categories?post=15226"},{"taxonomy":"post_tag","embeddable":true,"href":"https:\/\/jorgezanoni.com.br\/2019\/wp-json\/wp\/v2\/tags?post=15226"}],"curies":[{"name":"wp","href":"https:\/\/api.w.org\/{rel}","templated":true}]}}