{"id":15163,"date":"2019-12-28T17:01:35","date_gmt":"2019-12-28T17:01:35","guid":{"rendered":"https:\/\/jorgezanoni.com.br\/2019\/?p=15163"},"modified":"2019-12-28T17:01:35","modified_gmt":"2019-12-28T17:01:35","slug":"dracena-registra-pior-indice-de-chuvas-dos-ultimos-34-anos","status":"publish","type":"post","link":"https:\/\/jorgezanoni.com.br\/2019\/dracena-registra-pior-indice-de-chuvas-dos-ultimos-34-anos\/","title":{"rendered":"Dracena registra pior \u00edndice de chuvas dos \u00faltimos 34 anos"},"content":{"rendered":"<h2 class=\"jeg_post_subtitle\" style=\"text-align: justify;\"><strong>A medi\u00e7\u00e3o das chuvas na cidade acontece desde 1952. Apenas tr\u00eas anos registraram n\u00fameros piores, sendo 1963, 1975 e 1985.<\/strong><\/h2>\n<p style=\"text-align: justify;\">O dracenense mais atento percebeu uma mudan\u00e7a clim\u00e1tica este ano. A pouca quantidade de chuva interferiu na vida da popula\u00e7\u00e3o. Segundo Paulo Martin, diretor do CDRS (Coordena\u00e7\u00e3o de Desenvolvimento Rural Sustent\u00e1vel), 2019 teve um dos piores \u00edndices de chuvas da hist\u00f3ria.<\/p>\n<div class=\"jeg_ad jeg_ad_article jnews_content_inline_ads  \" style=\"text-align: justify;\">\n<div class=\"ads-wrapper align-right \">\n<div class=\"ads_google_ads\">\u201cDesde quando come\u00e7amos as medi\u00e7\u00f5es em Dracena, 2019 foi o quarto pior ano em mil\u00edmetros de chuva. Para se ter uma ideia, esse ano foi o pior desde 1985\u201d, disse Martin. A medi\u00e7\u00e3o das chuvas em Dracena acontece desde 1952. Apenas tr\u00eas anos registraram n\u00fameros piores, foram eles: 1963, 1975 e 1985.<\/div>\n<div><\/div>\n<\/div>\n<\/div>\n<p style=\"text-align: justify;\">At\u00e9 a \u00faltima quinta-feira, 26, havia chovido 969 mm de \u00e1gua. Para se ter uma no\u00e7\u00e3o, a m\u00e9dia anual em Dracena \u00e9 de 1.321 mm de chuva ao ano. \u201cO n\u00edvel de precipita\u00e7\u00e3o foi muito abaixo da m\u00e9dia esse ano. Isso interfere bastante no dia a dia da popula\u00e7\u00e3o.<\/p>\n<p style=\"text-align: justify;\">Gra\u00e7as ao tempo seco, a sensa\u00e7\u00e3o t\u00e9rmica de diminui\u00e7\u00e3o das temperaturas \u00e9 r\u00e1pida. Acontece apenas aquela sensa\u00e7\u00e3o de frescor moment\u00e2nea, mas logo na sequ\u00eancia vem a sensa\u00e7\u00e3o de abafamento. Melhora um pouco a respira\u00e7\u00e3o, mas em seguida a sensa\u00e7\u00e3o de calor volta\u201d, completa Martin.<\/p>\n<p style=\"text-align: justify;\">Os meses de outubro e novembro foram muito abaixo da m\u00e9dia mensal. Em novembro, por exemplo, a m\u00e9dia registra 134 mm de chuva. Em 2019 o n\u00edvel ficou em apenas 68 mm. \u201cPode at\u00e9 haver chuvas, mas com o tempo seco n\u00e3o muda quase nada\u201d, completou Martin.<\/p>\n<p style=\"text-align: justify;\">Dezembro \u00e9 o m\u00eas que mais choveu at\u00e9 aqui. Inclusive at\u00e9 mais que m\u00e9dia hist\u00f3rica do mesmo per\u00edodo. Foram 226 mm de chuva at\u00e9 o dia 26. A m\u00e9dia referente ao \u00faltimo m\u00eas do ano \u00e9 de 172 mm de chuva.<\/p>\n<p>Fonte: Portal Regional<\/p>\n","protected":false},"excerpt":{"rendered":"<p>A medi\u00e7\u00e3o das chuvas na cidade acontece desde 1952. Apenas tr\u00eas anos registraram n\u00fameros piores, sendo 1963, 1975 e 1985. O dracenense mais atento percebeu uma mudan\u00e7a clim\u00e1tica este ano. A pouca quantidade de chuva interferiu na vida da popula\u00e7\u00e3o. Segundo Paulo Martin, diretor do CDRS (Coordena\u00e7\u00e3o de Desenvolvimento Rural Sustent\u00e1vel), 2019 teve um dos [&hellip;]<\/p>\n","protected":false},"author":1,"featured_media":15164,"comment_status":"closed","ping_status":"open","sticky":false,"template":"","format":"standard","meta":{"footnotes":""},"categories":[176,110],"tags":[],"class_list":["post-15163","post","type-post","status-publish","format-standard","has-post-thumbnail","hentry","category-meioambienteeagricultura","category-noticiasdestaque"],"_links":{"self":[{"href":"https:\/\/jorgezanoni.com.br\/2019\/wp-json\/wp\/v2\/posts\/15163","targetHints":{"allow":["GET"]}}],"collection":[{"href":"https:\/\/jorgezanoni.com.br\/2019\/wp-json\/wp\/v2\/posts"}],"about":[{"href":"https:\/\/jorgezanoni.com.br\/2019\/wp-json\/wp\/v2\/types\/post"}],"author":[{"embeddable":true,"href":"https:\/\/jorgezanoni.com.br\/2019\/wp-json\/wp\/v2\/users\/1"}],"replies":[{"embeddable":true,"href":"https:\/\/jorgezanoni.com.br\/2019\/wp-json\/wp\/v2\/comments?post=15163"}],"version-history":[{"count":0,"href":"https:\/\/jorgezanoni.com.br\/2019\/wp-json\/wp\/v2\/posts\/15163\/revisions"}],"wp:featuredmedia":[{"embeddable":true,"href":"https:\/\/jorgezanoni.com.br\/2019\/wp-json\/wp\/v2\/media\/15164"}],"wp:attachment":[{"href":"https:\/\/jorgezanoni.com.br\/2019\/wp-json\/wp\/v2\/media?parent=15163"}],"wp:term":[{"taxonomy":"category","embeddable":true,"href":"https:\/\/jorgezanoni.com.br\/2019\/wp-json\/wp\/v2\/categories?post=15163"},{"taxonomy":"post_tag","embeddable":true,"href":"https:\/\/jorgezanoni.com.br\/2019\/wp-json\/wp\/v2\/tags?post=15163"}],"curies":[{"name":"wp","href":"https:\/\/api.w.org\/{rel}","templated":true}]}}