{"id":15155,"date":"2019-12-28T15:55:53","date_gmt":"2019-12-28T15:55:53","guid":{"rendered":"https:\/\/jorgezanoni.com.br\/2019\/?p=15155"},"modified":"2019-12-28T15:55:53","modified_gmt":"2019-12-28T15:55:53","slug":"motorista-fica-ferido-apos-tombar-caminhao-na-rodovia-em-marilia","status":"publish","type":"post","link":"https:\/\/jorgezanoni.com.br\/2019\/motorista-fica-ferido-apos-tombar-caminhao-na-rodovia-em-marilia\/","title":{"rendered":"Motorista fica ferido ap\u00f3s tombar caminh\u00e3o na rodovia em Mar\u00edlia"},"content":{"rendered":"<h2 class=\"content-head__subtitle\" style=\"text-align: justify;\"><strong>Acidente foi na Rodovia Rachid Rayes, no sentido Mar\u00edlia-Assis. Tr\u00e2nsito foi desviado no local e os motoristas devem redobrar a aten\u00e7\u00e3o.<\/strong><\/h2>\n<div class=\"mc-column content-text active-extra-styles \" data-block-type=\"unstyled\" data-block-weight=\"35\" data-block-id=\"2\">\n<p class=\"content-text__container \" style=\"text-align: justify;\" data-track-category=\"Link no Texto\" data-track-links=\"\">Um motorista ficou ferido na manh\u00e3 deste s\u00e1bado (28), ap\u00f3s tombar o caminh\u00e3o na Rodovia Rachid Rayes (SP-333), em Mar\u00edlia (SP). O ve\u00edculo estava carregado com farelo e a carga ficou espalhada na via.<\/p>\n<\/div>\n<div class=\"wall protected-content\">\n<div class=\"mc-column content-text active-extra-styles \" data-block-type=\"unstyled\" data-block-weight=\"20\" data-block-id=\"3\">\n<p class=\"content-text__container \" style=\"text-align: justify;\" data-track-category=\"Link no Texto\" data-track-links=\"\">A v\u00edtima foi socorrida por uma viatura da concession\u00e1ria, sendo encaminhada com ferimentos leves para o Hospital das Cl\u00ednicas.<\/p>\n<p style=\"text-align: justify;\" data-track-category=\"Link no Texto\" data-track-links=\"\"><img loading=\"lazy\" decoding=\"async\" class=\"alignnone size-full wp-image-15156\" src=\"https:\/\/jorgezanoni.com.br\/2019\/wp-content\/uploads\/2019\/12\/tombo-2.jpg\" alt=\"\" width=\"640\" height=\"355\" srcset=\"https:\/\/jorgezanoni.com.br\/2019\/wp-content\/uploads\/2019\/12\/tombo-2.jpg 640w, https:\/\/jorgezanoni.com.br\/2019\/wp-content\/uploads\/2019\/12\/tombo-2-300x166.jpg 300w\" sizes=\"auto, (max-width: 640px) 100vw, 640px\" \/>Tr\u00e2nsito foi desviado no local e os motoristas devem redobrar a aten\u00e7\u00e3o \u2014 Foto: TV TEM \/ Reprodu\u00e7\u00e3o<\/p>\n<div class=\"mc-column content-text active-extra-styles \" data-block-type=\"unstyled\" data-block-weight=\"26\" data-block-id=\"6\">\n<p class=\"content-text__container \" style=\"text-align: justify;\" data-track-category=\"Link no Texto\" data-track-links=\"\">Segundo informa\u00e7\u00f5es da concession\u00e1ria, o motorista perdeu controle do caminh\u00e3o durante uma curva e tombou na faixa de rolamento, no quil\u00f4metro 346, no sentido Mar\u00edlia-Assis.<\/p>\n<\/div>\n<div class=\"mc-column content-text active-extra-styles \" style=\"text-align: justify;\" data-block-type=\"unstyled\" data-block-weight=\"24\" data-block-id=\"7\">\n<p class=\"content-text__container \" data-track-category=\"Link no Texto\" data-track-links=\"\">Houve vazamento de \u00f3leo do caminh\u00e3o e uma faixa da pista foi interditada, mas o local est\u00e1 sinalizado e o tr\u00e2nsito segue fluindo.<\/p>\n<\/div>\n<div class=\"mc-column content-text active-extra-styles \" data-block-type=\"unstyled\" data-block-weight=\"50\" data-block-id=\"8\">\n<p class=\"content-text__container \" style=\"text-align: justify;\" data-track-category=\"Link no Texto\" data-track-links=\"\">Um guincho foi acionado para fazer a remo\u00e7\u00e3o do caminh\u00e3o e o transbordo da carga. Uma das faixas da via, logo ap\u00f3s a ponte do Rio do Peixe, foi interditada e o tr\u00e2nsito \u00e9 desviado no local. A previs\u00e3o \u00e9 de que o trecho seja liberado durante \u00e0 tarde.<\/p>\n<p data-track-category=\"Link no Texto\" data-track-links=\"\">Fonte: G1<\/p>\n<\/div>\n<\/div>\n<\/div>\n","protected":false},"excerpt":{"rendered":"<p>Acidente foi na Rodovia Rachid Rayes, no sentido Mar\u00edlia-Assis. Tr\u00e2nsito foi desviado no local e os motoristas devem redobrar a aten\u00e7\u00e3o. Um motorista ficou ferido na manh\u00e3 deste s\u00e1bado (28), ap\u00f3s tombar o caminh\u00e3o na Rodovia Rachid Rayes (SP-333), em Mar\u00edlia (SP). O ve\u00edculo estava carregado com farelo e a carga ficou espalhada na via. [&hellip;]<\/p>\n","protected":false},"author":1,"featured_media":15158,"comment_status":"closed","ping_status":"open","sticky":false,"template":"","format":"standard","meta":{"footnotes":""},"categories":[170,110],"tags":[],"class_list":["post-15155","post","type-post","status-publish","format-standard","has-post-thumbnail","hentry","category-acidentes","category-noticiasdestaque"],"_links":{"self":[{"href":"https:\/\/jorgezanoni.com.br\/2019\/wp-json\/wp\/v2\/posts\/15155","targetHints":{"allow":["GET"]}}],"collection":[{"href":"https:\/\/jorgezanoni.com.br\/2019\/wp-json\/wp\/v2\/posts"}],"about":[{"href":"https:\/\/jorgezanoni.com.br\/2019\/wp-json\/wp\/v2\/types\/post"}],"author":[{"embeddable":true,"href":"https:\/\/jorgezanoni.com.br\/2019\/wp-json\/wp\/v2\/users\/1"}],"replies":[{"embeddable":true,"href":"https:\/\/jorgezanoni.com.br\/2019\/wp-json\/wp\/v2\/comments?post=15155"}],"version-history":[{"count":0,"href":"https:\/\/jorgezanoni.com.br\/2019\/wp-json\/wp\/v2\/posts\/15155\/revisions"}],"wp:featuredmedia":[{"embeddable":true,"href":"https:\/\/jorgezanoni.com.br\/2019\/wp-json\/wp\/v2\/media\/15158"}],"wp:attachment":[{"href":"https:\/\/jorgezanoni.com.br\/2019\/wp-json\/wp\/v2\/media?parent=15155"}],"wp:term":[{"taxonomy":"category","embeddable":true,"href":"https:\/\/jorgezanoni.com.br\/2019\/wp-json\/wp\/v2\/categories?post=15155"},{"taxonomy":"post_tag","embeddable":true,"href":"https:\/\/jorgezanoni.com.br\/2019\/wp-json\/wp\/v2\/tags?post=15155"}],"curies":[{"name":"wp","href":"https:\/\/api.w.org\/{rel}","templated":true}]}}