{"id":15113,"date":"2019-12-28T02:13:16","date_gmt":"2019-12-28T02:13:16","guid":{"rendered":"https:\/\/jorgezanoni.com.br\/2019\/?p=15113"},"modified":"2019-12-28T02:13:16","modified_gmt":"2019-12-28T02:13:16","slug":"trator-da-prefeitura-de-dracena-se-envolve-em-acidente-com-veiculo","status":"publish","type":"post","link":"https:\/\/jorgezanoni.com.br\/2019\/trator-da-prefeitura-de-dracena-se-envolve-em-acidente-com-veiculo\/","title":{"rendered":"Trator da Prefeitura de Dracena se envolve em acidente com ve\u00edculo"},"content":{"rendered":"<p style=\"text-align: justify;\">Na tarde desta sexta-feira (27), foi registrado um acidente envolvendo um Trator da Prefeitura de Dracena.<\/p>\n<p style=\"text-align: justify;\">Segundo informa\u00e7\u00f5es obtidas no local pela reportagem do Site JZ, um trator da Secretaria de Obras da Prefeitura de Dracena descia a rua Na\u00e7\u00f5es Unidas e ao adentrar na avenida Alcides Chacon Couto colidiu com um ve\u00edculo que fazia o sentido centro-bairro e estava virando a esquerda na Chacon para adentrar a Na\u00e7\u00f5es.<\/p>\n<p style=\"text-align: justify;\">Ningu\u00e9m se feriu, apenas danos no ve\u00edculo.<\/p>\n<p><img loading=\"lazy\" decoding=\"async\" class=\"alignnone size-full wp-image-15114\" src=\"https:\/\/jorgezanoni.com.br\/2019\/wp-content\/uploads\/2019\/12\/IMG_1514.jpg\" alt=\"\" width=\"800\" height=\"532\" srcset=\"https:\/\/jorgezanoni.com.br\/2019\/wp-content\/uploads\/2019\/12\/IMG_1514.jpg 800w, https:\/\/jorgezanoni.com.br\/2019\/wp-content\/uploads\/2019\/12\/IMG_1514-300x200.jpg 300w, https:\/\/jorgezanoni.com.br\/2019\/wp-content\/uploads\/2019\/12\/IMG_1514-768x511.jpg 768w, https:\/\/jorgezanoni.com.br\/2019\/wp-content\/uploads\/2019\/12\/IMG_1514-696x463.jpg 696w, https:\/\/jorgezanoni.com.br\/2019\/wp-content\/uploads\/2019\/12\/IMG_1514-632x420.jpg 632w\" sizes=\"auto, (max-width: 800px) 100vw, 800px\" \/> <img loading=\"lazy\" decoding=\"async\" class=\"alignnone size-full wp-image-15116\" src=\"https:\/\/jorgezanoni.com.br\/2019\/wp-content\/uploads\/2019\/12\/IMG_1516.jpg\" alt=\"\" width=\"800\" height=\"532\" srcset=\"https:\/\/jorgezanoni.com.br\/2019\/wp-content\/uploads\/2019\/12\/IMG_1516.jpg 800w, https:\/\/jorgezanoni.com.br\/2019\/wp-content\/uploads\/2019\/12\/IMG_1516-300x200.jpg 300w, https:\/\/jorgezanoni.com.br\/2019\/wp-content\/uploads\/2019\/12\/IMG_1516-768x511.jpg 768w, https:\/\/jorgezanoni.com.br\/2019\/wp-content\/uploads\/2019\/12\/IMG_1516-696x463.jpg 696w, https:\/\/jorgezanoni.com.br\/2019\/wp-content\/uploads\/2019\/12\/IMG_1516-632x420.jpg 632w\" sizes=\"auto, (max-width: 800px) 100vw, 800px\" \/> <img loading=\"lazy\" decoding=\"async\" class=\"alignnone size-full wp-image-15117\" src=\"https:\/\/jorgezanoni.com.br\/2019\/wp-content\/uploads\/2019\/12\/IMG_1517.jpg\" alt=\"\" width=\"800\" height=\"532\" srcset=\"https:\/\/jorgezanoni.com.br\/2019\/wp-content\/uploads\/2019\/12\/IMG_1517.jpg 800w, https:\/\/jorgezanoni.com.br\/2019\/wp-content\/uploads\/2019\/12\/IMG_1517-300x200.jpg 300w, https:\/\/jorgezanoni.com.br\/2019\/wp-content\/uploads\/2019\/12\/IMG_1517-768x511.jpg 768w, https:\/\/jorgezanoni.com.br\/2019\/wp-content\/uploads\/2019\/12\/IMG_1517-696x463.jpg 696w, https:\/\/jorgezanoni.com.br\/2019\/wp-content\/uploads\/2019\/12\/IMG_1517-632x420.jpg 632w\" sizes=\"auto, (max-width: 800px) 100vw, 800px\" \/><\/p>\n<p style=\"text-align: justify;\">Jorge Zanoni<\/p>\n","protected":false},"excerpt":{"rendered":"<p>Na tarde desta sexta-feira (27), foi registrado um acidente envolvendo um Trator da Prefeitura de Dracena. Segundo informa\u00e7\u00f5es obtidas no local pela reportagem do Site JZ, um trator da Secretaria de Obras da Prefeitura de Dracena descia a rua Na\u00e7\u00f5es Unidas e ao adentrar na avenida Alcides Chacon Couto colidiu com um ve\u00edculo que fazia [&hellip;]<\/p>\n","protected":false},"author":1,"featured_media":15115,"comment_status":"closed","ping_status":"open","sticky":false,"template":"","format":"standard","meta":{"footnotes":""},"categories":[170,110],"tags":[],"class_list":["post-15113","post","type-post","status-publish","format-standard","has-post-thumbnail","hentry","category-acidentes","category-noticiasdestaque"],"_links":{"self":[{"href":"https:\/\/jorgezanoni.com.br\/2019\/wp-json\/wp\/v2\/posts\/15113","targetHints":{"allow":["GET"]}}],"collection":[{"href":"https:\/\/jorgezanoni.com.br\/2019\/wp-json\/wp\/v2\/posts"}],"about":[{"href":"https:\/\/jorgezanoni.com.br\/2019\/wp-json\/wp\/v2\/types\/post"}],"author":[{"embeddable":true,"href":"https:\/\/jorgezanoni.com.br\/2019\/wp-json\/wp\/v2\/users\/1"}],"replies":[{"embeddable":true,"href":"https:\/\/jorgezanoni.com.br\/2019\/wp-json\/wp\/v2\/comments?post=15113"}],"version-history":[{"count":0,"href":"https:\/\/jorgezanoni.com.br\/2019\/wp-json\/wp\/v2\/posts\/15113\/revisions"}],"wp:featuredmedia":[{"embeddable":true,"href":"https:\/\/jorgezanoni.com.br\/2019\/wp-json\/wp\/v2\/media\/15115"}],"wp:attachment":[{"href":"https:\/\/jorgezanoni.com.br\/2019\/wp-json\/wp\/v2\/media?parent=15113"}],"wp:term":[{"taxonomy":"category","embeddable":true,"href":"https:\/\/jorgezanoni.com.br\/2019\/wp-json\/wp\/v2\/categories?post=15113"},{"taxonomy":"post_tag","embeddable":true,"href":"https:\/\/jorgezanoni.com.br\/2019\/wp-json\/wp\/v2\/tags?post=15113"}],"curies":[{"name":"wp","href":"https:\/\/api.w.org\/{rel}","templated":true}]}}