{"id":15101,"date":"2019-12-27T22:01:32","date_gmt":"2019-12-27T22:01:32","guid":{"rendered":"https:\/\/jorgezanoni.com.br\/2019\/?p=15101"},"modified":"2019-12-27T22:01:32","modified_gmt":"2019-12-27T22:01:32","slug":"policia-militar-de-pauliceia-recupera-duas-motos-furtadas-em-dracena-nesta-madrugada","status":"publish","type":"post","link":"https:\/\/jorgezanoni.com.br\/2019\/policia-militar-de-pauliceia-recupera-duas-motos-furtadas-em-dracena-nesta-madrugada\/","title":{"rendered":"Pol\u00edcia Militar de Paulic\u00e9ia recupera duas motos furtadas em Dracena nesta madrugada"},"content":{"rendered":"<p style=\"text-align: justify;\">AP\u00d3S HORAS DE BUSCAS, POL\u00cdCIA MILITAR DE PAULIC\u00c9IA, PRENDE AUTORES E RECUPERA DUAS MOTOCICLETAS FURTADAS.<\/p>\n<p style=\"text-align: justify;\">Pela manh\u00e3 do dia (27), a Policia Civil do munic\u00edpio de Brasil\u00e2ndia\/MS visualizou 02 (dois) motociclistas em atitude suspeita pr\u00f3ximo a ponte da divisa, que liga os estados de SP e MS. Entraram em contato informando a Pol\u00edcia Militar de Paulic\u00e9ia, que de imediato, com apoio das outras viaturas, seguiram para a divisa, onde ap\u00f3s a dupla visualizar as viaturas empreenderam fuga abandonando 02 (duas) motocicletas no local. Iniciaram as buscas durante 06 horas ininterruptas e juntamente com apoio do helic\u00f3ptero \u00c1guia, lograram \u00eaxito em localizar e deter os dois indiv\u00edduos (18 e 23 anos). Na abordagem constatou que um deles era foragido do sistema penitenci\u00e1rio. Ambos confessaram a pr\u00e1tica do furto das motocicletas ocorrido na cidade de Dracena durante a madrugada. Foram apresentados juntamente com as motocicletas na delegacia de Paulic\u00e9ia, onde a ocorr\u00eancia est\u00e1 sendo elaborada.<\/p>\n<p style=\"text-align: justify;\">Fonte: Com. Social Pol\u00edcia Militar<\/p>\n","protected":false},"excerpt":{"rendered":"<p>AP\u00d3S HORAS DE BUSCAS, POL\u00cdCIA MILITAR DE PAULIC\u00c9IA, PRENDE AUTORES E RECUPERA DUAS MOTOCICLETAS FURTADAS. Pela manh\u00e3 do dia (27), a Policia Civil do munic\u00edpio de Brasil\u00e2ndia\/MS visualizou 02 (dois) motociclistas em atitude suspeita pr\u00f3ximo a ponte da divisa, que liga os estados de SP e MS. Entraram em contato informando a Pol\u00edcia Militar de [&hellip;]<\/p>\n","protected":false},"author":1,"featured_media":15102,"comment_status":"closed","ping_status":"open","sticky":false,"template":"","format":"standard","meta":{"footnotes":""},"categories":[110,2],"tags":[],"class_list":["post-15101","post","type-post","status-publish","format-standard","has-post-thumbnail","hentry","category-noticiasdestaque","category-policial"],"_links":{"self":[{"href":"https:\/\/jorgezanoni.com.br\/2019\/wp-json\/wp\/v2\/posts\/15101","targetHints":{"allow":["GET"]}}],"collection":[{"href":"https:\/\/jorgezanoni.com.br\/2019\/wp-json\/wp\/v2\/posts"}],"about":[{"href":"https:\/\/jorgezanoni.com.br\/2019\/wp-json\/wp\/v2\/types\/post"}],"author":[{"embeddable":true,"href":"https:\/\/jorgezanoni.com.br\/2019\/wp-json\/wp\/v2\/users\/1"}],"replies":[{"embeddable":true,"href":"https:\/\/jorgezanoni.com.br\/2019\/wp-json\/wp\/v2\/comments?post=15101"}],"version-history":[{"count":0,"href":"https:\/\/jorgezanoni.com.br\/2019\/wp-json\/wp\/v2\/posts\/15101\/revisions"}],"wp:featuredmedia":[{"embeddable":true,"href":"https:\/\/jorgezanoni.com.br\/2019\/wp-json\/wp\/v2\/media\/15102"}],"wp:attachment":[{"href":"https:\/\/jorgezanoni.com.br\/2019\/wp-json\/wp\/v2\/media?parent=15101"}],"wp:term":[{"taxonomy":"category","embeddable":true,"href":"https:\/\/jorgezanoni.com.br\/2019\/wp-json\/wp\/v2\/categories?post=15101"},{"taxonomy":"post_tag","embeddable":true,"href":"https:\/\/jorgezanoni.com.br\/2019\/wp-json\/wp\/v2\/tags?post=15101"}],"curies":[{"name":"wp","href":"https:\/\/api.w.org\/{rel}","templated":true}]}}