{"id":15088,"date":"2019-12-27T15:42:12","date_gmt":"2019-12-27T15:42:12","guid":{"rendered":"https:\/\/jorgezanoni.com.br\/2019\/?p=15088"},"modified":"2019-12-27T15:42:12","modified_gmt":"2019-12-27T15:42:12","slug":"funcionario-da-prefeitura-fica-gravemente-ferido-apos-trator-passar-sobre-o-seu-corpo","status":"publish","type":"post","link":"https:\/\/jorgezanoni.com.br\/2019\/funcionario-da-prefeitura-fica-gravemente-ferido-apos-trator-passar-sobre-o-seu-corpo\/","title":{"rendered":"Funcion\u00e1rio da Prefeitura fica gravemente ferido ap\u00f3s trator passar sobre o seu corpo"},"content":{"rendered":"<p style=\"text-align: justify;\"><strong>Um funcion\u00e1rio da Secretaria Municipal de Obras, da Prefeitura de Adamantina ficou gravemente ferido em decorr\u00eancia de um acidente ocorrido na manh\u00e3 desta sexta-feira (27) no Parque dos Pioneiros.<\/strong><\/p>\n<p>Segundo as primeiras informa\u00e7\u00f5es, o acidente ocorreu enquanto a v\u00edtima trabalhava nas obras que est\u00e3o em fase final no local.<\/p>\n<p>A v\u00edtima estaria trabalhando pr\u00f3ximo ao pneu traseiro do trator quando o ve\u00edculo movimentou-se e passou sobre o seu corpo<em>.<br \/>\n<\/em><br \/>\nO Corpo de Bombeiros foi acionado para realizar os primeiros atendimentos de socorro \u00e0 v\u00edtima que foi levada ao Pronto-Socorro da Santa Casa, onde est\u00e1 sob cuidados m\u00e9dicos, conforme informou a Prefeitura de Adamantina atrav\u00e9s de nota emitida momentos antes da postagem desta not\u00edcia.<\/p>\n<p>A Pol\u00edcia Militar registrou a ocorr\u00eancia e preservou o local do acidente para a realiza\u00e7\u00e3o de per\u00edcia da Pol\u00edcia Cient\u00edfica.<\/p>\n<p style=\"text-align: justify;\">A Prefeitura informou tamb\u00e9m que presta todo o apoio necess\u00e1rio ao funcion\u00e1rio e familiares.<\/p>\n<p style=\"text-align: justify;\">Fonte: adamantinanet.com.br<\/p>\n","protected":false},"excerpt":{"rendered":"<p>Um funcion\u00e1rio da Secretaria Municipal de Obras, da Prefeitura de Adamantina ficou gravemente ferido em decorr\u00eancia de um acidente ocorrido na manh\u00e3 desta sexta-feira (27) no Parque dos Pioneiros. Segundo as primeiras informa\u00e7\u00f5es, o acidente ocorreu enquanto a v\u00edtima trabalhava nas obras que est\u00e3o em fase final no local. A v\u00edtima estaria trabalhando pr\u00f3ximo ao [&hellip;]<\/p>\n","protected":false},"author":1,"featured_media":15089,"comment_status":"closed","ping_status":"open","sticky":false,"template":"","format":"standard","meta":{"footnotes":""},"categories":[170,110],"tags":[],"class_list":["post-15088","post","type-post","status-publish","format-standard","has-post-thumbnail","hentry","category-acidentes","category-noticiasdestaque"],"_links":{"self":[{"href":"https:\/\/jorgezanoni.com.br\/2019\/wp-json\/wp\/v2\/posts\/15088","targetHints":{"allow":["GET"]}}],"collection":[{"href":"https:\/\/jorgezanoni.com.br\/2019\/wp-json\/wp\/v2\/posts"}],"about":[{"href":"https:\/\/jorgezanoni.com.br\/2019\/wp-json\/wp\/v2\/types\/post"}],"author":[{"embeddable":true,"href":"https:\/\/jorgezanoni.com.br\/2019\/wp-json\/wp\/v2\/users\/1"}],"replies":[{"embeddable":true,"href":"https:\/\/jorgezanoni.com.br\/2019\/wp-json\/wp\/v2\/comments?post=15088"}],"version-history":[{"count":0,"href":"https:\/\/jorgezanoni.com.br\/2019\/wp-json\/wp\/v2\/posts\/15088\/revisions"}],"wp:featuredmedia":[{"embeddable":true,"href":"https:\/\/jorgezanoni.com.br\/2019\/wp-json\/wp\/v2\/media\/15089"}],"wp:attachment":[{"href":"https:\/\/jorgezanoni.com.br\/2019\/wp-json\/wp\/v2\/media?parent=15088"}],"wp:term":[{"taxonomy":"category","embeddable":true,"href":"https:\/\/jorgezanoni.com.br\/2019\/wp-json\/wp\/v2\/categories?post=15088"},{"taxonomy":"post_tag","embeddable":true,"href":"https:\/\/jorgezanoni.com.br\/2019\/wp-json\/wp\/v2\/tags?post=15088"}],"curies":[{"name":"wp","href":"https:\/\/api.w.org\/{rel}","templated":true}]}}