{"id":15062,"date":"2019-12-27T12:02:20","date_gmt":"2019-12-27T12:02:20","guid":{"rendered":"https:\/\/jorgezanoni.com.br\/2019\/?p=15062"},"modified":"2019-12-27T12:02:20","modified_gmt":"2019-12-27T12:02:20","slug":"aviao-com-cerca-de-100-pessoas-cai-no-cazaquistao-e-deixa-mortos","status":"publish","type":"post","link":"https:\/\/jorgezanoni.com.br\/2019\/aviao-com-cerca-de-100-pessoas-cai-no-cazaquistao-e-deixa-mortos\/","title":{"rendered":"Avi\u00e3o com cerca de 100 pessoas cai no Cazaquist\u00e3o e deixa mortos"},"content":{"rendered":"<h2 class=\"content-head__subtitle\" style=\"text-align: justify;\"><strong>Mais de 90 passageiros e 5 tripulantes estavam a bordo da aeronave que caiu em Almaty, maior cidade do pa\u00eds. Ao menos 12 mortes foram confirmadas.<\/strong><\/h2>\n<div class=\"mc-column content-text active-extra-styles \" data-block-type=\"unstyled\" data-block-weight=\"65\" data-block-id=\"2\">\n<p class=\"content-text__container \" style=\"text-align: justify;\" data-track-category=\"Link no Texto\" data-track-links=\"\">Um avi\u00e3o com mais de 90 passageiros e 5 tripulantes caiu no Cazaquist\u00e3o nesta sexta-feira (27) e deixou 12 mortos. Autoridades chegaram a dizer que ao menos 15 pessoas tinham morrido, segundo a ag\u00eancia de not\u00edcias Reuters, mas corrigiram a informa\u00e7\u00e3o depois. Ainda n\u00e3o est\u00e1 claro o que provocou a queda. A suspeita \u00e9 que tenha havido falha nos procedimentos de seguran\u00e7a antes do voo.<\/p>\n<\/div>\n<div class=\"wall protected-content\">\n<div class=\"mc-column content-text active-extra-styles \" data-block-type=\"unstyled\" data-block-weight=\"36\" data-block-id=\"3\">\n<p class=\"content-text__container \" style=\"text-align: justify;\" data-track-category=\"Link no Texto\" data-track-links=\"\">O acidente aconteceu logo ap\u00f3s a decolagem, \u00e0s 7h da manh\u00e3 do hor\u00e1rio local (22h de quinta-feira em Bras\u00edlia). A aeronave perdeu altitude, atravessou um muro de concreto e atingiu uma casa de dois andares.<\/p>\n<div class=\"mc-column content-text active-extra-styles \" style=\"text-align: justify;\" data-block-type=\"unstyled\" data-block-weight=\"27\" data-block-id=\"5\">\n<p class=\"content-text__container \" data-track-category=\"Link no Texto\" data-track-links=\"\">Ao menos 66 pessoas foram levados a hospitais, sendo 17 &#8220;internados em estado extremamente grave&#8221;, segundo a prefeitura de Almaty. Equipes de socorro atuam no local.<\/p>\n<\/div>\n<div class=\"mc-column content-text active-extra-styles \" data-block-type=\"unstyled\" data-block-weight=\"16\" data-block-id=\"6\">\n<p class=\"content-text__container \" style=\"text-align: justify;\" data-track-category=\"Link no Texto\" data-track-links=\"\">O avi\u00e3o decolou de Almaty, a maior cidade do pa\u00eds, com destino Nursultan, a capital.<\/p>\n<div class=\"mc-column content-text active-extra-styles \" style=\"text-align: justify;\" data-block-type=\"unstyled\" data-block-weight=\"13\" data-block-id=\"8\">\n<p class=\"content-text__container \" data-track-category=\"Link no Texto\" data-track-links=\"\">\u00a0aeronave \u00e9 uma Fokker 100 e pertence \u00e0 empresa Bek Air.<\/p>\n<\/div>\n<div class=\"mc-column content-text active-extra-styles \" style=\"text-align: justify;\" data-block-type=\"unstyled\" data-block-weight=\"23\" data-block-id=\"9\">\n<p class=\"content-text__container \" data-track-category=\"Link no Texto\" data-track-links=\"\">Imagens publicadas pelo comit\u00ea de Situa\u00e7\u00f5es de Emerg\u00eancia mostraram o avi\u00e3o dividido em duas partes, com a frente em uma casa parcialmente destru\u00edda.<\/p>\n<\/div>\n<div class=\"mc-column content-text active-extra-styles \" data-block-type=\"unstyled\" data-block-weight=\"27\" data-block-id=\"10\">\n<p class=\"content-text__container \" style=\"text-align: justify;\" data-track-category=\"Link no Texto\" data-track-links=\"\">O minist\u00e9rio do interior do pa\u00eds abriu uma investiga\u00e7\u00e3o sobre a causa do acidente e j\u00e1 considera que houve falha nas regras de seguran\u00e7a antes do voo.<\/p>\n<div class=\"mc-column content-text active-extra-styles \" style=\"text-align: justify;\" data-block-type=\"unstyled\" data-block-weight=\"23\" data-block-id=\"12\">\n<p class=\"content-text__container \" data-track-category=\"Link no Texto\" data-track-links=\"\">Em mensagem publicada em uma rede social, o presidente Kassym-Jomart Tokayev declarou que &#8220;os respons\u00e1veis ser\u00e3o castigados severamente, de acordo com a lei&#8221;.<\/p>\n<\/div>\n<div class=\"mc-column content-text active-extra-styles \" style=\"text-align: justify;\" data-block-type=\"unstyled\" data-block-weight=\"29\" data-block-id=\"13\">\n<p class=\"content-text__container \" data-track-category=\"Link no Texto\" data-track-links=\"\">&#8220;Antes de cair, a aeronave tocou a pista com a cauda duas vezes, o trem de pouso estava recolhido&#8221;, disse o vice-primeiro-ministro, Roman Sklyar, a rep\u00f3rteres, segundo a Reuters.<\/p>\n<\/div>\n<div class=\"mc-column content-text active-extra-styles \" style=\"text-align: justify;\" data-block-type=\"unstyled\" data-block-weight=\"21\" data-block-id=\"14\">\n<p class=\"content-text__container \" data-track-category=\"Link no Texto\" data-track-links=\"\">Uma sobrevivente disse ao site de not\u00edcias Tengrinews que ouviu um &#8220;som aterrorizante&#8221; antes de o avi\u00e3o come\u00e7ar a perder altitude.<\/p>\n<\/div>\n<div data-track-category=\"multicontent\" data-track-action=\"ultimo chunk conteudo\" data-track-noninteraction=\"false\" data-track-scroll=\"view\">\n<div class=\"mc-column content-text active-extra-styles \" data-block-type=\"unstyled\" data-block-weight=\"15\" data-block-id=\"15\">\n<p class=\"content-text__container \" style=\"text-align: justify;\" data-track-category=\"Link no Texto\" data-track-links=\"\">&#8220;O avi\u00e3o estava voando inclinado. Tudo era como um filme: berros, gritos, pessoas chorando&#8221;, contou.<\/p>\n<p style=\"text-align: justify;\" data-track-category=\"Link no Texto\" data-track-links=\"\">Fonte: https:\/\/g1.globo.com\/mundo\/noticia\/2019\/12\/27\/aviao-cai-no-cazaquistao-e-deixa-mortos.ghtml<\/p>\n<\/div>\n<\/div>\n<\/div>\n<\/div>\n<\/div>\n<\/div>\n","protected":false},"excerpt":{"rendered":"<p>Mais de 90 passageiros e 5 tripulantes estavam a bordo da aeronave que caiu em Almaty, maior cidade do pa\u00eds. Ao menos 12 mortes foram confirmadas. Um avi\u00e3o com mais de 90 passageiros e 5 tripulantes caiu no Cazaquist\u00e3o nesta sexta-feira (27) e deixou 12 mortos. Autoridades chegaram a dizer que ao menos 15 pessoas [&hellip;]<\/p>\n","protected":false},"author":1,"featured_media":15063,"comment_status":"closed","ping_status":"open","sticky":false,"template":"","format":"standard","meta":{"footnotes":""},"categories":[170,110],"tags":[],"class_list":["post-15062","post","type-post","status-publish","format-standard","has-post-thumbnail","hentry","category-acidentes","category-noticiasdestaque"],"_links":{"self":[{"href":"https:\/\/jorgezanoni.com.br\/2019\/wp-json\/wp\/v2\/posts\/15062","targetHints":{"allow":["GET"]}}],"collection":[{"href":"https:\/\/jorgezanoni.com.br\/2019\/wp-json\/wp\/v2\/posts"}],"about":[{"href":"https:\/\/jorgezanoni.com.br\/2019\/wp-json\/wp\/v2\/types\/post"}],"author":[{"embeddable":true,"href":"https:\/\/jorgezanoni.com.br\/2019\/wp-json\/wp\/v2\/users\/1"}],"replies":[{"embeddable":true,"href":"https:\/\/jorgezanoni.com.br\/2019\/wp-json\/wp\/v2\/comments?post=15062"}],"version-history":[{"count":0,"href":"https:\/\/jorgezanoni.com.br\/2019\/wp-json\/wp\/v2\/posts\/15062\/revisions"}],"wp:featuredmedia":[{"embeddable":true,"href":"https:\/\/jorgezanoni.com.br\/2019\/wp-json\/wp\/v2\/media\/15063"}],"wp:attachment":[{"href":"https:\/\/jorgezanoni.com.br\/2019\/wp-json\/wp\/v2\/media?parent=15062"}],"wp:term":[{"taxonomy":"category","embeddable":true,"href":"https:\/\/jorgezanoni.com.br\/2019\/wp-json\/wp\/v2\/categories?post=15062"},{"taxonomy":"post_tag","embeddable":true,"href":"https:\/\/jorgezanoni.com.br\/2019\/wp-json\/wp\/v2\/tags?post=15062"}],"curies":[{"name":"wp","href":"https:\/\/api.w.org\/{rel}","templated":true}]}}