{"id":15049,"date":"2019-12-27T11:33:24","date_gmt":"2019-12-27T11:33:24","guid":{"rendered":"https:\/\/jorgezanoni.com.br\/2019\/?p=15049"},"modified":"2019-12-27T11:33:24","modified_gmt":"2019-12-27T11:33:24","slug":"chef-gabriel-coelho-de-presidente-venceslau-vence-a-final-do-reality-mestre-do-sabor","status":"publish","type":"post","link":"https:\/\/jorgezanoni.com.br\/2019\/chef-gabriel-coelho-de-presidente-venceslau-vence-a-final-do-reality-mestre-do-sabor\/","title":{"rendered":"Chef Gabriel Coelho, de Presidente Venceslau, vence a final do reality Mestre do Sabor"},"content":{"rendered":"<h2 class=\"content-head__subtitle\" style=\"text-align: justify;\"><strong>Venceslauense disputou a grande final com Dudu Poerner e sagrou-se campe\u00e3o, nesta quinta-feira (26).<\/strong><\/h2>\n<div class=\"mc-column content-text active-extra-styles \" data-block-type=\"unstyled\" data-block-weight=\"33\" data-block-id=\"2\">\n<p class=\"content-text__container \" style=\"text-align: justify;\" data-track-category=\"Link no Texto\" data-track-links=\"\">O chef Gabriel Coelho, de\u00a0<a href=\"https:\/\/g1.globo.com\/sp\/presidente-prudente-regiao\/cidade\/presidente-venceslau\/\">Presidente Venceslau<\/a>, foi campe\u00e3o do programa\u00a0<a href=\"https:\/\/gshow.globo.com\/realities\/mestre-do-sabor\/\">Mestre do Sabor<\/a>, da TV Globo, nesta quinta-feira (26) e levou para casa o pr\u00eamio de R$ 250 mil e um carro.<\/p>\n<\/div>\n<div class=\"wall protected-content\">\n<div class=\"mc-column content-text active-extra-styles \" style=\"text-align: justify;\" data-block-type=\"unstyled\" data-block-weight=\"8\" data-block-id=\"3\">\n<p class=\"content-text__container \" data-track-category=\"Link no Texto\" data-track-links=\"\">A final foi dividida em duas provas.<\/p>\n<\/div>\n<div class=\"mc-column content-text active-extra-styles \" style=\"text-align: justify;\" data-block-type=\"unstyled\" data-block-weight=\"38\" data-block-id=\"4\">\n<p class=\"content-text__container \" data-track-category=\"Link no Texto\" data-track-links=\"\">Na primeira, quatro participantes precisam usar carnes ex\u00f3ticas como ingrediente principal. Gabriel preparou um Xinxim de Fais\u00e3o, Picles de Maxixe, Vinagrete de Maxixe com Palmito Pupunha e Folhas de Ora-pro-n\u00f3bis. O prato foi definido como \u201cbem equilibrado\u201d.<\/p>\n<\/div>\n<div class=\"mc-column content-text active-extra-styles \" style=\"text-align: justify;\" data-block-type=\"unstyled\" data-block-weight=\"6\" data-block-id=\"5\">\n<p class=\"content-text__container \" data-track-category=\"Link no Texto\" data-track-links=\"\">Classificaram-se Dudu Poerner e\u00a0<a href=\"https:\/\/gshow.globo.com\/artistas\/gabriel-coelho\/\">Gabriel Coelho<\/a>.<\/p>\n<\/div>\n<div class=\"mc-column content-text active-extra-styles\" data-block-type=\"raw\" data-block-weight=\"29\" data-block-id=\"6\">\n<ul class=\"content-unordered-list\" style=\"text-align: justify;\">\n<li><a href=\"https:\/\/g1.globo.com\/sp\/presidente-prudente-regiao\/noticia\/2019\/12\/13\/representante-do-oeste-paulista-se-classifica-para-a-semifinal-do-programa-mestre-do-sabor.ghtml\">Representante do Oeste Paulista se classifica para a semifinal do programa Mestre do Sabor<\/a><\/li>\n<li><a href=\"https:\/\/g1.globo.com\/sp\/presidente-prudente-regiao\/noticia\/2019\/12\/20\/chef-gabriel-coelho-de-presidente-venceslau-classifica-se-para-a-final-do-reality-mestre-do-sabor.ghtml\">Chef Gabriel Coelho, de Presidente Venceslau, classifica-se para a final do reality Mestre do Sabor<\/a><\/li>\n<\/ul>\n<p style=\"text-align: justify;\"><img loading=\"lazy\" decoding=\"async\" class=\"alignnone size-full wp-image-15050\" src=\"https:\/\/jorgezanoni.com.br\/2019\/wp-content\/uploads\/2019\/12\/xinxim-de-faisao-picles-de-maxixe-vinagrete-de-maxixe-com-palmito-pupunha-gabriel-fb-2-.jpg\" alt=\"\" width=\"640\" height=\"427\" srcset=\"https:\/\/jorgezanoni.com.br\/2019\/wp-content\/uploads\/2019\/12\/xinxim-de-faisao-picles-de-maxixe-vinagrete-de-maxixe-com-palmito-pupunha-gabriel-fb-2-.jpg 640w, https:\/\/jorgezanoni.com.br\/2019\/wp-content\/uploads\/2019\/12\/xinxim-de-faisao-picles-de-maxixe-vinagrete-de-maxixe-com-palmito-pupunha-gabriel-fb-2--300x200.jpg 300w, https:\/\/jorgezanoni.com.br\/2019\/wp-content\/uploads\/2019\/12\/xinxim-de-faisao-picles-de-maxixe-vinagrete-de-maxixe-com-palmito-pupunha-gabriel-fb-2--630x420.jpg 630w\" sizes=\"auto, (max-width: 640px) 100vw, 640px\" \/>Xinxim de fais\u00e3o, picles de maxixe, vinagrete de maxixe com palmito pupunha e folhas de ora-pro-n\u00f3bis \u2014 Foto: Fabiano Battaglin\/Gshow<\/p>\n<div class=\"mc-column content-text active-extra-styles \" style=\"text-align: justify;\" data-block-type=\"unstyled\" data-block-weight=\"33\" data-block-id=\"9\">\n<p class=\"content-text__container \" data-track-category=\"Link no Texto\" data-track-links=\"\">Na segunda prova, os participantes precisaram cozinhar um menu completo em tr\u00eas etapas: prato de entrada, prato principal e sobremesa. Como ingrediente obrigat\u00f3rio dos dois primeiros pratos, os chefs precisaram usar a banana.<\/p>\n<\/div>\n<div class=\"mc-column content-text active-extra-styles \" data-block-type=\"unstyled\" data-block-weight=\"20\" data-block-id=\"10\">\n<p class=\"content-text__container \" style=\"text-align: justify;\" data-track-category=\"Link no Texto\" data-track-links=\"\">Para o prato de entrada, Gabriel Coelho fez uma Banana Grelhada com Alho-por\u00f3, Lagostim e Taioba, tamb\u00e9m considerado \u201cmuito bom e equilibrado\u201d.<\/p>\n<p style=\"text-align: justify;\" data-track-category=\"Link no Texto\" data-track-links=\"\"><img loading=\"lazy\" decoding=\"async\" class=\"alignnone size-full wp-image-15051\" src=\"https:\/\/jorgezanoni.com.br\/2019\/wp-content\/uploads\/2019\/12\/banana.jpg\" alt=\"\" width=\"640\" height=\"427\" srcset=\"https:\/\/jorgezanoni.com.br\/2019\/wp-content\/uploads\/2019\/12\/banana.jpg 640w, https:\/\/jorgezanoni.com.br\/2019\/wp-content\/uploads\/2019\/12\/banana-300x200.jpg 300w, https:\/\/jorgezanoni.com.br\/2019\/wp-content\/uploads\/2019\/12\/banana-630x420.jpg 630w\" sizes=\"auto, (max-width: 640px) 100vw, 640px\" \/>Banana com alho-por\u00f3, lagostim e taioba do Gabriel Coelho \u2014 Foto: Fabiano Battaglin\/Gshow<\/p>\n<div class=\"mc-column content-text active-extra-styles \" style=\"text-align: justify;\" data-block-type=\"unstyled\" data-block-weight=\"15\" data-block-id=\"13\">\n<p class=\"content-text__container \" data-track-category=\"Link no Texto\" data-track-links=\"\">J\u00e1 o prato principal foi um Joelho de Porco com Jil\u00f3, Tartar de Banana e Couve.<\/p>\n<\/div>\n<div class=\"mc-column content-text active-extra-styles \" style=\"text-align: justify;\" data-block-type=\"unstyled\" data-block-weight=\"18\" data-block-id=\"14\">\n<p class=\"content-text__container \" data-track-category=\"Link no Texto\" data-track-links=\"\">Hora da sobremesa. Desta vez, o ingrediente obrigat\u00f3rio era o coco. Gabriel Coelho preparou um Arroz Doce de Coco.<\/p>\n<\/div>\n<div class=\"mc-column content-text active-extra-styles \" style=\"text-align: justify;\" data-block-type=\"unstyled\" data-block-weight=\"9\" data-block-id=\"15\">\n<p class=\"content-text__container \" data-track-category=\"Link no Texto\" data-track-links=\"\">Os jurados declararam que foi dif\u00edcil escolher o vencedor.<\/p>\n<p data-track-category=\"Link no Texto\" data-track-links=\"\"><img loading=\"lazy\" decoding=\"async\" class=\"alignnone size-full wp-image-15052\" src=\"https:\/\/jorgezanoni.com.br\/2019\/wp-content\/uploads\/2019\/12\/Joelho.jpg\" alt=\"\" width=\"640\" height=\"427\" srcset=\"https:\/\/jorgezanoni.com.br\/2019\/wp-content\/uploads\/2019\/12\/Joelho.jpg 640w, https:\/\/jorgezanoni.com.br\/2019\/wp-content\/uploads\/2019\/12\/Joelho-300x200.jpg 300w, https:\/\/jorgezanoni.com.br\/2019\/wp-content\/uploads\/2019\/12\/Joelho-630x420.jpg 630w\" sizes=\"auto, (max-width: 640px) 100vw, 640px\" \/>Joelho de porco com jil\u00f3, tartar de banana e couve do Gabriel Coelho \u2014 Foto: Artur Meninea\/Gshow<\/p>\n<div class=\"mc-column content-text active-extra-styles\" data-block-type=\"raw\" data-block-weight=\"1\" data-block-id=\"17\">\n<div class=\"content-intertitle\">\n<h2>Carreira<\/h2>\n<\/div>\n<\/div>\n<div class=\"mc-column content-text active-extra-styles \" data-block-type=\"unstyled\" data-block-weight=\"44\" data-block-id=\"18\">\n<p class=\"content-text__container \" data-track-category=\"Link no Texto\" data-track-links=\"\">Gabriel Coelho, de 31 anos, vem trilhando, na \u00faltima d\u00e9cada, uma carreira variada e consistente na gastronomia. Depois de terminar o curso, trabalhou em alguns dos melhores restaurantes do Brasil e at\u00e9 do Chile, onde aprendeu muito sobre culin\u00e1ria tradicional e sobre gastronomia molecular.<\/p>\n<\/div>\n<div class=\"mc-column content-text active-extra-styles \" data-block-type=\"unstyled\" data-block-weight=\"58\" data-block-id=\"19\">\n<p class=\"content-text__container \" data-track-category=\"Link no Texto\" data-track-links=\"\">Em 2016, participou do The Taste Brasil, programa do GNT, e foi um dos integrantes do time de Claude Troisgros. Ficou em sexto lugar na disputa. Ap\u00f3s o programa, passou a trabalhar com confeitaria em um hotel de S\u00e3o Paulo (SP) e, meses depois, foi para o Rio de Janeiro (RJ), onde foi chef em dois grandes restaurantes.<\/p>\n<div class=\"mc-column content-text active-extra-styles \" data-block-type=\"unstyled\" data-block-weight=\"48\" data-block-id=\"21\">\n<p class=\"content-text__container \" data-track-category=\"Link no Texto\" data-track-links=\"\">Em 2018, se inscreveu e passou, junto com a noiva, no programa de est\u00e1gio do restaurante dinamarqu\u00eas Noma, um dos melhores do mundo. Voltou ao Brasil e hoje trabalha em um col\u00e9gio, onde desenvolve com as crian\u00e7as a\u00e7\u00f5es pedag\u00f3gicas de trato do alimento, cultivo, culin\u00e1ria e educa\u00e7\u00e3o financeira.<\/p>\n<\/div>\n<div class=\"mc-column content-text active-extra-styles \" data-block-type=\"unstyled\" data-block-weight=\"12\" data-block-id=\"22\">\n<p class=\"content-text__container \" data-track-category=\"Link no Texto\" data-track-links=\"\">Mestre do Sabor \u00e9 o primeiro reality de gastronomia da TV Globo.<\/p>\n<p data-track-category=\"Link no Texto\" data-track-links=\"\"><img loading=\"lazy\" decoding=\"async\" class=\"alignnone size-full wp-image-15053\" src=\"https:\/\/jorgezanoni.com.br\/2019\/wp-content\/uploads\/2019\/12\/arroz-doce-com-coco-do-gabriel-coelho.jpg\" alt=\"\" width=\"640\" height=\"427\" srcset=\"https:\/\/jorgezanoni.com.br\/2019\/wp-content\/uploads\/2019\/12\/arroz-doce-com-coco-do-gabriel-coelho.jpg 640w, https:\/\/jorgezanoni.com.br\/2019\/wp-content\/uploads\/2019\/12\/arroz-doce-com-coco-do-gabriel-coelho-300x200.jpg 300w, https:\/\/jorgezanoni.com.br\/2019\/wp-content\/uploads\/2019\/12\/arroz-doce-com-coco-do-gabriel-coelho-630x420.jpg 630w\" sizes=\"auto, (max-width: 640px) 100vw, 640px\" \/>Arroz Doce com Coco do Gabriel Coelho \u2014 Foto: Artur Meninea\/Gshow<\/p>\n<p data-track-category=\"Link no Texto\" data-track-links=\"\">Fonte: G1<\/p>\n<\/div>\n<\/div>\n<div class=\"mc-column content-text active-extra-styles \" data-block-type=\"unstyled\" data-block-weight=\"15\" data-block-id=\"13\"><\/div>\n<div class=\"mc-column content-text active-extra-styles \" data-block-type=\"unstyled\" data-block-weight=\"9\" data-block-id=\"15\">\n<p class=\"content-text__container \" data-track-category=\"Link no Texto\" data-track-links=\"\">\n<\/div>\n<\/div>\n<div class=\"content-ads content-ads--reveal\" data-block-type=\"ads\" data-block-id=\"12\">\n<div id=\"banner_materia__67956b07-beeb-4432-aa1a-e6591f01923e\" class=\"tag-manager-publicidade-container mc-has-reveal mc-has-ad-lazyload tag-manager-publicidade-banner_materia__67956b07-beeb-4432-aa1a-e6591f01923e tag-manager-publicidade-container--carregado tag-manager-publicidade-container--visivel\" style=\"text-align: justify;\" data-id=\"banner_materia__67956b07-beeb-4432-aa1a-e6591f01923e\" data-google-query-id=\"CLSihpPc1eYCFVEB1AodEOcKCg\" data-cid=\"138299229883\" data-lid=\"5235766474\"><\/div>\n<\/div>\n<\/div>\n<\/div>\n<\/div>\n","protected":false},"excerpt":{"rendered":"<p>Venceslauense disputou a grande final com Dudu Poerner e sagrou-se campe\u00e3o, nesta quinta-feira (26). O chef Gabriel Coelho, de\u00a0Presidente Venceslau, foi campe\u00e3o do programa\u00a0Mestre do Sabor, da TV Globo, nesta quinta-feira (26) e levou para casa o pr\u00eamio de R$ 250 mil e um carro. A final foi dividida em duas provas. Na primeira, quatro [&hellip;]<\/p>\n","protected":false},"author":1,"featured_media":15054,"comment_status":"closed","ping_status":"open","sticky":false,"template":"","format":"standard","meta":{"footnotes":""},"categories":[114,110],"tags":[],"class_list":["post-15049","post","type-post","status-publish","format-standard","has-post-thumbnail","hentry","category-geralecomercio","category-noticiasdestaque"],"_links":{"self":[{"href":"https:\/\/jorgezanoni.com.br\/2019\/wp-json\/wp\/v2\/posts\/15049","targetHints":{"allow":["GET"]}}],"collection":[{"href":"https:\/\/jorgezanoni.com.br\/2019\/wp-json\/wp\/v2\/posts"}],"about":[{"href":"https:\/\/jorgezanoni.com.br\/2019\/wp-json\/wp\/v2\/types\/post"}],"author":[{"embeddable":true,"href":"https:\/\/jorgezanoni.com.br\/2019\/wp-json\/wp\/v2\/users\/1"}],"replies":[{"embeddable":true,"href":"https:\/\/jorgezanoni.com.br\/2019\/wp-json\/wp\/v2\/comments?post=15049"}],"version-history":[{"count":0,"href":"https:\/\/jorgezanoni.com.br\/2019\/wp-json\/wp\/v2\/posts\/15049\/revisions"}],"wp:featuredmedia":[{"embeddable":true,"href":"https:\/\/jorgezanoni.com.br\/2019\/wp-json\/wp\/v2\/media\/15054"}],"wp:attachment":[{"href":"https:\/\/jorgezanoni.com.br\/2019\/wp-json\/wp\/v2\/media?parent=15049"}],"wp:term":[{"taxonomy":"category","embeddable":true,"href":"https:\/\/jorgezanoni.com.br\/2019\/wp-json\/wp\/v2\/categories?post=15049"},{"taxonomy":"post_tag","embeddable":true,"href":"https:\/\/jorgezanoni.com.br\/2019\/wp-json\/wp\/v2\/tags?post=15049"}],"curies":[{"name":"wp","href":"https:\/\/api.w.org\/{rel}","templated":true}]}}