{"id":15046,"date":"2019-12-27T11:02:23","date_gmt":"2019-12-27T11:02:23","guid":{"rendered":"https:\/\/jorgezanoni.com.br\/2019\/?p=15046"},"modified":"2019-12-27T11:02:23","modified_gmt":"2019-12-27T11:02:23","slug":"o-stf-e-as-biografias","status":"publish","type":"post","link":"https:\/\/jorgezanoni.com.br\/2019\/o-stf-e-as-biografias\/","title":{"rendered":"O STF e as Biografias&#8230;"},"content":{"rendered":"<p style=\"text-align: justify;\"><strong>O STF E AS BIOGRAFIAS&#8230;<\/strong><\/p>\n<p style=\"text-align: justify;\"><strong>*CLAUDIVAL CLEMENTE<\/strong><\/p>\n<p style=\"text-align: justify;\"><strong>*CLAUDIVAL MOURA CLEMENTE<\/strong><\/p>\n<p style=\"text-align: justify;\">A biografia \u00e9 a hist\u00f3ria da vida de determinada pessoa, que pode ser realizada pela pr\u00f3pria pessoa, que se chama biografado ou produzida por uma outra pessoa, com ou sem autoriza\u00e7\u00e3o.<\/p>\n<p style=\"text-align: justify;\">As biografias n\u00e3o autorizadas de pessoas famosas sempre sofrem resist\u00eancia por parte do biografado, pois quase todos querem \u201cesconder\u201d ou \u201cmudar a vers\u00e3o\u201d de alguns fatos, o que \u00e9 motivo de pol\u00eamica.<\/p>\n<p style=\"text-align: justify;\">O Supremo Tribunal Federal por meio de uma ADIN \u2013 A\u00e7\u00e3o Direta de Inconstitucionalidade j\u00e1 decidiu que n\u00e3o \u00e9 necess\u00e1ria autoriza\u00e7\u00e3o do biografado para ser publicada a biografia.<\/p>\n<p style=\"text-align: justify;\">Contudo, o autor da biografia deve tomar cuidado de n\u00e3o publicar fatos que n\u00e3o foram comprovados, pode responder por danos \u00e0 imagem, honra e privacidade da pessoa, que s\u00e3o garantidos pela Constitui\u00e7\u00e3o Federal.<\/p>\n<p style=\"text-align: justify;\">Recentemente uma situa\u00e7\u00e3o destas chegou ao STF, para se autorizar a publica\u00e7\u00e3o de um livro contando a vida de Suzane Von Richthofen, condenada e presa pelo assassinato dos pais em 2002.<\/p>\n<p style=\"text-align: justify;\">Suzane se encontra presa em Trememb\u00e9, interior de S\u00e3o Paulo e a Ju\u00edza da Vara das Execu\u00e7\u00f5es Criminais de Taubat\u00e9, que \u00e9 a respons\u00e1vel pelo cumprimento da pena imposta \u00e0 condenada, examinou um pedido de bloqueio da divulga\u00e7\u00e3o do livro. Na decis\u00e3o a magistrada afirma que a biografada n\u00e3o concedeu nenhuma entrevista ao jornalista autor do livro e que cont\u00e9m informa\u00e7\u00f5es a respeito do processo que trata do cumprimento de pena.<\/p>\n<p style=\"text-align: justify;\">Um recurso contra esta decis\u00e3o foi encaminhado ao Tribunal de Justi\u00e7a de S\u00e3o Paulo, que manteve a decis\u00e3o de bloqueio da biografia. Por\u00e9m, recorrendo diretamente ao Supremo Tribunal Federal, o autor da biografia obteve uma decis\u00e3o favor\u00e1vel e foi permitida a publica\u00e7\u00e3o e circula\u00e7\u00e3o do livro.<\/p>\n<p style=\"text-align: justify;\">A decis\u00e3o do Ministro enfatiza que a Constitui\u00e7\u00e3o Federal e a pr\u00f3pria democracia n\u00e3o impedem a circula\u00e7\u00e3o de ideia e tampouco permite a pr\u00e1tica de censura.<\/p>\n<p style=\"text-align: justify;\">Importante as decis\u00f5es proferidas pela Suprema Corte prestigiando a Constitui\u00e7\u00e3o e os princ\u00edpios democr\u00e1ticos, pois os leitores t\u00eam o direito de saber sobre a vida dos biografados.<\/p>\n<p style=\"text-align: justify;\">Envie d\u00favidas, coment\u00e1rios ou sugest\u00f5es para <a href=\"mailto:bcrcconsultoria@gmail.com\">bcrcconsultoria@gmail.com<\/a>. At\u00e9 a pr\u00f3xima.<\/p>\n<p style=\"text-align: justify;\">*Formado em Direito pela Universidade Estadual de Direito do Norte Pioneiro em Jacarezinho e em Administra\u00e7\u00e3o de Empresas pela Faculdades Integradas de Ourinhos. S\u00f3cio s\u00eanior da BCRC Consultoria.<\/p>\n<p style=\"text-align: justify;\">** Revis\u00e3o e colabora\u00e7\u00e3o\u00a0 &#8211; Acad\u00eamico de Administra\u00e7\u00e3o de Empresas na UNICID.<\/p>\n","protected":false},"excerpt":{"rendered":"<p>O STF E AS BIOGRAFIAS&#8230; *CLAUDIVAL CLEMENTE *CLAUDIVAL MOURA CLEMENTE A biografia \u00e9 a hist\u00f3ria da vida de determinada pessoa, que pode ser realizada pela pr\u00f3pria pessoa, que se chama biografado ou produzida por uma outra pessoa, com ou sem autoriza\u00e7\u00e3o. As biografias n\u00e3o autorizadas de pessoas famosas sempre sofrem resist\u00eancia por parte do biografado, [&hellip;]<\/p>\n","protected":false},"author":1,"featured_media":15047,"comment_status":"closed","ping_status":"open","sticky":false,"template":"","format":"standard","meta":{"footnotes":""},"categories":[175],"tags":[],"class_list":["post-15046","post","type-post","status-publish","format-standard","has-post-thumbnail","hentry","category-artigos"],"_links":{"self":[{"href":"https:\/\/jorgezanoni.com.br\/2019\/wp-json\/wp\/v2\/posts\/15046","targetHints":{"allow":["GET"]}}],"collection":[{"href":"https:\/\/jorgezanoni.com.br\/2019\/wp-json\/wp\/v2\/posts"}],"about":[{"href":"https:\/\/jorgezanoni.com.br\/2019\/wp-json\/wp\/v2\/types\/post"}],"author":[{"embeddable":true,"href":"https:\/\/jorgezanoni.com.br\/2019\/wp-json\/wp\/v2\/users\/1"}],"replies":[{"embeddable":true,"href":"https:\/\/jorgezanoni.com.br\/2019\/wp-json\/wp\/v2\/comments?post=15046"}],"version-history":[{"count":0,"href":"https:\/\/jorgezanoni.com.br\/2019\/wp-json\/wp\/v2\/posts\/15046\/revisions"}],"wp:featuredmedia":[{"embeddable":true,"href":"https:\/\/jorgezanoni.com.br\/2019\/wp-json\/wp\/v2\/media\/15047"}],"wp:attachment":[{"href":"https:\/\/jorgezanoni.com.br\/2019\/wp-json\/wp\/v2\/media?parent=15046"}],"wp:term":[{"taxonomy":"category","embeddable":true,"href":"https:\/\/jorgezanoni.com.br\/2019\/wp-json\/wp\/v2\/categories?post=15046"},{"taxonomy":"post_tag","embeddable":true,"href":"https:\/\/jorgezanoni.com.br\/2019\/wp-json\/wp\/v2\/tags?post=15046"}],"curies":[{"name":"wp","href":"https:\/\/api.w.org\/{rel}","templated":true}]}}