{"id":15017,"date":"2019-12-26T23:03:37","date_gmt":"2019-12-26T23:03:37","guid":{"rendered":"https:\/\/jorgezanoni.com.br\/2019\/?p=15017"},"modified":"2019-12-26T23:20:25","modified_gmt":"2019-12-26T23:20:25","slug":"santa-casa-de-dracena-recebe-visita-de-promotor-do-gedec-sp-e-representantes-de-deputado","status":"publish","type":"post","link":"https:\/\/jorgezanoni.com.br\/2019\/santa-casa-de-dracena-recebe-visita-de-promotor-do-gedec-sp-e-representantes-de-deputado\/","title":{"rendered":"Santa Casa de Dracena recebe visita de Promotor do GEDEC-SP e representantes de Deputado"},"content":{"rendered":"<div id=\"fb-root\"><\/div>\n<p><script async=\"1\" defer=\"1\" crossorigin=\"anonymous\" src=\"https:\/\/connect.facebook.net\/en_US\/sdk.js#xfbml=1&amp;version=v5.0\"><\/script><\/p>\n<div class=\"fb-video\" data-href=\"https:\/\/www.facebook.com\/jorgezanonidracena\/videos\/666692427196054\/\" data-width=\"696\">\n<blockquote cite=\"https:\/\/www.facebook.com\/jorgezanonidracena\/videos\/666692427196054\/\" class=\"fb-xfbml-parse-ignore\"><p><a href=\"https:\/\/www.facebook.com\/jorgezanonidracena\/videos\/666692427196054\/\">Promotor de Justi\u00e7a do GEDEC-SP que destinou verba de 2 milh\u00f5es e representantes de deputado 400 mil, visitaram a Santa Casa de Dracena<\/a><\/p>\n<p>Promotor de Justi\u00e7a do GEDEC-SP que destinou verba de 2 milh\u00f5es e representantes de deputado 400 mil, visitaram a Santa Casa de Dracena.<\/p>\n<p>Posted by <a href=\"https:\/\/www.facebook.com\/jorgezanonidracena\/\">Jorge Zanoni<\/a> on Thursday, December 26, 2019<\/p><\/blockquote>\n<\/div>\n<div id=\"fb-root\"><\/div>\n<p><script async=\"1\" defer=\"1\" crossorigin=\"anonymous\" src=\"https:\/\/connect.facebook.net\/en_US\/sdk.js#xfbml=1&amp;version=v5.0\"><\/script><\/p>\n<div class=\"fb-video\" data-href=\"https:\/\/www.facebook.com\/jorgezanonidracena\/videos\/1450508778439396\/\" data-width=\"696\">\n<blockquote cite=\"https:\/\/www.facebook.com\/jorgezanonidracena\/videos\/1450508778439396\/\" class=\"fb-xfbml-parse-ignore\"><p><a href=\"https:\/\/www.facebook.com\/jorgezanonidracena\/videos\/1450508778439396\/\">Promotor de Justi\u00e7a do GEDEC-SP Dr. Roberto Bodini, Provedor da Santa Casa Altamir Alves dos Santos e o m\u00e9dico respons\u00e1vel pelo setor de Hemodi\u00e1lise Dr. Adolfo Manzano, foram entrevistados pelo Site JZ.<\/a><\/p>\n<p>Promotor de Justi\u00e7a do GEDEC-SP Dr. Roberto Bodini, Provedor da Santa Casa Altamir Alves dos Santos e o m\u00e9dico respons\u00e1vel pelo setor de Hemodi\u00e1lise Dr. Adolfo Manzano, foram entrevistados pelo Site JZ.<\/p>\n<p>Posted by <a href=\"https:\/\/www.facebook.com\/jorgezanonidracena\/\">Jorge Zanoni<\/a> on Thursday, December 26, 2019<\/p><\/blockquote>\n<\/div>\n<p style=\"text-align: justify;\">Na manh\u00e3 desta quinta-feira (26), foram recepcionados na Santa Casa de Dracena, os familiares do Ex-Deputado Federal pelo Estado de Rio Grande do Sul, Mauro Pereira, integrante do gabinete parlamentar do Deputado Federal Baleia Rossi do MDB\/SP. Foi anunciado uma verba de R$ 400 mil reais para custeio junto ao Minist\u00e9rio de Sa\u00fade. \u00c9 dinheiro de impostos do povo, voltando em benef\u00edcio do pr\u00f3prio povo.<\/p>\n<p style=\"text-align: justify;\"><img loading=\"lazy\" decoding=\"async\" class=\"alignnone size-full wp-image-15020\" src=\"https:\/\/jorgezanoni.com.br\/2019\/wp-content\/uploads\/2019\/12\/IMG_1461-2.jpg\" alt=\"\" width=\"800\" height=\"507\" srcset=\"https:\/\/jorgezanoni.com.br\/2019\/wp-content\/uploads\/2019\/12\/IMG_1461-2.jpg 800w, https:\/\/jorgezanoni.com.br\/2019\/wp-content\/uploads\/2019\/12\/IMG_1461-2-300x190.jpg 300w, https:\/\/jorgezanoni.com.br\/2019\/wp-content\/uploads\/2019\/12\/IMG_1461-2-768x487.jpg 768w, https:\/\/jorgezanoni.com.br\/2019\/wp-content\/uploads\/2019\/12\/IMG_1461-2-696x441.jpg 696w, https:\/\/jorgezanoni.com.br\/2019\/wp-content\/uploads\/2019\/12\/IMG_1461-2-663x420.jpg 663w\" sizes=\"auto, (max-width: 800px) 100vw, 800px\" \/>Estiveram presentes o sr. Moacir Pereira e a sra. Ana Ang\u00e9lica Pereira, irm\u00e3os de Mauro Pereira. Ana Ang\u00e9lica \u00e9 integrante da Irmandade da Santa Casa.<\/p>\n<p style=\"text-align: justify;\"><img loading=\"lazy\" decoding=\"async\" class=\"alignnone size-full wp-image-15019\" src=\"https:\/\/jorgezanoni.com.br\/2019\/wp-content\/uploads\/2019\/12\/IMG_1460-2.jpg\" alt=\"\" width=\"800\" height=\"534\" srcset=\"https:\/\/jorgezanoni.com.br\/2019\/wp-content\/uploads\/2019\/12\/IMG_1460-2.jpg 800w, https:\/\/jorgezanoni.com.br\/2019\/wp-content\/uploads\/2019\/12\/IMG_1460-2-300x200.jpg 300w, https:\/\/jorgezanoni.com.br\/2019\/wp-content\/uploads\/2019\/12\/IMG_1460-2-768x513.jpg 768w, https:\/\/jorgezanoni.com.br\/2019\/wp-content\/uploads\/2019\/12\/IMG_1460-2-696x465.jpg 696w, https:\/\/jorgezanoni.com.br\/2019\/wp-content\/uploads\/2019\/12\/IMG_1460-2-629x420.jpg 629w\" sizes=\"auto, (max-width: 800px) 100vw, 800px\" \/>Tamb\u00e9m foi recebido o Dr. Roberto Victor Aneli Bodini, Promotor de Justi\u00e7a do GEDEC-SP. que aticulou a destina\u00e7\u00e3o de recursos no montante de R$ 2 milh\u00f5es de reais, para edifica\u00e7\u00e3o do Novo Centro de Hemodi\u00e1lise, em parceria com a Secretaria do Estado da Sa\u00fade. O Pr\u00e9dio j\u00e1 se encontra em fase de constru\u00e7\u00e3o em terreno nas proximidades da Santa Casa, localizado na rua Ipiranga entre as ruas Virgilio Pagnozzi e Miguel do Nascimento, cuja obra total est\u00e1 or\u00e7ada em R$ 2.400.000,00. A verba de R$ 2 milh\u00f5es, \u00e9 proveniente de dinheiro restitu\u00eddo \u00e0 sociedade, do que foi desviado da receita p\u00fablica.<\/p>\n<p style=\"text-align: justify;\"><img loading=\"lazy\" decoding=\"async\" class=\"alignnone size-full wp-image-15021\" src=\"https:\/\/jorgezanoni.com.br\/2019\/wp-content\/uploads\/2019\/12\/IMG_1463-2.jpg\" alt=\"\" width=\"800\" height=\"883\" srcset=\"https:\/\/jorgezanoni.com.br\/2019\/wp-content\/uploads\/2019\/12\/IMG_1463-2.jpg 800w, https:\/\/jorgezanoni.com.br\/2019\/wp-content\/uploads\/2019\/12\/IMG_1463-2-272x300.jpg 272w, https:\/\/jorgezanoni.com.br\/2019\/wp-content\/uploads\/2019\/12\/IMG_1463-2-768x848.jpg 768w, https:\/\/jorgezanoni.com.br\/2019\/wp-content\/uploads\/2019\/12\/IMG_1463-2-696x768.jpg 696w, https:\/\/jorgezanoni.com.br\/2019\/wp-content\/uploads\/2019\/12\/IMG_1463-2-381x420.jpg 381w\" sizes=\"auto, (max-width: 800px) 100vw, 800px\" \/>Estiveram presentes ao evento o Provedor da Santa Casa sr. Altamir Alves dos Santos, o Prefeito Municipal Juliano Bertolini, o Presidente da C\u00e2mara Milton Polon, Vereador Claudio Jos\u00e9, membros da Irmandade e impresa local.<\/p>\n<p style=\"text-align: justify;\"><img loading=\"lazy\" decoding=\"async\" class=\"alignnone size-full wp-image-15023\" src=\"https:\/\/jorgezanoni.com.br\/2019\/wp-content\/uploads\/2019\/12\/IMG_1465.jpg\" alt=\"\" width=\"800\" height=\"600\" srcset=\"https:\/\/jorgezanoni.com.br\/2019\/wp-content\/uploads\/2019\/12\/IMG_1465.jpg 800w, https:\/\/jorgezanoni.com.br\/2019\/wp-content\/uploads\/2019\/12\/IMG_1465-300x225.jpg 300w, https:\/\/jorgezanoni.com.br\/2019\/wp-content\/uploads\/2019\/12\/IMG_1465-768x576.jpg 768w, https:\/\/jorgezanoni.com.br\/2019\/wp-content\/uploads\/2019\/12\/IMG_1465-80x60.jpg 80w, https:\/\/jorgezanoni.com.br\/2019\/wp-content\/uploads\/2019\/12\/IMG_1465-265x198.jpg 265w, https:\/\/jorgezanoni.com.br\/2019\/wp-content\/uploads\/2019\/12\/IMG_1465-696x522.jpg 696w, https:\/\/jorgezanoni.com.br\/2019\/wp-content\/uploads\/2019\/12\/IMG_1465-560x420.jpg 560w\" sizes=\"auto, (max-width: 800px) 100vw, 800px\" \/>O Ambulat\u00f3rio de Hemodi\u00e1lise em fase de edifica\u00e7\u00e3o, ter\u00e1 1.561 m2 de constru\u00e7\u00e3o e possibilitar\u00e1 a Di\u00e1lise de 150 pacidentes. A obra est\u00e1 prevista para entrega no final do ano de 2020.<\/p>\n<p style=\"text-align: justify;\"><img loading=\"lazy\" decoding=\"async\" class=\"alignnone size-full wp-image-15024\" src=\"https:\/\/jorgezanoni.com.br\/2019\/wp-content\/uploads\/2019\/12\/IMG_1467.jpg\" alt=\"\" width=\"800\" height=\"600\" srcset=\"https:\/\/jorgezanoni.com.br\/2019\/wp-content\/uploads\/2019\/12\/IMG_1467.jpg 800w, https:\/\/jorgezanoni.com.br\/2019\/wp-content\/uploads\/2019\/12\/IMG_1467-300x225.jpg 300w, https:\/\/jorgezanoni.com.br\/2019\/wp-content\/uploads\/2019\/12\/IMG_1467-768x576.jpg 768w, https:\/\/jorgezanoni.com.br\/2019\/wp-content\/uploads\/2019\/12\/IMG_1467-80x60.jpg 80w, https:\/\/jorgezanoni.com.br\/2019\/wp-content\/uploads\/2019\/12\/IMG_1467-265x198.jpg 265w, https:\/\/jorgezanoni.com.br\/2019\/wp-content\/uploads\/2019\/12\/IMG_1467-696x522.jpg 696w, https:\/\/jorgezanoni.com.br\/2019\/wp-content\/uploads\/2019\/12\/IMG_1467-560x420.jpg 560w\" sizes=\"auto, (max-width: 800px) 100vw, 800px\" \/>Diretor Administrativo Alessando Mendes mostrando o segundo pavimento rec\u00e9m contru\u00eddo.<\/p>\n<p style=\"text-align: justify;\"><img loading=\"lazy\" decoding=\"async\" class=\"alignnone size-full wp-image-15025\" src=\"https:\/\/jorgezanoni.com.br\/2019\/wp-content\/uploads\/2019\/12\/IMG_1473.jpg\" alt=\"\" width=\"800\" height=\"600\" srcset=\"https:\/\/jorgezanoni.com.br\/2019\/wp-content\/uploads\/2019\/12\/IMG_1473.jpg 800w, https:\/\/jorgezanoni.com.br\/2019\/wp-content\/uploads\/2019\/12\/IMG_1473-300x225.jpg 300w, https:\/\/jorgezanoni.com.br\/2019\/wp-content\/uploads\/2019\/12\/IMG_1473-768x576.jpg 768w, https:\/\/jorgezanoni.com.br\/2019\/wp-content\/uploads\/2019\/12\/IMG_1473-80x60.jpg 80w, https:\/\/jorgezanoni.com.br\/2019\/wp-content\/uploads\/2019\/12\/IMG_1473-265x198.jpg 265w, https:\/\/jorgezanoni.com.br\/2019\/wp-content\/uploads\/2019\/12\/IMG_1473-696x522.jpg 696w, https:\/\/jorgezanoni.com.br\/2019\/wp-content\/uploads\/2019\/12\/IMG_1473-560x420.jpg 560w\" sizes=\"auto, (max-width: 800px) 100vw, 800px\" \/>Sala de tratamento de \u00e1gua para o setor de Hemodi\u00e1lise<\/p>\n<p style=\"text-align: justify;\"><img loading=\"lazy\" decoding=\"async\" class=\"alignnone size-full wp-image-15026\" src=\"https:\/\/jorgezanoni.com.br\/2019\/wp-content\/uploads\/2019\/12\/IMG_1474.jpg\" alt=\"\" width=\"800\" height=\"600\" srcset=\"https:\/\/jorgezanoni.com.br\/2019\/wp-content\/uploads\/2019\/12\/IMG_1474.jpg 800w, https:\/\/jorgezanoni.com.br\/2019\/wp-content\/uploads\/2019\/12\/IMG_1474-300x225.jpg 300w, https:\/\/jorgezanoni.com.br\/2019\/wp-content\/uploads\/2019\/12\/IMG_1474-768x576.jpg 768w, https:\/\/jorgezanoni.com.br\/2019\/wp-content\/uploads\/2019\/12\/IMG_1474-80x60.jpg 80w, https:\/\/jorgezanoni.com.br\/2019\/wp-content\/uploads\/2019\/12\/IMG_1474-265x198.jpg 265w, https:\/\/jorgezanoni.com.br\/2019\/wp-content\/uploads\/2019\/12\/IMG_1474-696x522.jpg 696w, https:\/\/jorgezanoni.com.br\/2019\/wp-content\/uploads\/2019\/12\/IMG_1474-560x420.jpg 560w\" sizes=\"auto, (max-width: 800px) 100vw, 800px\" \/>Sala de tratamento de \u00e1gua para o setor de Hemodi\u00e1lise<\/p>\n<p style=\"text-align: justify;\"><img loading=\"lazy\" decoding=\"async\" class=\"alignnone size-full wp-image-15027\" src=\"https:\/\/jorgezanoni.com.br\/2019\/wp-content\/uploads\/2019\/12\/IMG_1476.jpg\" alt=\"\" width=\"800\" height=\"600\" srcset=\"https:\/\/jorgezanoni.com.br\/2019\/wp-content\/uploads\/2019\/12\/IMG_1476.jpg 800w, https:\/\/jorgezanoni.com.br\/2019\/wp-content\/uploads\/2019\/12\/IMG_1476-300x225.jpg 300w, https:\/\/jorgezanoni.com.br\/2019\/wp-content\/uploads\/2019\/12\/IMG_1476-768x576.jpg 768w, https:\/\/jorgezanoni.com.br\/2019\/wp-content\/uploads\/2019\/12\/IMG_1476-80x60.jpg 80w, https:\/\/jorgezanoni.com.br\/2019\/wp-content\/uploads\/2019\/12\/IMG_1476-265x198.jpg 265w, https:\/\/jorgezanoni.com.br\/2019\/wp-content\/uploads\/2019\/12\/IMG_1476-696x522.jpg 696w, https:\/\/jorgezanoni.com.br\/2019\/wp-content\/uploads\/2019\/12\/IMG_1476-560x420.jpg 560w\" sizes=\"auto, (max-width: 800px) 100vw, 800px\" \/>Local onde ser\u00e1 erguido o pr\u00e9dio do Ambulat\u00f3rio de Hemodi\u00e1lise. Funda\u00e7\u00e3o j\u00e1 est\u00e1 pronta, agora come\u00e7a o alicerce e as paredes.<\/p>\n<p style=\"text-align: justify;\"><img loading=\"lazy\" decoding=\"async\" class=\"alignnone size-full wp-image-15028\" src=\"https:\/\/jorgezanoni.com.br\/2019\/wp-content\/uploads\/2019\/12\/IMG_1479-2.jpg\" alt=\"\" width=\"800\" height=\"578\" srcset=\"https:\/\/jorgezanoni.com.br\/2019\/wp-content\/uploads\/2019\/12\/IMG_1479-2.jpg 800w, https:\/\/jorgezanoni.com.br\/2019\/wp-content\/uploads\/2019\/12\/IMG_1479-2-300x217.jpg 300w, https:\/\/jorgezanoni.com.br\/2019\/wp-content\/uploads\/2019\/12\/IMG_1479-2-768x555.jpg 768w, https:\/\/jorgezanoni.com.br\/2019\/wp-content\/uploads\/2019\/12\/IMG_1479-2-324x235.jpg 324w, https:\/\/jorgezanoni.com.br\/2019\/wp-content\/uploads\/2019\/12\/IMG_1479-2-696x503.jpg 696w, https:\/\/jorgezanoni.com.br\/2019\/wp-content\/uploads\/2019\/12\/IMG_1479-2-581x420.jpg 581w\" sizes=\"auto, (max-width: 800px) 100vw, 800px\" \/>Placada registrando dados da obra.<\/p>\n<p style=\"text-align: justify;\">Fonte: Assessoria da Santa Casa<\/p>\n<p style=\"text-align: justify;\">Jorge Zanoni<\/p>\n","protected":false},"excerpt":{"rendered":"<p>Promotor de Justi\u00e7a do GEDEC-SP que destinou verba de 2 milh\u00f5es e representantes de deputado 400 mil, visitaram a Santa Casa de Dracena Promotor de Justi\u00e7a do GEDEC-SP que destinou verba de 2 milh\u00f5es e representantes de deputado 400 mil, visitaram a Santa Casa de Dracena. Posted by Jorge Zanoni on Thursday, December 26, 2019 [&hellip;]<\/p>\n","protected":false},"author":1,"featured_media":15020,"comment_status":"closed","ping_status":"open","sticky":false,"template":"","format":"video","meta":{"footnotes":""},"categories":[110,169],"tags":[],"class_list":["post-15017","post","type-post","status-publish","format-video","has-post-thumbnail","hentry","category-noticiasdestaque","category-videos","post_format-post-format-video"],"_links":{"self":[{"href":"https:\/\/jorgezanoni.com.br\/2019\/wp-json\/wp\/v2\/posts\/15017","targetHints":{"allow":["GET"]}}],"collection":[{"href":"https:\/\/jorgezanoni.com.br\/2019\/wp-json\/wp\/v2\/posts"}],"about":[{"href":"https:\/\/jorgezanoni.com.br\/2019\/wp-json\/wp\/v2\/types\/post"}],"author":[{"embeddable":true,"href":"https:\/\/jorgezanoni.com.br\/2019\/wp-json\/wp\/v2\/users\/1"}],"replies":[{"embeddable":true,"href":"https:\/\/jorgezanoni.com.br\/2019\/wp-json\/wp\/v2\/comments?post=15017"}],"version-history":[{"count":0,"href":"https:\/\/jorgezanoni.com.br\/2019\/wp-json\/wp\/v2\/posts\/15017\/revisions"}],"wp:featuredmedia":[{"embeddable":true,"href":"https:\/\/jorgezanoni.com.br\/2019\/wp-json\/wp\/v2\/media\/15020"}],"wp:attachment":[{"href":"https:\/\/jorgezanoni.com.br\/2019\/wp-json\/wp\/v2\/media?parent=15017"}],"wp:term":[{"taxonomy":"category","embeddable":true,"href":"https:\/\/jorgezanoni.com.br\/2019\/wp-json\/wp\/v2\/categories?post=15017"},{"taxonomy":"post_tag","embeddable":true,"href":"https:\/\/jorgezanoni.com.br\/2019\/wp-json\/wp\/v2\/tags?post=15017"}],"curies":[{"name":"wp","href":"https:\/\/api.w.org\/{rel}","templated":true}]}}