{"id":14984,"date":"2019-12-26T00:28:58","date_gmt":"2019-12-26T00:28:58","guid":{"rendered":"https:\/\/jorgezanoni.com.br\/2019\/?p=14984"},"modified":"2019-12-26T00:28:58","modified_gmt":"2019-12-26T00:28:58","slug":"na-saida-de-posto-de-combustiveis-batida-entre-dois-carros-resulta-em-vitimas-na-rodovia-assis-chateaubriand","status":"publish","type":"post","link":"https:\/\/jorgezanoni.com.br\/2019\/na-saida-de-posto-de-combustiveis-batida-entre-dois-carros-resulta-em-vitimas-na-rodovia-assis-chateaubriand\/","title":{"rendered":"Na sa\u00edda de posto de combust\u00edveis, batida entre dois carros resulta em v\u00edtimas na Rodovia Assis Chateaubriand"},"content":{"rendered":"<h2 class=\"content-head__subtitle\" style=\"text-align: justify;\"><strong>Acidente de tr\u00e2nsito ocorreu na tarde desta quarta-feira (25), na altura do km 484,500, em Pirapozinho. Duas pessoas foram socorridas e levadas ao HR para atendimento m\u00e9dico.<\/strong><\/h2>\n<div class=\"mc-column content-text active-extra-styles \" data-block-type=\"unstyled\" data-block-weight=\"28\" data-block-id=\"2\">\n<p class=\"content-text__container \" style=\"text-align: justify;\" data-track-category=\"Link no Texto\" data-track-links=\"\">Duas pessoas ficaram levemente feridas em decorr\u00eancia de um acidente de tr\u00e2nsito na tarde desta quarta-feira (25), no km 484,500 da Rodovia Assis Chateaubriand (SP-425), em\u00a0<a href=\"https:\/\/g1.globo.com\/sp\/presidente-prudente-regiao\/cidade\/pirapozinho\/\">Pirapozinho (SP)<\/a>.<\/p>\n<\/div>\n<div class=\"wall protected-content\">\n<div class=\"mc-column content-text active-extra-styles \" style=\"text-align: justify;\" data-block-type=\"unstyled\" data-block-weight=\"33\" data-block-id=\"3\">\n<p class=\"content-text__container \" data-track-category=\"Link no Texto\" data-track-links=\"\">De acordo com as informa\u00e7\u00f5es disponibilizadas pela Pol\u00edcia Militar Rodovi\u00e1ria, dois carros, com placas de\u00a0<a href=\"https:\/\/g1.globo.com\/sp\/presidente-prudente-regiao\/cidade\/presidente-bernardes-sp\/\">Presidente Bernardes (SP)<\/a>\u00a0e\u00a0<a href=\"https:\/\/g1.globo.com\/sp\/presidente-prudente-regiao\/cidade\/presidente-prudente\/\">Presidente Prudente (SP)<\/a>, envolveram-se em uma colis\u00e3o transversal no local, por volta das 14h10.<\/p>\n<\/div>\n<div class=\"mc-column content-text active-extra-styles \" style=\"text-align: justify;\" data-block-type=\"unstyled\" data-block-weight=\"34\" data-block-id=\"4\">\n<p class=\"content-text__container \" data-track-category=\"Link no Texto\" data-track-links=\"\">Segundo a corpora\u00e7\u00e3o, um dos ve\u00edculos transitava no sentido do munic\u00edpio de\u00a0<a href=\"https:\/\/g1.globo.com\/sp\/presidente-prudente-regiao\/cidade\/tarabai\/\">Tarabai (SP)<\/a>, quando no local houve a colis\u00e3o com o outro, que sa\u00eda de um posto de combust\u00edveis \u00e0s margens da rodovia.<\/p>\n<\/div>\n<div class=\"mc-column content-text active-extra-styles \" data-block-type=\"unstyled\" data-block-weight=\"36\" data-block-id=\"5\">\n<p class=\"content-text__container \" style=\"text-align: justify;\" data-track-category=\"Link no Texto\" data-track-links=\"\">O tr\u00e2nsito n\u00e3o precisou ser interrompido, mas foi sinalizado e momentaneamente controlado para a presta\u00e7\u00e3o do socorro \u00e0s v\u00edtimas, que acabaram encaminhadas pelo Corpo de Bombeiros ao Hospital Regional (HR), em Presidente Prudente, para atendimento m\u00e9dico.<\/p>\n<p style=\"text-align: justify;\" data-track-category=\"Link no Texto\" data-track-links=\"\"><img loading=\"lazy\" decoding=\"async\" class=\"alignnone size-full wp-image-14986\" src=\"https:\/\/jorgezanoni.com.br\/2019\/wp-content\/uploads\/2019\/12\/batida1.jpg\" alt=\"\" width=\"640\" height=\"413\" srcset=\"https:\/\/jorgezanoni.com.br\/2019\/wp-content\/uploads\/2019\/12\/batida1.jpg 640w, https:\/\/jorgezanoni.com.br\/2019\/wp-content\/uploads\/2019\/12\/batida1-300x194.jpg 300w\" sizes=\"auto, (max-width: 640px) 100vw, 640px\" \/>Batida envolveu dois carros na Rodovia Assis Chateaubriand \u2014 Foto: Pol\u00edcia Militar Rodovi\u00e1ria<\/p>\n<p data-track-category=\"Link no Texto\" data-track-links=\"\">Fonte: G1<\/p>\n<\/div>\n<\/div>\n","protected":false},"excerpt":{"rendered":"<p>Acidente de tr\u00e2nsito ocorreu na tarde desta quarta-feira (25), na altura do km 484,500, em Pirapozinho. Duas pessoas foram socorridas e levadas ao HR para atendimento m\u00e9dico. Duas pessoas ficaram levemente feridas em decorr\u00eancia de um acidente de tr\u00e2nsito na tarde desta quarta-feira (25), no km 484,500 da Rodovia Assis Chateaubriand (SP-425), em\u00a0Pirapozinho (SP). De [&hellip;]<\/p>\n","protected":false},"author":1,"featured_media":14985,"comment_status":"closed","ping_status":"open","sticky":false,"template":"","format":"standard","meta":{"footnotes":""},"categories":[170,110],"tags":[],"class_list":["post-14984","post","type-post","status-publish","format-standard","has-post-thumbnail","hentry","category-acidentes","category-noticiasdestaque"],"_links":{"self":[{"href":"https:\/\/jorgezanoni.com.br\/2019\/wp-json\/wp\/v2\/posts\/14984","targetHints":{"allow":["GET"]}}],"collection":[{"href":"https:\/\/jorgezanoni.com.br\/2019\/wp-json\/wp\/v2\/posts"}],"about":[{"href":"https:\/\/jorgezanoni.com.br\/2019\/wp-json\/wp\/v2\/types\/post"}],"author":[{"embeddable":true,"href":"https:\/\/jorgezanoni.com.br\/2019\/wp-json\/wp\/v2\/users\/1"}],"replies":[{"embeddable":true,"href":"https:\/\/jorgezanoni.com.br\/2019\/wp-json\/wp\/v2\/comments?post=14984"}],"version-history":[{"count":0,"href":"https:\/\/jorgezanoni.com.br\/2019\/wp-json\/wp\/v2\/posts\/14984\/revisions"}],"wp:featuredmedia":[{"embeddable":true,"href":"https:\/\/jorgezanoni.com.br\/2019\/wp-json\/wp\/v2\/media\/14985"}],"wp:attachment":[{"href":"https:\/\/jorgezanoni.com.br\/2019\/wp-json\/wp\/v2\/media?parent=14984"}],"wp:term":[{"taxonomy":"category","embeddable":true,"href":"https:\/\/jorgezanoni.com.br\/2019\/wp-json\/wp\/v2\/categories?post=14984"},{"taxonomy":"post_tag","embeddable":true,"href":"https:\/\/jorgezanoni.com.br\/2019\/wp-json\/wp\/v2\/tags?post=14984"}],"curies":[{"name":"wp","href":"https:\/\/api.w.org\/{rel}","templated":true}]}}