{"id":14977,"date":"2019-12-25T22:32:52","date_gmt":"2019-12-25T22:32:52","guid":{"rendered":"https:\/\/jorgezanoni.com.br\/2019\/?p=14977"},"modified":"2019-12-25T22:32:52","modified_gmt":"2019-12-25T22:32:52","slug":"contos-de-fada-ou-contos-da-carochinha-na-provincia","status":"publish","type":"post","link":"https:\/\/jorgezanoni.com.br\/2019\/contos-de-fada-ou-contos-da-carochinha-na-provincia\/","title":{"rendered":"Contos de Fada ou contos da Carochinha na Prov\u00edncia"},"content":{"rendered":"<p style=\"text-align: justify;\"><strong>CONTOS DE FADA OU CONTOS DA CAROCHINHA NA PROV\u00cdNCIA<\/strong><em>\u00a0<\/em><\/p>\n<p style=\"text-align: justify;\"><em>\u201cN\u00e3o passa de um tempo tomado\/Como simples an\u00fancio\/Das cabe\u00e7as que pensam\/Alcan\u00e7ar o poder\/Poder \u00e9 saber da crian\u00e7a\/Da sa\u00fade do velho\/Das mulheres famintas\/Com tantos para criar\u201d (Z\u00e9 Ram<\/em>alho)<\/p>\n<p style=\"text-align: justify;\"><strong><em>S\u00e9rgio Barbosa (*)<\/em><\/strong><\/p>\n<p style=\"text-align: justify;\">Nos chamados contos de fada ou da carochinha, tudo e mais alguma coisa pode acontecer sem maiores indaga\u00e7\u00f5es, afinal de contas, a fantasia \u00e9 a marca registrada neste cen\u00e1rio mais do que infantil&#8230;<\/p>\n<p style=\"text-align: justify;\">Entretanto, a fada ou a carochinha est\u00e3o prsentes em nosso dia-a-dia com novas roupagens, isso mesmo, outro dia encontrei uma fada madrinha perdida nas ruas provincianas, com sua varinha de cond\u00e3o acenando para as pessoas em sua volta numa situa\u00e7\u00e3o al\u00e9m da imagina\u00e7\u00e3o secular&#8230;<\/p>\n<p style=\"text-align: justify;\">Ora bolas, daqui pra frente o que vai mais aparecer na prov\u00edncia s\u00e3o as promessas de uma fada ou do m\u00e1gico da cartola, aquele que tira os coelhos perdidos para umas palmas a mais em tempo de p\u00f3s-globaliza\u00e7\u00e3o&#8230;<\/p>\n<p style=\"text-align: justify;\">A bela se torna a bruxa do momento, isso mesmo, neste jardim sem flores tudo pode acontecer, at\u00e9 mesmo para os sete pilantras com suas vozes escondidas para um golpe atr\u00e1s da moita, assustando os pobres an\u00f5es inocentes em dias nublados pela posse da varinha de cond\u00e3o&#8230;<\/p>\n<p style=\"text-align: justify;\">Ah! Os porquinhos est\u00e3o numa fuga desenfreada, pois o tal do lobo bom est\u00e1 travestido de lobo mau, portanto, neste caso, o melhor \u00e9 correr para a casa da vov\u00f3 que fica logo ali, pelo jeito deve ser um \u201clogo ali\u201d de mineiro e tudo fica na mesmice de sempre para \u201cporquinhos e vovozinha\u201d&#8230;<\/p>\n<p style=\"text-align: justify;\">O tal chap\u00e9u vermelho ficou com as cores da bandeira da derrota, o verde est\u00e1 laranja e o amarelo cor de rosa, uma mudan\u00e7a sem precedente para a infantilidade do presente em compasso aberto para um fechamento interior do mal contra o bem&#8230;<\/p>\n<p style=\"text-align: justify;\">Os maus continuam teimando em prosseguir com seus objetivos neste jardim deserto, as flores se foram com medo do jardineiro malvado, assim mesmo, ficaram as raizes do outro tempo para exigir suas posses conquistadas com a fuga da m\u00e3e natureza&#8230;<\/p>\n<p style=\"text-align: justify;\">A bruxa teima em ficar com a varinha m\u00e1gica, sendo que a tal princesa n\u00e3o recebeu o beijo do principe, ficando sem condi\u00e7\u00f5es de comandar os nove an\u00f5es da caverna misteriosa&#8230;<\/p>\n<p style=\"text-align: justify;\">O Rei, como sempre, est\u00e1 no seu trono distante, comandando seus soldados alados para mais uma conquista territorial, a expans\u00e3o geogr\u00e1fica de mentira faz parte do reino imagin\u00e1rio, aqui, entre o real e a vontade de ser o amior de todos os homens divinos, tal como o \u201cRei Artur e os Cavaleiros da T\u00e1vola Redonda\u201d&#8230;<\/p>\n<p style=\"text-align: justify;\">O principe se mandou com a sacola de ouro, disse o mesmo, que pegou tudo no final do arco-\u00edris, tal qual a lenda do cavalo sem cabe\u00e7a, n\u00e3o se pode mais confiar na fam\u00edlia real sem medo de ser feliz&#8230;<\/p>\n<p style=\"text-align: justify;\">A Prov\u00edncia continua a mesma de sempre, neste momento, princesas e principes sonham com a mesma est\u00f3ria do \u201cconto de fadas\u201d ou quem sabe, com a \u201cest\u00f3ria da carochinha\u201d para um despertar acima de qualquer suspeita, por\u00e9m, podem acordar com o beijo do sapo de plant\u00e3o&#8230;<\/p>\n<p style=\"text-align: justify;\">Ainda, quem viver vai ver&#8230;<\/p>\n<p style=\"text-align: justify;\"><em>_______________________________________<\/em><\/p>\n<p style=\"text-align: justify;\"><em>(*) Jornalista\u00a0 diplomado e\u00a0 professor universit\u00e1rio.<\/em><\/p>\n","protected":false},"excerpt":{"rendered":"<p>CONTOS DE FADA OU CONTOS DA CAROCHINHA NA PROV\u00cdNCIA\u00a0 \u201cN\u00e3o passa de um tempo tomado\/Como simples an\u00fancio\/Das cabe\u00e7as que pensam\/Alcan\u00e7ar o poder\/Poder \u00e9 saber da crian\u00e7a\/Da sa\u00fade do velho\/Das mulheres famintas\/Com tantos para criar\u201d (Z\u00e9 Ramalho) S\u00e9rgio Barbosa (*) Nos chamados contos de fada ou da carochinha, tudo e mais alguma coisa pode acontecer sem [&hellip;]<\/p>\n","protected":false},"author":1,"featured_media":14978,"comment_status":"closed","ping_status":"open","sticky":false,"template":"","format":"standard","meta":{"footnotes":""},"categories":[175],"tags":[],"class_list":["post-14977","post","type-post","status-publish","format-standard","has-post-thumbnail","hentry","category-artigos"],"_links":{"self":[{"href":"https:\/\/jorgezanoni.com.br\/2019\/wp-json\/wp\/v2\/posts\/14977","targetHints":{"allow":["GET"]}}],"collection":[{"href":"https:\/\/jorgezanoni.com.br\/2019\/wp-json\/wp\/v2\/posts"}],"about":[{"href":"https:\/\/jorgezanoni.com.br\/2019\/wp-json\/wp\/v2\/types\/post"}],"author":[{"embeddable":true,"href":"https:\/\/jorgezanoni.com.br\/2019\/wp-json\/wp\/v2\/users\/1"}],"replies":[{"embeddable":true,"href":"https:\/\/jorgezanoni.com.br\/2019\/wp-json\/wp\/v2\/comments?post=14977"}],"version-history":[{"count":0,"href":"https:\/\/jorgezanoni.com.br\/2019\/wp-json\/wp\/v2\/posts\/14977\/revisions"}],"wp:featuredmedia":[{"embeddable":true,"href":"https:\/\/jorgezanoni.com.br\/2019\/wp-json\/wp\/v2\/media\/14978"}],"wp:attachment":[{"href":"https:\/\/jorgezanoni.com.br\/2019\/wp-json\/wp\/v2\/media?parent=14977"}],"wp:term":[{"taxonomy":"category","embeddable":true,"href":"https:\/\/jorgezanoni.com.br\/2019\/wp-json\/wp\/v2\/categories?post=14977"},{"taxonomy":"post_tag","embeddable":true,"href":"https:\/\/jorgezanoni.com.br\/2019\/wp-json\/wp\/v2\/tags?post=14977"}],"curies":[{"name":"wp","href":"https:\/\/api.w.org\/{rel}","templated":true}]}}