{"id":14870,"date":"2019-12-24T18:19:07","date_gmt":"2019-12-24T18:19:07","guid":{"rendered":"https:\/\/jorgezanoni.com.br\/2019\/?p=14870"},"modified":"2019-12-24T18:19:07","modified_gmt":"2019-12-24T18:19:07","slug":"colisao-frontal-entre-dois-carros-deixa-quatro-pessoas-feridas-na-rodovia-da-integracao","status":"publish","type":"post","link":"https:\/\/jorgezanoni.com.br\/2019\/colisao-frontal-entre-dois-carros-deixa-quatro-pessoas-feridas-na-rodovia-da-integracao\/","title":{"rendered":"Colis\u00e3o frontal entre dois carros deixa quatro pessoas feridas na Rodovia da Integra\u00e7\u00e3o"},"content":{"rendered":"<h2 class=\"content-head__subtitle\" style=\"text-align: justify;\"><strong>Acidente de tr\u00e2nsito ocorreu na tarde desta ter\u00e7a-feira (24), na altura do km 106, em Presidente Venceslau. V\u00edtimas foram socorridas e hospitalizadas.<\/strong><\/h2>\n<p><img loading=\"lazy\" decoding=\"async\" class=\"alignnone size-full wp-image-14871\" src=\"https:\/\/jorgezanoni.com.br\/2019\/wp-content\/uploads\/2019\/12\/integra.jpg\" alt=\"\" width=\"640\" height=\"320\" srcset=\"https:\/\/jorgezanoni.com.br\/2019\/wp-content\/uploads\/2019\/12\/integra.jpg 640w, https:\/\/jorgezanoni.com.br\/2019\/wp-content\/uploads\/2019\/12\/integra-300x150.jpg 300w\" sizes=\"auto, (max-width: 640px) 100vw, 640px\" \/><\/p>\n<p style=\"text-align: justify;\">Dois carros envolveram-se em colis\u00e3o frontal na Rodovia da Integra\u00e7\u00e3o \u2014 Foto: Pol\u00edcia Militar Rodovi\u00e1ria<\/p>\n<div class=\"mc-column content-text active-extra-styles \" style=\"text-align: justify;\" data-block-type=\"unstyled\" data-block-weight=\"36\" data-block-id=\"2\">\n<p class=\"content-text__container \" data-track-category=\"Link no Texto\" data-track-links=\"\">Quatro pessoas ficaram feridas em decorr\u00eancia de um acidente de tr\u00e2nsito na tarde desta ter\u00e7a-feira (24) no km 106 da Rodovia General Euclides de Oliveira Figueiredo (SP-563), a chamada Rodovia da Integra\u00e7\u00e3o, em\u00a0<a href=\"https:\/\/g1.globo.com\/sp\/presidente-prudente-regiao\/cidade\/presidente-venceslau\/\">Presidente Venceslau (SP)<\/a>.<\/p>\n<\/div>\n<div class=\"wall protected-content\">\n<div class=\"mc-column content-text active-extra-styles \" style=\"text-align: justify;\" data-block-type=\"unstyled\" data-block-weight=\"21\" data-block-id=\"3\">\n<p class=\"content-text__container \" data-track-category=\"Link no Texto\" data-track-links=\"\">De acordo com as informa\u00e7\u00f5es disponibilizadas pela Pol\u00edcia Militar Rodovi\u00e1ria, dois carros envolveram-se em uma colis\u00e3o frontal, por volta das 12h30.<\/p>\n<\/div>\n<div class=\"mc-column content-text active-extra-styles \" style=\"text-align: justify;\" data-block-type=\"unstyled\" data-block-weight=\"13\" data-block-id=\"4\">\n<p class=\"content-text__container \" data-track-category=\"Link no Texto\" data-track-links=\"\">Das quatro v\u00edtimas, tr\u00eas pessoas tiveram ferimentos leves e uma sofreu les\u00f5es graves.<\/p>\n<\/div>\n<div class=\"mc-column content-text active-extra-styles \" style=\"text-align: justify;\" data-block-type=\"unstyled\" data-block-weight=\"21\" data-block-id=\"5\">\n<p class=\"content-text__container \" data-track-category=\"Link no Texto\" data-track-links=\"\">Todas as v\u00edtimas foram socorridas e encaminhadas ao Pronto-socorro da Santa Casa de Miseric\u00f3rdia de Presidente Venceslau para receber atendimento m\u00e9dico.<\/p>\n<\/div>\n<div class=\"mc-column content-text active-extra-styles \" data-block-type=\"unstyled\" data-block-weight=\"19\" data-block-id=\"6\">\n<p class=\"content-text__container \" style=\"text-align: justify;\" data-track-category=\"Link no Texto\" data-track-links=\"\">Segundo a pol\u00edcia, o tr\u00e2nsito foi controlado no local com o apoio do Departamento de Estradas de Rodagem (DER).<\/p>\n<p data-track-category=\"Link no Texto\" data-track-links=\"\"><img loading=\"lazy\" decoding=\"async\" class=\"alignnone size-full wp-image-14873\" src=\"https:\/\/jorgezanoni.com.br\/2019\/wp-content\/uploads\/2019\/12\/integra2.jpg\" alt=\"\" width=\"640\" height=\"320\" srcset=\"https:\/\/jorgezanoni.com.br\/2019\/wp-content\/uploads\/2019\/12\/integra2.jpg 640w, https:\/\/jorgezanoni.com.br\/2019\/wp-content\/uploads\/2019\/12\/integra2-300x150.jpg 300w\" sizes=\"auto, (max-width: 640px) 100vw, 640px\" \/><\/p>\n<p style=\"text-align: justify;\" data-track-category=\"Link no Texto\" data-track-links=\"\">Dois carros envolveram-se em colis\u00e3o frontal na Rodovia da Integra\u00e7\u00e3o \u2014 Foto: Pol\u00edcia Militar Rodovi\u00e1ria<\/p>\n<p data-track-category=\"Link no Texto\" data-track-links=\"\">Fonte: G1<\/p>\n<\/div>\n<\/div>\n","protected":false},"excerpt":{"rendered":"<p>Acidente de tr\u00e2nsito ocorreu na tarde desta ter\u00e7a-feira (24), na altura do km 106, em Presidente Venceslau. V\u00edtimas foram socorridas e hospitalizadas. Dois carros envolveram-se em colis\u00e3o frontal na Rodovia da Integra\u00e7\u00e3o \u2014 Foto: Pol\u00edcia Militar Rodovi\u00e1ria Quatro pessoas ficaram feridas em decorr\u00eancia de um acidente de tr\u00e2nsito na tarde desta ter\u00e7a-feira (24) no km [&hellip;]<\/p>\n","protected":false},"author":1,"featured_media":14872,"comment_status":"closed","ping_status":"open","sticky":false,"template":"","format":"standard","meta":{"footnotes":""},"categories":[170,110],"tags":[],"class_list":["post-14870","post","type-post","status-publish","format-standard","has-post-thumbnail","hentry","category-acidentes","category-noticiasdestaque"],"_links":{"self":[{"href":"https:\/\/jorgezanoni.com.br\/2019\/wp-json\/wp\/v2\/posts\/14870","targetHints":{"allow":["GET"]}}],"collection":[{"href":"https:\/\/jorgezanoni.com.br\/2019\/wp-json\/wp\/v2\/posts"}],"about":[{"href":"https:\/\/jorgezanoni.com.br\/2019\/wp-json\/wp\/v2\/types\/post"}],"author":[{"embeddable":true,"href":"https:\/\/jorgezanoni.com.br\/2019\/wp-json\/wp\/v2\/users\/1"}],"replies":[{"embeddable":true,"href":"https:\/\/jorgezanoni.com.br\/2019\/wp-json\/wp\/v2\/comments?post=14870"}],"version-history":[{"count":0,"href":"https:\/\/jorgezanoni.com.br\/2019\/wp-json\/wp\/v2\/posts\/14870\/revisions"}],"wp:featuredmedia":[{"embeddable":true,"href":"https:\/\/jorgezanoni.com.br\/2019\/wp-json\/wp\/v2\/media\/14872"}],"wp:attachment":[{"href":"https:\/\/jorgezanoni.com.br\/2019\/wp-json\/wp\/v2\/media?parent=14870"}],"wp:term":[{"taxonomy":"category","embeddable":true,"href":"https:\/\/jorgezanoni.com.br\/2019\/wp-json\/wp\/v2\/categories?post=14870"},{"taxonomy":"post_tag","embeddable":true,"href":"https:\/\/jorgezanoni.com.br\/2019\/wp-json\/wp\/v2\/tags?post=14870"}],"curies":[{"name":"wp","href":"https:\/\/api.w.org\/{rel}","templated":true}]}}