{"id":14828,"date":"2019-12-23T15:18:40","date_gmt":"2019-12-23T15:18:40","guid":{"rendered":"https:\/\/jorgezanoni.com.br\/2019\/?p=14828"},"modified":"2019-12-23T15:18:40","modified_gmt":"2019-12-23T15:18:40","slug":"crianca-de-seis-anos-e-estuprada-por-namorado-da-avo-e-suspeito-e-preso-em-presidente-prudente","status":"publish","type":"post","link":"https:\/\/jorgezanoni.com.br\/2019\/crianca-de-seis-anos-e-estuprada-por-namorado-da-avo-e-suspeito-e-preso-em-presidente-prudente\/","title":{"rendered":"Crian\u00e7a de seis anos \u00e9 estuprada por namorado da av\u00f3 e suspeito \u00e9 preso em Presidente Prudente"},"content":{"rendered":"<h2 class=\"content-head__subtitle\" style=\"text-align: justify;\"><strong>Conforme informa\u00e7\u00f5es do Boletim de Ocorr\u00eancia, o homem foi visto com a menina no colo e com a m\u00e3o dentro de sua calcinha. Ele foi autuado em flagrante na noite deste domingo (22).<\/strong><\/h2>\n<div class=\"mc-column content-text active-extra-styles active-capital-letter\" data-block-type=\"unstyled\" data-block-weight=\"35\" data-block-id=\"1\">\n<p class=\"content-text__container theme-color-primary-first-letter\" style=\"text-align: justify;\" data-track-category=\"Link no Texto\" data-track-links=\"\">Um homem de 61 anos foi preso em flagrante suspeito de estuprar uma crian\u00e7a de seis anos na noite deste domingo (22), no Jardim Planalto, em\u00a0<a href=\"https:\/\/g1.globo.com\/sp\/presidente-prudente-regiao\/cidade\/presidente-prudente\/\">Presidente Prudente<\/a>. V\u00edtima \u00e9 neta da namorada do autor.<\/p>\n<\/div>\n<div class=\"wall protected-content\">\n<div class=\"mc-column content-text active-extra-styles \" style=\"text-align: justify;\" data-block-type=\"unstyled\" data-block-weight=\"51\" data-block-id=\"2\">\n<p class=\"content-text__container \" data-track-category=\"Link no Texto\" data-track-links=\"\">De acordo com o Boletim de Ocorr\u00eancia, o suspeito reside no mesmo terreno que a namorada e av\u00f3 da v\u00edtima h\u00e1 aproximadamente cinco meses. Ela mora nos fundos com a filha e duas netas, uma de seis e a outra de oito anos, e ele mora em uma casa na frente.<\/p>\n<\/div>\n<div class=\"mc-column content-text active-extra-styles \" style=\"text-align: justify;\" data-block-type=\"unstyled\" data-block-weight=\"23\" data-block-id=\"3\">\n<p class=\"content-text__container \" data-track-category=\"Link no Texto\" data-track-links=\"\">Quando acionou a pol\u00edcia, a av\u00f3 contou, segundo a ocorr\u00eancia, que o autor teria &#8220;passado a m\u00e3o na vagina de sua neta&#8221;.<\/p>\n<\/div>\n<div class=\"mc-column content-text active-extra-styles \" style=\"text-align: justify;\" data-block-type=\"unstyled\" data-block-weight=\"58\" data-block-id=\"4\">\n<p class=\"content-text__container \" data-track-category=\"Link no Texto\" data-track-links=\"\">Os policiais foram at\u00e9 o local e conversou com a m\u00e3e da v\u00edtima, que relatou que viu sua filha no colo do suspeito e ele estava &#8220;acariciando&#8221; com a m\u00e3o a vagina da crian\u00e7a. A v\u00edtima estava de short e calcinha e, de acordo com a m\u00e3e, o suspeito estava com a m\u00e3o dentro de do short.<\/p>\n<\/div>\n<div class=\"mc-column content-text active-extra-styles \" style=\"text-align: justify;\" data-block-type=\"unstyled\" data-block-weight=\"29\" data-block-id=\"5\">\n<p class=\"content-text__container \" data-track-category=\"Link no Texto\" data-track-links=\"\">A m\u00e3e, conforme consta no boletim, perguntou \u00e0 filha duas vezes sobre o ocorrido e a crian\u00e7a confirmou que o homem estava passando a m\u00e3o em sua vagina.<\/p>\n<\/div>\n<div class=\"mc-column content-text active-extra-styles \" data-block-type=\"unstyled\" data-block-weight=\"29\" data-block-id=\"6\">\n<p class=\"content-text__container \" style=\"text-align: justify;\" data-track-category=\"Link no Texto\" data-track-links=\"\">A irm\u00e3, de oito anos, contou aos policiais que o namorado da av\u00f3 havia a convidado para sentar no colo dele, mas ela n\u00e3o aceitou e se afastou.<\/p>\n<div class=\"mc-column content-text active-extra-styles \" style=\"text-align: justify;\" data-block-type=\"unstyled\" data-block-weight=\"38\" data-block-id=\"8\">\n<p class=\"content-text__container \" data-track-category=\"Link no Texto\" data-track-links=\"\">Ainda conforme informa\u00e7\u00f5es da ocorr\u00eancia, a m\u00e3e da v\u00edtima disse que flagrou a situa\u00e7\u00e3o na \u00e1rea da casa do suspeito, que fica no im\u00f3vel da frente. A neta tamb\u00e9m confirmou para a av\u00f3 o que havia acontecido.<\/p>\n<\/div>\n<div class=\"mc-column content-text active-extra-styles \" style=\"text-align: justify;\" data-block-type=\"unstyled\" data-block-weight=\"40\" data-block-id=\"9\">\n<p class=\"content-text__container \" data-track-category=\"Link no Texto\" data-track-links=\"\">Quando soube, a av\u00f3, segundo o boletim, foi at\u00e9 o autor para conversar a respeito da situa\u00e7\u00e3o. Ele negou os fatos. O homem estava bastante alterado, momento em que a av\u00f3 o empurrou e ele caiu, conforme o boletim.<\/p>\n<\/div>\n<div class=\"mc-column content-text active-extra-styles \" style=\"text-align: justify;\" data-block-type=\"unstyled\" data-block-weight=\"16\" data-block-id=\"10\">\n<p class=\"content-text__container \" data-track-category=\"Link no Texto\" data-track-links=\"\">Em seguida, o irm\u00e3o do suspeito chegou ao local e o levou para sua casa.<\/p>\n<\/div>\n<div class=\"mc-column content-text active-extra-styles \" style=\"text-align: justify;\" data-block-type=\"unstyled\" data-block-weight=\"45\" data-block-id=\"11\">\n<p class=\"content-text__container \" data-track-category=\"Link no Texto\" data-track-links=\"\">A pol\u00edcia localizou o suspeito na resid\u00eancia do irm\u00e3o e o indagou sobre o ocorrido. Ele afirmou que estava brincando com as crian\u00e7as e que a v\u00edtima estava em seu colo, mas disse que em nenhum momento passou a m\u00e3o em seu \u00f3rg\u00e3o genital.<\/p>\n<\/div>\n<div class=\"mc-column content-text active-extra-styles \" style=\"text-align: justify;\" data-block-type=\"unstyled\" data-block-weight=\"11\" data-block-id=\"12\">\n<p class=\"content-text__container \" data-track-category=\"Link no Texto\" data-track-links=\"\">O homem foi preso em flagrante por estupro de vulner\u00e1vel consumado.<\/p>\n<\/div>\n<div class=\"mc-column content-text active-extra-styles \" data-block-type=\"unstyled\" data-block-weight=\"8\" data-block-id=\"13\">\n<p class=\"content-text__container \" style=\"text-align: justify;\" data-track-category=\"Link no Texto\" data-track-links=\"\">Inqu\u00e9rito policial foi instaurado para investigar o caso.<\/p>\n<p style=\"text-align: justify;\" data-track-category=\"Link no Texto\" data-track-links=\"\">Fonte: G1<\/p>\n<p data-track-category=\"Link no Texto\" data-track-links=\"\">Imagem Ilustrativa<\/p>\n<\/div>\n<\/div>\n<\/div>\n","protected":false},"excerpt":{"rendered":"<p>Conforme informa\u00e7\u00f5es do Boletim de Ocorr\u00eancia, o homem foi visto com a menina no colo e com a m\u00e3o dentro de sua calcinha. Ele foi autuado em flagrante na noite deste domingo (22). Um homem de 61 anos foi preso em flagrante suspeito de estuprar uma crian\u00e7a de seis anos na noite deste domingo (22), [&hellip;]<\/p>\n","protected":false},"author":1,"featured_media":14829,"comment_status":"closed","ping_status":"open","sticky":false,"template":"","format":"standard","meta":{"footnotes":""},"categories":[110,2],"tags":[],"class_list":["post-14828","post","type-post","status-publish","format-standard","has-post-thumbnail","hentry","category-noticiasdestaque","category-policial"],"_links":{"self":[{"href":"https:\/\/jorgezanoni.com.br\/2019\/wp-json\/wp\/v2\/posts\/14828","targetHints":{"allow":["GET"]}}],"collection":[{"href":"https:\/\/jorgezanoni.com.br\/2019\/wp-json\/wp\/v2\/posts"}],"about":[{"href":"https:\/\/jorgezanoni.com.br\/2019\/wp-json\/wp\/v2\/types\/post"}],"author":[{"embeddable":true,"href":"https:\/\/jorgezanoni.com.br\/2019\/wp-json\/wp\/v2\/users\/1"}],"replies":[{"embeddable":true,"href":"https:\/\/jorgezanoni.com.br\/2019\/wp-json\/wp\/v2\/comments?post=14828"}],"version-history":[{"count":0,"href":"https:\/\/jorgezanoni.com.br\/2019\/wp-json\/wp\/v2\/posts\/14828\/revisions"}],"wp:featuredmedia":[{"embeddable":true,"href":"https:\/\/jorgezanoni.com.br\/2019\/wp-json\/wp\/v2\/media\/14829"}],"wp:attachment":[{"href":"https:\/\/jorgezanoni.com.br\/2019\/wp-json\/wp\/v2\/media?parent=14828"}],"wp:term":[{"taxonomy":"category","embeddable":true,"href":"https:\/\/jorgezanoni.com.br\/2019\/wp-json\/wp\/v2\/categories?post=14828"},{"taxonomy":"post_tag","embeddable":true,"href":"https:\/\/jorgezanoni.com.br\/2019\/wp-json\/wp\/v2\/tags?post=14828"}],"curies":[{"name":"wp","href":"https:\/\/api.w.org\/{rel}","templated":true}]}}