{"id":14823,"date":"2019-12-23T15:00:33","date_gmt":"2019-12-23T15:00:33","guid":{"rendered":"https:\/\/jorgezanoni.com.br\/2019\/?p=14823"},"modified":"2019-12-23T15:00:33","modified_gmt":"2019-12-23T15:00:33","slug":"morre-a-senhora-benedita-martins-viuva-do-zito-da-inconal","status":"publish","type":"post","link":"https:\/\/jorgezanoni.com.br\/2019\/morre-a-senhora-benedita-martins-viuva-do-zito-da-inconal\/","title":{"rendered":"Morre a senhora Benedita Martins, vi\u00fava do Zito da Inconal"},"content":{"rendered":"<p style=\"text-align: justify;\">Comunicamos com pesar o falecimento na manh\u00e3 desta segunda-feira (23), da senhora Benedita Fernandes Martins de 86 anos.<\/p>\n<p style=\"text-align: justify;\">Dona Benedita \u00e9 matriarca da fam\u00edlia Martins, vi\u00fava do saudoso Joaquim Martins (Zito da Inconal).<\/p>\n<p style=\"text-align: justify;\">Deixa filhos, noras, genros, netos, demais familiares e amigos.<\/p>\n<p style=\"text-align: justify;\">O Vel\u00f3rio acontece na sala Vip do Memorial Vida Prev e o sepultamento ocorre amanh\u00e3 (24) \u00e0s 09:00 Horas no Cemit\u00e9rio Municipa de Dracena.<\/p>\n<p><img loading=\"lazy\" decoding=\"async\" class=\"alignnone size-full wp-image-14825\" src=\"https:\/\/jorgezanoni.com.br\/2019\/wp-content\/uploads\/2019\/12\/Benedita1.jpg\" alt=\"\" width=\"815\" height=\"460\" srcset=\"https:\/\/jorgezanoni.com.br\/2019\/wp-content\/uploads\/2019\/12\/Benedita1.jpg 815w, https:\/\/jorgezanoni.com.br\/2019\/wp-content\/uploads\/2019\/12\/Benedita1-300x169.jpg 300w, https:\/\/jorgezanoni.com.br\/2019\/wp-content\/uploads\/2019\/12\/Benedita1-768x433.jpg 768w, https:\/\/jorgezanoni.com.br\/2019\/wp-content\/uploads\/2019\/12\/Benedita1-696x393.jpg 696w, https:\/\/jorgezanoni.com.br\/2019\/wp-content\/uploads\/2019\/12\/Benedita1-744x420.jpg 744w\" sizes=\"auto, (max-width: 815px) 100vw, 815px\" \/><\/p>\n","protected":false},"excerpt":{"rendered":"<p>Comunicamos com pesar o falecimento na manh\u00e3 desta segunda-feira (23), da senhora Benedita Fernandes Martins de 86 anos. Dona Benedita \u00e9 matriarca da fam\u00edlia Martins, vi\u00fava do saudoso Joaquim Martins (Zito da Inconal). Deixa filhos, noras, genros, netos, demais familiares e amigos. O Vel\u00f3rio acontece na sala Vip do Memorial Vida Prev e o sepultamento [&hellip;]<\/p>\n","protected":false},"author":1,"featured_media":14826,"comment_status":"closed","ping_status":"open","sticky":false,"template":"","format":"standard","meta":{"footnotes":""},"categories":[178,110],"tags":[],"class_list":["post-14823","post","type-post","status-publish","format-standard","has-post-thumbnail","hentry","category-notadefalecimento","category-noticiasdestaque"],"_links":{"self":[{"href":"https:\/\/jorgezanoni.com.br\/2019\/wp-json\/wp\/v2\/posts\/14823","targetHints":{"allow":["GET"]}}],"collection":[{"href":"https:\/\/jorgezanoni.com.br\/2019\/wp-json\/wp\/v2\/posts"}],"about":[{"href":"https:\/\/jorgezanoni.com.br\/2019\/wp-json\/wp\/v2\/types\/post"}],"author":[{"embeddable":true,"href":"https:\/\/jorgezanoni.com.br\/2019\/wp-json\/wp\/v2\/users\/1"}],"replies":[{"embeddable":true,"href":"https:\/\/jorgezanoni.com.br\/2019\/wp-json\/wp\/v2\/comments?post=14823"}],"version-history":[{"count":0,"href":"https:\/\/jorgezanoni.com.br\/2019\/wp-json\/wp\/v2\/posts\/14823\/revisions"}],"wp:featuredmedia":[{"embeddable":true,"href":"https:\/\/jorgezanoni.com.br\/2019\/wp-json\/wp\/v2\/media\/14826"}],"wp:attachment":[{"href":"https:\/\/jorgezanoni.com.br\/2019\/wp-json\/wp\/v2\/media?parent=14823"}],"wp:term":[{"taxonomy":"category","embeddable":true,"href":"https:\/\/jorgezanoni.com.br\/2019\/wp-json\/wp\/v2\/categories?post=14823"},{"taxonomy":"post_tag","embeddable":true,"href":"https:\/\/jorgezanoni.com.br\/2019\/wp-json\/wp\/v2\/tags?post=14823"}],"curies":[{"name":"wp","href":"https:\/\/api.w.org\/{rel}","templated":true}]}}