{"id":14737,"date":"2019-12-22T19:05:04","date_gmt":"2019-12-22T19:05:04","guid":{"rendered":"https:\/\/jorgezanoni.com.br\/2019\/?p=14737"},"modified":"2019-12-22T19:50:46","modified_gmt":"2019-12-22T19:50:46","slug":"morre-ademir-pereira-de-freitas-que-foi-motorista-da-reunidas-por-35-anos","status":"publish","type":"post","link":"https:\/\/jorgezanoni.com.br\/2019\/morre-ademir-pereira-de-freitas-que-foi-motorista-da-reunidas-por-35-anos\/","title":{"rendered":"Morre Ademir Pereira de Freitas que foi motorista da Reunidas por 35 anos"},"content":{"rendered":"<p style=\"text-align: justify;\">Comunicamos com pesar o falecimento do sr. ADEMIR PEREIRA DE FREITAS aos 67 anos, ocorrido na cidade de Presidente Prudente.<\/p>\n<p style=\"text-align: justify;\">Deixa esposa, filhos, parentes e amigos. Residia na avenida Alcides Chacon Couto no bairro Metr\u00f3pole em Dracena.<\/p>\n<p style=\"text-align: justify;\">Seu Corpo est\u00e1 sendo velado na Mutu\u00e1ria Dracenense e o Sepultamento ocorre amanh\u00e3 (23) \u00e0s 13:00 Horas no Cemit\u00e9rio Municipal de Dracena.<\/p>\n<p style=\"text-align: justify;\">Fonte: Mutu\u00e1ria Dracenense<\/p>\n","protected":false},"excerpt":{"rendered":"<p>Comunicamos com pesar o falecimento do sr. ADEMIR PEREIRA DE FREITAS aos 67 anos, ocorrido na cidade de Presidente Prudente. Deixa esposa, filhos, parentes e amigos. Residia na avenida Alcides Chacon Couto no bairro Metr\u00f3pole em Dracena. Seu Corpo est\u00e1 sendo velado na Mutu\u00e1ria Dracenense e o Sepultamento ocorre amanh\u00e3 (23) \u00e0s 13:00 Horas no [&hellip;]<\/p>\n","protected":false},"author":1,"featured_media":14738,"comment_status":"closed","ping_status":"open","sticky":false,"template":"","format":"standard","meta":{"footnotes":""},"categories":[178,110],"tags":[],"class_list":["post-14737","post","type-post","status-publish","format-standard","has-post-thumbnail","hentry","category-notadefalecimento","category-noticiasdestaque"],"_links":{"self":[{"href":"https:\/\/jorgezanoni.com.br\/2019\/wp-json\/wp\/v2\/posts\/14737","targetHints":{"allow":["GET"]}}],"collection":[{"href":"https:\/\/jorgezanoni.com.br\/2019\/wp-json\/wp\/v2\/posts"}],"about":[{"href":"https:\/\/jorgezanoni.com.br\/2019\/wp-json\/wp\/v2\/types\/post"}],"author":[{"embeddable":true,"href":"https:\/\/jorgezanoni.com.br\/2019\/wp-json\/wp\/v2\/users\/1"}],"replies":[{"embeddable":true,"href":"https:\/\/jorgezanoni.com.br\/2019\/wp-json\/wp\/v2\/comments?post=14737"}],"version-history":[{"count":0,"href":"https:\/\/jorgezanoni.com.br\/2019\/wp-json\/wp\/v2\/posts\/14737\/revisions"}],"wp:featuredmedia":[{"embeddable":true,"href":"https:\/\/jorgezanoni.com.br\/2019\/wp-json\/wp\/v2\/media\/14738"}],"wp:attachment":[{"href":"https:\/\/jorgezanoni.com.br\/2019\/wp-json\/wp\/v2\/media?parent=14737"}],"wp:term":[{"taxonomy":"category","embeddable":true,"href":"https:\/\/jorgezanoni.com.br\/2019\/wp-json\/wp\/v2\/categories?post=14737"},{"taxonomy":"post_tag","embeddable":true,"href":"https:\/\/jorgezanoni.com.br\/2019\/wp-json\/wp\/v2\/tags?post=14737"}],"curies":[{"name":"wp","href":"https:\/\/api.w.org\/{rel}","templated":true}]}}