{"id":14728,"date":"2019-12-22T17:47:57","date_gmt":"2019-12-22T17:47:57","guid":{"rendered":"https:\/\/jorgezanoni.com.br\/2019\/?p=14728"},"modified":"2019-12-22T17:47:57","modified_gmt":"2019-12-22T17:47:57","slug":"bira-baixista-do-programa-do-jo-soares-morre-em-hospital-em-sp","status":"publish","type":"post","link":"https:\/\/jorgezanoni.com.br\/2019\/bira-baixista-do-programa-do-jo-soares-morre-em-hospital-em-sp\/","title":{"rendered":"Bira, baixista do programa do J\u00f4 Soares, morre em hospital em SP"},"content":{"rendered":"<h2 class=\"content-head__subtitle\" style=\"text-align: justify;\"><strong>De acordo com familiares, m\u00fasico faleceu \u00e0s 7h deste domingo (22). Ele estava internado no Hospital Sancta Maggiore, na Zona Leste da cidade.<\/strong><\/h2>\n<div class=\"mc-column content-text active-extra-styles \" data-block-type=\"unstyled\" data-block-weight=\"28\" data-block-id=\"2\">\n<p class=\"content-text__container \" style=\"text-align: justify;\" data-track-category=\"Link no Texto\" data-track-links=\"\">O m\u00fasico Bira, baixista do Programa do J\u00f4 Soares, morreu na manh\u00e3 deste domingo (22), aos 85 anos, em S\u00e3o Paulo. A informa\u00e7\u00e3o foi confirmada por familiares.<\/p>\n<\/div>\n<div class=\"wall protected-content\">\n<div class=\"mc-column content-text active-extra-styles \" style=\"text-align: justify;\" data-block-type=\"unstyled\" data-block-weight=\"23\" data-block-id=\"3\">\n<p class=\"content-text__container \" data-track-category=\"Link no Texto\" data-track-links=\"\">Ele estava internado desde a \u00faltima sexta-feira (20) no Hospital Sancta Maggiore, na Mooca, Zona Leste da cidade, ap\u00f3s sofrer um AVC.<\/p>\n<\/div>\n<div class=\"mc-column content-text active-extra-styles \" data-block-type=\"unstyled\" data-block-weight=\"14\" data-block-id=\"4\">\n<p class=\"content-text__container \" style=\"text-align: justify;\" data-track-category=\"Link no Texto\" data-track-links=\"\">Natural de Salvador, Ubirajara Penacho dos Reis ficou conhecido como &#8220;Bira do J\u00f4&#8221;.<\/p>\n<div class=\"mc-column content-text active-extra-styles \" style=\"text-align: justify;\" data-block-type=\"unstyled\" data-block-weight=\"26\" data-block-id=\"7\">\n<p class=\"content-text__container \" data-track-category=\"Link no Texto\" data-track-links=\"\">O baiano era um dos integrantes do Sexteto, banda formada por Tomati (guitarra el\u00e9trica), Osmar Barutti (piano), Chiquinho Oliveira (trompete), Derico (saxofone) e Miltinho (bateria).<\/p>\n<\/div>\n<div class=\"mc-column content-text active-extra-styles \" style=\"text-align: justify;\" data-block-type=\"unstyled\" data-block-weight=\"24\" data-block-id=\"8\">\n<p class=\"content-text__container \" data-track-category=\"Link no Texto\" data-track-links=\"\">O grupo acompanhou o apresentador J\u00f4 Soares nos programas J\u00f4 Soares Onze e Meia, no SBT, e Programa do J\u00f4, da TV Globo.<\/p>\n<\/div>\n<div class=\"mc-column content-text active-extra-styles \" style=\"text-align: justify;\" data-block-type=\"unstyled\" data-block-weight=\"14\" data-block-id=\"9\">\n<p class=\"content-text__container \" data-track-category=\"Link no Texto\" data-track-links=\"\">Bira ganhou ganhou popularidade no talkshow por sua risada forte e alta.<\/p>\n<\/div>\n<div class=\"mc-column content-text active-extra-styles \" data-block-type=\"unstyled\" data-block-weight=\"10\" data-block-id=\"10\">\n<p class=\"content-text__container \" style=\"text-align: justify;\" data-track-category=\"Link no Texto\" data-track-links=\"\">Ainda n\u00e3o h\u00e1 informa\u00e7\u00f5es sobre o vel\u00f3rio e sepultamento.<\/p>\n<p style=\"text-align: justify;\" data-track-category=\"Link no Texto\" data-track-links=\"\">Fonte: https:\/\/g1.globo.com\/sp\/sao-paulo\/noticia\/2019\/12\/22\/bira-baixista-do-programa-do-jo-soares-morre-em-hospital-em-sp.ghtml<\/p>\n<\/div>\n<\/div>\n<\/div>\n","protected":false},"excerpt":{"rendered":"<p>De acordo com familiares, m\u00fasico faleceu \u00e0s 7h deste domingo (22). Ele estava internado no Hospital Sancta Maggiore, na Zona Leste da cidade. O m\u00fasico Bira, baixista do Programa do J\u00f4 Soares, morreu na manh\u00e3 deste domingo (22), aos 85 anos, em S\u00e3o Paulo. A informa\u00e7\u00e3o foi confirmada por familiares. Ele estava internado desde a [&hellip;]<\/p>\n","protected":false},"author":1,"featured_media":14729,"comment_status":"closed","ping_status":"open","sticky":false,"template":"","format":"standard","meta":{"footnotes":""},"categories":[183,178,110],"tags":[],"class_list":["post-14728","post","type-post","status-publish","format-standard","has-post-thumbnail","hentry","category-musicaeturismo","category-notadefalecimento","category-noticiasdestaque"],"_links":{"self":[{"href":"https:\/\/jorgezanoni.com.br\/2019\/wp-json\/wp\/v2\/posts\/14728","targetHints":{"allow":["GET"]}}],"collection":[{"href":"https:\/\/jorgezanoni.com.br\/2019\/wp-json\/wp\/v2\/posts"}],"about":[{"href":"https:\/\/jorgezanoni.com.br\/2019\/wp-json\/wp\/v2\/types\/post"}],"author":[{"embeddable":true,"href":"https:\/\/jorgezanoni.com.br\/2019\/wp-json\/wp\/v2\/users\/1"}],"replies":[{"embeddable":true,"href":"https:\/\/jorgezanoni.com.br\/2019\/wp-json\/wp\/v2\/comments?post=14728"}],"version-history":[{"count":0,"href":"https:\/\/jorgezanoni.com.br\/2019\/wp-json\/wp\/v2\/posts\/14728\/revisions"}],"wp:featuredmedia":[{"embeddable":true,"href":"https:\/\/jorgezanoni.com.br\/2019\/wp-json\/wp\/v2\/media\/14729"}],"wp:attachment":[{"href":"https:\/\/jorgezanoni.com.br\/2019\/wp-json\/wp\/v2\/media?parent=14728"}],"wp:term":[{"taxonomy":"category","embeddable":true,"href":"https:\/\/jorgezanoni.com.br\/2019\/wp-json\/wp\/v2\/categories?post=14728"},{"taxonomy":"post_tag","embeddable":true,"href":"https:\/\/jorgezanoni.com.br\/2019\/wp-json\/wp\/v2\/tags?post=14728"}],"curies":[{"name":"wp","href":"https:\/\/api.w.org\/{rel}","templated":true}]}}