{"id":14720,"date":"2019-12-22T16:54:50","date_gmt":"2019-12-22T16:54:50","guid":{"rendered":"https:\/\/jorgezanoni.com.br\/2019\/?p=14720"},"modified":"2019-12-22T16:54:50","modified_gmt":"2019-12-22T16:54:50","slug":"avahu-encerrou-atividades-do-ano-de-2019-na-ultima-sexta-feira-20","status":"publish","type":"post","link":"https:\/\/jorgezanoni.com.br\/2019\/avahu-encerrou-atividades-do-ano-de-2019-na-ultima-sexta-feira-20\/","title":{"rendered":"AVAHU encerrou atividades do ano de 2019 na \u00faltima sexta-feira (20)"},"content":{"rendered":"<p style=\"text-align: justify;\">Na noite desta sexta-feira, 20\/12, na sede da AVAHU, houve o encerramento das atividades do ano, entre os Diretores, Funcion\u00e1rios e Volunt\u00e1rios.<\/p>\n<p style=\"text-align: justify;\">Na oportunidade, foi divulgado o balancete e as conquistas de aparelhos e acess\u00f3rios para a Associa\u00e7\u00e3o, al\u00e9m da regulariza\u00e7\u00e3o do terreno e da constru\u00e7\u00e3o do pr\u00e9dio, entre outras coisas, como sendo um dos melhores dos \u00faltimos anos, com esfor\u00e7os de todos aqueles e das Parcerias (empresas e, em especial, da Prefeitura Municipal de Dracena).<\/p>\n<p style=\"text-align: justify;\">O Presidente Gelto Gevesier Nunes, diretores e funcion\u00e1rios desejam a todos da imprensa escrita e falada, site e Facebook, um feliz Natal\u00a0 prof\u00edcuo e aben\u00e7oado 2020, contando sempre com o vosso apoio.<\/p>\n<p><img loading=\"lazy\" decoding=\"async\" class=\"alignnone size-full wp-image-14721\" src=\"https:\/\/jorgezanoni.com.br\/2019\/wp-content\/uploads\/2019\/12\/ava-1.jpg\" alt=\"\" width=\"800\" height=\"600\" srcset=\"https:\/\/jorgezanoni.com.br\/2019\/wp-content\/uploads\/2019\/12\/ava-1.jpg 800w, https:\/\/jorgezanoni.com.br\/2019\/wp-content\/uploads\/2019\/12\/ava-1-300x225.jpg 300w, https:\/\/jorgezanoni.com.br\/2019\/wp-content\/uploads\/2019\/12\/ava-1-768x576.jpg 768w, https:\/\/jorgezanoni.com.br\/2019\/wp-content\/uploads\/2019\/12\/ava-1-80x60.jpg 80w, https:\/\/jorgezanoni.com.br\/2019\/wp-content\/uploads\/2019\/12\/ava-1-265x198.jpg 265w, https:\/\/jorgezanoni.com.br\/2019\/wp-content\/uploads\/2019\/12\/ava-1-696x522.jpg 696w, https:\/\/jorgezanoni.com.br\/2019\/wp-content\/uploads\/2019\/12\/ava-1-560x420.jpg 560w\" sizes=\"auto, (max-width: 800px) 100vw, 800px\" \/> <img loading=\"lazy\" decoding=\"async\" class=\"alignnone size-full wp-image-14722\" src=\"https:\/\/jorgezanoni.com.br\/2019\/wp-content\/uploads\/2019\/12\/ava1-1.jpg\" alt=\"\" width=\"800\" height=\"600\" srcset=\"https:\/\/jorgezanoni.com.br\/2019\/wp-content\/uploads\/2019\/12\/ava1-1.jpg 800w, https:\/\/jorgezanoni.com.br\/2019\/wp-content\/uploads\/2019\/12\/ava1-1-300x225.jpg 300w, https:\/\/jorgezanoni.com.br\/2019\/wp-content\/uploads\/2019\/12\/ava1-1-768x576.jpg 768w, https:\/\/jorgezanoni.com.br\/2019\/wp-content\/uploads\/2019\/12\/ava1-1-80x60.jpg 80w, https:\/\/jorgezanoni.com.br\/2019\/wp-content\/uploads\/2019\/12\/ava1-1-265x198.jpg 265w, https:\/\/jorgezanoni.com.br\/2019\/wp-content\/uploads\/2019\/12\/ava1-1-696x522.jpg 696w, https:\/\/jorgezanoni.com.br\/2019\/wp-content\/uploads\/2019\/12\/ava1-1-560x420.jpg 560w\" sizes=\"auto, (max-width: 800px) 100vw, 800px\" \/><\/p>\n<p style=\"text-align: justify;\">Fonte: Avahu<\/p>\n","protected":false},"excerpt":{"rendered":"<p>Na noite desta sexta-feira, 20\/12, na sede da AVAHU, houve o encerramento das atividades do ano, entre os Diretores, Funcion\u00e1rios e Volunt\u00e1rios. Na oportunidade, foi divulgado o balancete e as conquistas de aparelhos e acess\u00f3rios para a Associa\u00e7\u00e3o, al\u00e9m da regulariza\u00e7\u00e3o do terreno e da constru\u00e7\u00e3o do pr\u00e9dio, entre outras coisas, como sendo um dos [&hellip;]<\/p>\n","protected":false},"author":1,"featured_media":14723,"comment_status":"closed","ping_status":"open","sticky":false,"template":"","format":"standard","meta":{"footnotes":""},"categories":[114],"tags":[],"class_list":["post-14720","post","type-post","status-publish","format-standard","has-post-thumbnail","hentry","category-geralecomercio"],"_links":{"self":[{"href":"https:\/\/jorgezanoni.com.br\/2019\/wp-json\/wp\/v2\/posts\/14720","targetHints":{"allow":["GET"]}}],"collection":[{"href":"https:\/\/jorgezanoni.com.br\/2019\/wp-json\/wp\/v2\/posts"}],"about":[{"href":"https:\/\/jorgezanoni.com.br\/2019\/wp-json\/wp\/v2\/types\/post"}],"author":[{"embeddable":true,"href":"https:\/\/jorgezanoni.com.br\/2019\/wp-json\/wp\/v2\/users\/1"}],"replies":[{"embeddable":true,"href":"https:\/\/jorgezanoni.com.br\/2019\/wp-json\/wp\/v2\/comments?post=14720"}],"version-history":[{"count":0,"href":"https:\/\/jorgezanoni.com.br\/2019\/wp-json\/wp\/v2\/posts\/14720\/revisions"}],"wp:featuredmedia":[{"embeddable":true,"href":"https:\/\/jorgezanoni.com.br\/2019\/wp-json\/wp\/v2\/media\/14723"}],"wp:attachment":[{"href":"https:\/\/jorgezanoni.com.br\/2019\/wp-json\/wp\/v2\/media?parent=14720"}],"wp:term":[{"taxonomy":"category","embeddable":true,"href":"https:\/\/jorgezanoni.com.br\/2019\/wp-json\/wp\/v2\/categories?post=14720"},{"taxonomy":"post_tag","embeddable":true,"href":"https:\/\/jorgezanoni.com.br\/2019\/wp-json\/wp\/v2\/tags?post=14720"}],"curies":[{"name":"wp","href":"https:\/\/api.w.org\/{rel}","templated":true}]}}