{"id":14693,"date":"2019-12-22T15:35:57","date_gmt":"2019-12-22T15:35:57","guid":{"rendered":"https:\/\/jorgezanoni.com.br\/2019\/?p=14693"},"modified":"2019-12-22T15:35:57","modified_gmt":"2019-12-22T15:35:57","slug":"jovem-mariana-fantin-zanetti-e-uma-das-formandas-da-escola-esquema-unico-de-marilia","status":"publish","type":"post","link":"https:\/\/jorgezanoni.com.br\/2019\/jovem-mariana-fantin-zanetti-e-uma-das-formandas-da-escola-esquema-unico-de-marilia\/","title":{"rendered":"Jovem Mariana Fantin Zanetti \u00e9 uma das formandas da Escola Esquema \u00danico de Marilia"},"content":{"rendered":"<p style=\"text-align: justify;\">A jovem Maria Fantin Zanetti que nasceu em Dracena e h\u00e1 alguns anos reside em Marilia, estava entre as formandas do terceiro ano da Escola Esquema \u00danico de Marilia.<\/p>\n<p><img loading=\"lazy\" decoding=\"async\" class=\"alignnone size-full wp-image-14696\" src=\"https:\/\/jorgezanoni.com.br\/2019\/wp-content\/uploads\/2019\/12\/Mariana-22-12.jpg\" alt=\"\" width=\"864\" height=\"1152\" srcset=\"https:\/\/jorgezanoni.com.br\/2019\/wp-content\/uploads\/2019\/12\/Mariana-22-12.jpg 864w, https:\/\/jorgezanoni.com.br\/2019\/wp-content\/uploads\/2019\/12\/Mariana-22-12-225x300.jpg 225w, https:\/\/jorgezanoni.com.br\/2019\/wp-content\/uploads\/2019\/12\/Mariana-22-12-768x1024.jpg 768w, https:\/\/jorgezanoni.com.br\/2019\/wp-content\/uploads\/2019\/12\/Mariana-22-12-696x928.jpg 696w, https:\/\/jorgezanoni.com.br\/2019\/wp-content\/uploads\/2019\/12\/Mariana-22-12-315x420.jpg 315w\" sizes=\"auto, (max-width: 864px) 100vw, 864px\" \/>Mariana vai cursar Faculdade de Odontologia a partir do pr\u00f3ximo ano.<\/p>\n<p style=\"text-align: justify;\">Felizes est\u00e3o os pais Josicl\u00e9ia Fantin Zanetti (Josi) e Paulo S\u00e9rgio Zanetti J\u00fanior (Juninho). S\u00e3o av\u00f3s maternos Jos\u00e9 Fantin Filho e Zildi Alves Fantin e paternos Paulo S\u00e9rgio Zanetti e Aparecida Bortolini Zanetti (in memorian).<\/p>\n<p><img loading=\"lazy\" decoding=\"async\" class=\"alignnone size-full wp-image-14697\" src=\"https:\/\/jorgezanoni.com.br\/2019\/wp-content\/uploads\/2019\/12\/Mariana-Josi-e-Zildenir-22-12.jpg\" alt=\"\" width=\"864\" height=\"1152\" srcset=\"https:\/\/jorgezanoni.com.br\/2019\/wp-content\/uploads\/2019\/12\/Mariana-Josi-e-Zildenir-22-12.jpg 864w, https:\/\/jorgezanoni.com.br\/2019\/wp-content\/uploads\/2019\/12\/Mariana-Josi-e-Zildenir-22-12-225x300.jpg 225w, https:\/\/jorgezanoni.com.br\/2019\/wp-content\/uploads\/2019\/12\/Mariana-Josi-e-Zildenir-22-12-768x1024.jpg 768w, https:\/\/jorgezanoni.com.br\/2019\/wp-content\/uploads\/2019\/12\/Mariana-Josi-e-Zildenir-22-12-696x928.jpg 696w, https:\/\/jorgezanoni.com.br\/2019\/wp-content\/uploads\/2019\/12\/Mariana-Josi-e-Zildenir-22-12-315x420.jpg 315w\" sizes=\"auto, (max-width: 864px) 100vw, 864px\" \/>Av\u00f3 Zildi, formanda Mariana e a m\u00e3e Josi.<\/p>\n<p><img loading=\"lazy\" decoding=\"async\" class=\"alignnone size-full wp-image-14695\" src=\"https:\/\/jorgezanoni.com.br\/2019\/wp-content\/uploads\/2019\/12\/Mariana-22-12-3.jpg\" alt=\"\" width=\"869\" height=\"1158\" srcset=\"https:\/\/jorgezanoni.com.br\/2019\/wp-content\/uploads\/2019\/12\/Mariana-22-12-3.jpg 869w, https:\/\/jorgezanoni.com.br\/2019\/wp-content\/uploads\/2019\/12\/Mariana-22-12-3-225x300.jpg 225w, https:\/\/jorgezanoni.com.br\/2019\/wp-content\/uploads\/2019\/12\/Mariana-22-12-3-768x1024.jpg 768w, https:\/\/jorgezanoni.com.br\/2019\/wp-content\/uploads\/2019\/12\/Mariana-22-12-3-696x927.jpg 696w, https:\/\/jorgezanoni.com.br\/2019\/wp-content\/uploads\/2019\/12\/Mariana-22-12-3-315x420.jpg 315w\" sizes=\"auto, (max-width: 869px) 100vw, 869px\" \/>Um momento inesquec\u00edvel da formatura da Mariana.<\/p>\n<p>O Site JZ aqui de Dracena envia os parab\u00e9ns a todos os familiares, em especial a querida Mariana por essa conquista, desejando sucesso nos novos desafios que vir\u00e3o.<\/p>\n<p style=\"text-align: justify;\">Jorge Zanoni<\/p>\n<p style=\"text-align: justify;\">\n<p>&nbsp;<\/p>\n<p>&nbsp;<\/p>\n","protected":false},"excerpt":{"rendered":"<p>A jovem Maria Fantin Zanetti que nasceu em Dracena e h\u00e1 alguns anos reside em Marilia, estava entre as formandas do terceiro ano da Escola Esquema \u00danico de Marilia. Mariana vai cursar Faculdade de Odontologia a partir do pr\u00f3ximo ano. Felizes est\u00e3o os pais Josicl\u00e9ia Fantin Zanetti (Josi) e Paulo S\u00e9rgio Zanetti J\u00fanior (Juninho). S\u00e3o [&hellip;]<\/p>\n","protected":false},"author":1,"featured_media":14694,"comment_status":"closed","ping_status":"open","sticky":false,"template":"","format":"standard","meta":{"footnotes":""},"categories":[114],"tags":[],"class_list":["post-14693","post","type-post","status-publish","format-standard","has-post-thumbnail","hentry","category-geralecomercio"],"_links":{"self":[{"href":"https:\/\/jorgezanoni.com.br\/2019\/wp-json\/wp\/v2\/posts\/14693","targetHints":{"allow":["GET"]}}],"collection":[{"href":"https:\/\/jorgezanoni.com.br\/2019\/wp-json\/wp\/v2\/posts"}],"about":[{"href":"https:\/\/jorgezanoni.com.br\/2019\/wp-json\/wp\/v2\/types\/post"}],"author":[{"embeddable":true,"href":"https:\/\/jorgezanoni.com.br\/2019\/wp-json\/wp\/v2\/users\/1"}],"replies":[{"embeddable":true,"href":"https:\/\/jorgezanoni.com.br\/2019\/wp-json\/wp\/v2\/comments?post=14693"}],"version-history":[{"count":0,"href":"https:\/\/jorgezanoni.com.br\/2019\/wp-json\/wp\/v2\/posts\/14693\/revisions"}],"wp:featuredmedia":[{"embeddable":true,"href":"https:\/\/jorgezanoni.com.br\/2019\/wp-json\/wp\/v2\/media\/14694"}],"wp:attachment":[{"href":"https:\/\/jorgezanoni.com.br\/2019\/wp-json\/wp\/v2\/media?parent=14693"}],"wp:term":[{"taxonomy":"category","embeddable":true,"href":"https:\/\/jorgezanoni.com.br\/2019\/wp-json\/wp\/v2\/categories?post=14693"},{"taxonomy":"post_tag","embeddable":true,"href":"https:\/\/jorgezanoni.com.br\/2019\/wp-json\/wp\/v2\/tags?post=14693"}],"curies":[{"name":"wp","href":"https:\/\/api.w.org\/{rel}","templated":true}]}}