{"id":14689,"date":"2019-12-22T15:04:28","date_gmt":"2019-12-22T15:04:28","guid":{"rendered":"https:\/\/jorgezanoni.com.br\/2019\/?p=14689"},"modified":"2019-12-22T15:06:25","modified_gmt":"2019-12-22T15:06:25","slug":"pe-de-mamao-sinaliza-buraco-para-motoristas-nao-cairem-dentro-no-santa-clara","status":"publish","type":"post","link":"https:\/\/jorgezanoni.com.br\/2019\/pe-de-mamao-sinaliza-buraco-para-motoristas-nao-cairem-dentro-no-santa-clara\/","title":{"rendered":"P\u00e9 de Mam\u00e3o sinaliza buraco para motoristas n\u00e3o cairem dentro no Santa Clara"},"content":{"rendered":"<p style=\"text-align: justify;\">Moradores da rua An\u00e1lia Franco colocaram um P\u00e9 de Mam\u00e3o para chamar a aten\u00e7\u00e3o dos motoristas e principalmente dos respons\u00e1veis na conserva\u00e7\u00e3o de ruas de Dracena para um problema que j\u00e1 se tornou recorrente no bairro Santa Clara.<\/p>\n<p style=\"text-align: justify;\">Pacotes simulando presentes tamb\u00e9m foram colocados no local.<\/p>\n<p style=\"text-align: justify;\">Outras vezes esse mesmo local j\u00e1 teve problemas e foram colocados bananeira e outras \u00e1rvores. Tamb\u00e9m existem locais no bairro que tem fios de energia el\u00e9trica pelo ch\u00e3o desde a tarde de ontem (21).<\/p>\n<p style=\"text-align: justify;\">Os mun\u00edcipes pagadores de impostos e que tem um vereador que diz que representa aquele bairro, pedem provid\u00eancias.<\/p>\n<p style=\"text-align: justify;\">Jorge Zanoni<\/p>\n<p>&nbsp;<\/p>\n","protected":false},"excerpt":{"rendered":"<p>Moradores da rua An\u00e1lia Franco colocaram um P\u00e9 de Mam\u00e3o para chamar a aten\u00e7\u00e3o dos motoristas e principalmente dos respons\u00e1veis na conserva\u00e7\u00e3o de ruas de Dracena para um problema que j\u00e1 se tornou recorrente no bairro Santa Clara. Pacotes simulando presentes tamb\u00e9m foram colocados no local. Outras vezes esse mesmo local j\u00e1 teve problemas e [&hellip;]<\/p>\n","protected":false},"author":1,"featured_media":14691,"comment_status":"closed","ping_status":"open","sticky":false,"template":"","format":"standard","meta":{"footnotes":""},"categories":[179,184,110],"tags":[],"class_list":["post-14689","post","type-post","status-publish","format-standard","has-post-thumbnail","hentry","category-cidadeseregiao","category-dracena","category-noticiasdestaque"],"_links":{"self":[{"href":"https:\/\/jorgezanoni.com.br\/2019\/wp-json\/wp\/v2\/posts\/14689","targetHints":{"allow":["GET"]}}],"collection":[{"href":"https:\/\/jorgezanoni.com.br\/2019\/wp-json\/wp\/v2\/posts"}],"about":[{"href":"https:\/\/jorgezanoni.com.br\/2019\/wp-json\/wp\/v2\/types\/post"}],"author":[{"embeddable":true,"href":"https:\/\/jorgezanoni.com.br\/2019\/wp-json\/wp\/v2\/users\/1"}],"replies":[{"embeddable":true,"href":"https:\/\/jorgezanoni.com.br\/2019\/wp-json\/wp\/v2\/comments?post=14689"}],"version-history":[{"count":0,"href":"https:\/\/jorgezanoni.com.br\/2019\/wp-json\/wp\/v2\/posts\/14689\/revisions"}],"wp:featuredmedia":[{"embeddable":true,"href":"https:\/\/jorgezanoni.com.br\/2019\/wp-json\/wp\/v2\/media\/14691"}],"wp:attachment":[{"href":"https:\/\/jorgezanoni.com.br\/2019\/wp-json\/wp\/v2\/media?parent=14689"}],"wp:term":[{"taxonomy":"category","embeddable":true,"href":"https:\/\/jorgezanoni.com.br\/2019\/wp-json\/wp\/v2\/categories?post=14689"},{"taxonomy":"post_tag","embeddable":true,"href":"https:\/\/jorgezanoni.com.br\/2019\/wp-json\/wp\/v2\/tags?post=14689"}],"curies":[{"name":"wp","href":"https:\/\/api.w.org\/{rel}","templated":true}]}}