{"id":14677,"date":"2019-12-21T22:50:02","date_gmt":"2019-12-21T22:50:02","guid":{"rendered":"https:\/\/jorgezanoni.com.br\/2019\/?p=14677"},"modified":"2019-12-21T22:50:02","modified_gmt":"2019-12-21T22:50:02","slug":"paciente-agride-dentista-e-assistente-dentro-de-pronto-atendimento","status":"publish","type":"post","link":"https:\/\/jorgezanoni.com.br\/2019\/paciente-agride-dentista-e-assistente-dentro-de-pronto-atendimento\/","title":{"rendered":"Paciente agride dentista e assistente dentro de Pronto Atendimento"},"content":{"rendered":"<div class=\"title\">\n<h1 class=\"content-head__title\" style=\"text-align: justify;\"><strong>Paciente agride dentista e assistente dentro do Pronto Atendimento Cohab\u00e3o em Presidente Prudente.<\/strong><\/h1>\n<\/div>\n<div class=\"medium-centered subtitle\">\n<h2 class=\"content-head__subtitle\" style=\"text-align: justify;\"><strong>Caso foi registrado na Delegacia da Pol\u00edcia Civil como vias de fato, les\u00e3o corporal e inj\u00faria. Homem n\u00e3o concordou com o procedimento ao qual foi submetido na unidade de sa\u00fade.<\/strong><\/h2>\n<div class=\"mc-column content-text active-extra-styles \" data-block-type=\"unstyled\" data-block-weight=\"31\" data-block-id=\"2\">\n<p class=\"content-text__container \" data-track-category=\"Link no Texto\" data-track-links=\"\">Duas servidoras municipais foram agredidas por um paciente dentro da Unidade B\u00e1sica de Sa\u00fade (UBS) conhecida como Pronto Atendimento (PA) da Cohab, em\u00a0<a href=\"https:\/\/g1.globo.com\/sp\/presidente-prudente-regiao\/cidade\/presidente-prudente\/\">Presidente Prudente (SP)<\/a>, na manh\u00e3 deste s\u00e1bado (21).<\/p>\n<\/div>\n<div class=\"wall protected-content\">\n<div class=\"mc-column content-text active-extra-styles \" data-block-type=\"unstyled\" data-block-weight=\"18\" data-block-id=\"3\">\n<p class=\"content-text__container \" style=\"text-align: justify;\" data-track-category=\"Link no Texto\" data-track-links=\"\">O caso foi registrado na Delegacia Participativa da Pol\u00edcia Civil como vias de fato, les\u00e3o corporal e inj\u00faria.<\/p>\n<\/div>\n<div class=\"mc-column content-text active-extra-styles \" style=\"text-align: justify;\" data-block-type=\"unstyled\" data-block-weight=\"25\" data-block-id=\"4\">\n<p class=\"content-text__container \" data-track-category=\"Link no Texto\" data-track-links=\"\">De acordo com o Boletim de Ocorr\u00eancia, as funcion\u00e1rias p\u00fablicas v\u00edtimas das agress\u00f5es foram uma dentista, de 37 anos, e sua assistente, de 40 anos.<\/p>\n<\/div>\n<div class=\"mc-column content-text active-extra-styles \" style=\"text-align: justify;\" data-block-type=\"unstyled\" data-block-weight=\"42\" data-block-id=\"5\">\n<p class=\"content-text__container \" data-track-category=\"Link no Texto\" data-track-links=\"\">As servidoras contaram \u00e0 Pol\u00edcia Civil que, por volta das 10h10, prestavam atendimento a um paciente, de 28 anos, que n\u00e3o concordou com o procedimento efetuado e deu uma cotovelada na dentista e come\u00e7ou a agredir sua assistente com socos no rosto.<\/p>\n<\/div>\n<div class=\"mc-column content-text active-extra-styles \" style=\"text-align: justify;\" data-block-type=\"unstyled\" data-block-weight=\"27\" data-block-id=\"7\">\n<p class=\"content-text__container \" data-track-category=\"Link no Texto\" data-track-links=\"\">Segundo o Boletim de Ocorr\u00eancia, o homem derrubou a assistente no ch\u00e3o e ainda chutou a mulher nas costas e nas pernas, xingando-a de \u201cvagabunda\u201d e \u201cvadia\u201d.<\/p>\n<\/div>\n<div class=\"mc-column content-text active-extra-styles \" style=\"text-align: justify;\" data-block-type=\"unstyled\" data-block-weight=\"18\" data-block-id=\"8\">\n<p class=\"content-text__container \" data-track-category=\"Link no Texto\" data-track-links=\"\">A assistente contou que o paciente s\u00f3 parou de agredi-la ap\u00f3s a chegada de outros funcion\u00e1rios ao local.<\/p>\n<\/div>\n<div class=\"mc-column content-text active-extra-styles \" style=\"text-align: justify;\" data-block-type=\"unstyled\" data-block-weight=\"32\" data-block-id=\"9\">\n<p class=\"content-text__container \" data-track-category=\"Link no Texto\" data-track-links=\"\">A Pol\u00edcia Civil solicitou a realiza\u00e7\u00e3o de exame de corpo de delito na assistente. J\u00e1 para a dentista o mesmo procedimento n\u00e3o foi adotado porque a v\u00edtima n\u00e3o ficou com les\u00e3o aparente.<\/p>\n<\/div>\n<div class=\"mc-column content-text active-extra-styles \" style=\"text-align: justify;\" data-block-type=\"unstyled\" data-block-weight=\"33\" data-block-id=\"10\">\n<p class=\"content-text__container \" data-track-category=\"Link no Texto\" data-track-links=\"\">As v\u00edtimas informaram que trabalham no mesmo local, que \u00e9 chamado popularmente de Cohab\u00e3o, h\u00e1 aproximadamente 15 anos e o procedimento utilizado no homem que lhes agrediu \u00e9 igual para todos os pacientes.<\/p>\n<\/div>\n<div class=\"mc-column content-text active-extra-styles \" style=\"text-align: justify;\" data-block-type=\"unstyled\" data-block-weight=\"35\" data-block-id=\"11\">\n<p class=\"content-text__container \" data-track-category=\"Link no Texto\" data-track-links=\"\">Elas tamb\u00e9m relataram que n\u00e3o \u00e9 a primeira vez em que o homem de 28 anos tem problema com funcion\u00e1rios do referido posto de sa\u00fade e que j\u00e1 existe registro de ocorr\u00eancia digital naquele local.<\/p>\n<\/div>\n<div class=\"mc-column content-text active-extra-styles \" style=\"text-align: justify;\" data-block-type=\"unstyled\" data-block-weight=\"7\" data-block-id=\"12\">\n<p class=\"content-text__container \" data-track-category=\"Link no Texto\" data-track-links=\"\">O caso \u00e9 investigado pela Pol\u00edcia Civil.<\/p>\n<\/div>\n<div class=\"mc-column content-text active-extra-styles \" data-block-type=\"unstyled\" data-block-weight=\"26\" data-block-id=\"13\">\n<p class=\"content-text__container \" style=\"text-align: justify;\" data-track-category=\"Link no Texto\" data-track-links=\"\">A Pol\u00edcia Civil informou ao\u00a0<strong>G1\u00a0<\/strong>que o agressor foi apresentado na Delegacia Participativa pela Pol\u00edcia Militar e acabou liberado ap\u00f3s assinar um Termo de Compromisso.<\/p>\n<div class=\"mc-column content-text active-extra-styles\" style=\"text-align: justify;\" data-block-type=\"raw\" data-block-weight=\"1\" data-block-id=\"16\">\n<div class=\"content-intertitle\">\n<h2>Rep\u00fadio<\/h2>\n<\/div>\n<\/div>\n<div class=\"mc-column content-text active-extra-styles \" style=\"text-align: justify;\" data-block-type=\"unstyled\" data-block-weight=\"42\" data-block-id=\"17\">\n<p class=\"content-text__container \" data-track-category=\"Link no Texto\" data-track-links=\"\">Em nota ao\u00a0<strong>G1<\/strong>, a Prefeitura de Presidente Prudente repudiou o ocorrido e confirmou que, na manh\u00e3 deste s\u00e1bado (21), duas profissionais do setor de odontologia do Pronto Atendimento da Cohab foram agredidas por um paciente, que contestava o procedimento da dentista.<\/p>\n<\/div>\n<div class=\"mc-column content-text active-extra-styles \" style=\"text-align: justify;\" data-block-type=\"unstyled\" data-block-weight=\"68\" data-block-id=\"18\">\n<p class=\"content-text__container \" data-track-category=\"Link no Texto\" data-track-links=\"\">\u201cUma delas levou uma cotovelada e a outra foi atacada por socos, chutes e empurr\u00f5es. O indiv\u00edduo s\u00f3 interrompeu os golpes ap\u00f3s ser contido por outros funcion\u00e1rios. As v\u00edtimas, acompanhadas por gestores da Secretaria de Sa\u00fade, comunicaram o fato \u00e0 pol\u00edcia, por meio de Boletim de Ocorr\u00eancia, e agora aguardam que as autoridades policiais tomem as devidas provid\u00eancias diante das evidentes agress\u00f5es\u201d, salientou o Poder Executivo ao\u00a0<strong>G1<\/strong>.<\/p>\n<p class=\"content-text__container \" data-track-category=\"Link no Texto\" data-track-links=\"\"><span style=\"font-style: italic; text-align: center;\">A Prefeitura repudia profundamente atitudes criminosas como esta e reitera que qualquer forma de desrespeito a servidores p\u00fablicos, ainda que n\u00e3o haja agress\u00e3o f\u00edsica, \u00e9 crime previsto no C\u00f3digo Penal\u201d, pontuou.<\/span><\/p>\n<\/div>\n<div class=\"mc-column content-text active-extra-styles \" style=\"text-align: justify;\" data-block-type=\"unstyled\" data-block-weight=\"33\" data-block-id=\"20\">\n<p class=\"content-text__container \" data-track-category=\"Link no Texto\" data-track-links=\"\">Ainda na nota encaminhada ao\u00a0<strong>G1<\/strong>, a Prefeitura enfatizou que os servidores municipais est\u00e3o orientados a denunciar imediatamente flagrantes de desacato ou agress\u00e3o, \u201cpara que atitudes revoltantes como esta n\u00e3o voltem a ocorrer\u201d.<\/p>\n<\/div>\n<div class=\"mc-column content-text active-extra-styles \" data-block-type=\"unstyled\" data-block-weight=\"52\" data-block-id=\"21\">\n<p class=\"content-text__container \" style=\"text-align: justify;\" data-track-category=\"Link no Texto\" data-track-links=\"\">\u201cInfelizmente, funcion\u00e1rios da Sa\u00fade t\u00eam sido v\u00edtimas de ataques verbais rotineiramente, tornando ainda mais penosa a atividade destes servidores que exercem suas fun\u00e7\u00f5es com zelo e dedica\u00e7\u00e3o. Os servidores da Prefeitura est\u00e3o orientados a denunciar imediatamente flagrantes de desacato ou agress\u00e3o, para que atitudes revoltantes como esta n\u00e3o voltem a ocorrer, concluiu.<\/p>\n<p style=\"text-align: justify;\" data-track-category=\"Link no Texto\" data-track-links=\"\">Fonte: G1<\/p>\n<\/div>\n<\/div>\n<\/div>\n<\/div>\n","protected":false},"excerpt":{"rendered":"<p>Paciente agride dentista e assistente dentro do Pronto Atendimento Cohab\u00e3o em Presidente Prudente. Caso foi registrado na Delegacia da Pol\u00edcia Civil como vias de fato, les\u00e3o corporal e inj\u00faria. Homem n\u00e3o concordou com o procedimento ao qual foi submetido na unidade de sa\u00fade. Duas servidoras municipais foram agredidas por um paciente dentro da Unidade B\u00e1sica [&hellip;]<\/p>\n","protected":false},"author":1,"featured_media":14679,"comment_status":"closed","ping_status":"open","sticky":false,"template":"","format":"standard","meta":{"footnotes":""},"categories":[110,2],"tags":[],"class_list":["post-14677","post","type-post","status-publish","format-standard","has-post-thumbnail","hentry","category-noticiasdestaque","category-policial"],"_links":{"self":[{"href":"https:\/\/jorgezanoni.com.br\/2019\/wp-json\/wp\/v2\/posts\/14677","targetHints":{"allow":["GET"]}}],"collection":[{"href":"https:\/\/jorgezanoni.com.br\/2019\/wp-json\/wp\/v2\/posts"}],"about":[{"href":"https:\/\/jorgezanoni.com.br\/2019\/wp-json\/wp\/v2\/types\/post"}],"author":[{"embeddable":true,"href":"https:\/\/jorgezanoni.com.br\/2019\/wp-json\/wp\/v2\/users\/1"}],"replies":[{"embeddable":true,"href":"https:\/\/jorgezanoni.com.br\/2019\/wp-json\/wp\/v2\/comments?post=14677"}],"version-history":[{"count":0,"href":"https:\/\/jorgezanoni.com.br\/2019\/wp-json\/wp\/v2\/posts\/14677\/revisions"}],"wp:featuredmedia":[{"embeddable":true,"href":"https:\/\/jorgezanoni.com.br\/2019\/wp-json\/wp\/v2\/media\/14679"}],"wp:attachment":[{"href":"https:\/\/jorgezanoni.com.br\/2019\/wp-json\/wp\/v2\/media?parent=14677"}],"wp:term":[{"taxonomy":"category","embeddable":true,"href":"https:\/\/jorgezanoni.com.br\/2019\/wp-json\/wp\/v2\/categories?post=14677"},{"taxonomy":"post_tag","embeddable":true,"href":"https:\/\/jorgezanoni.com.br\/2019\/wp-json\/wp\/v2\/tags?post=14677"}],"curies":[{"name":"wp","href":"https:\/\/api.w.org\/{rel}","templated":true}]}}