{"id":14672,"date":"2019-12-21T22:29:24","date_gmt":"2019-12-21T22:29:24","guid":{"rendered":"https:\/\/jorgezanoni.com.br\/2019\/?p=14672"},"modified":"2019-12-21T22:29:24","modified_gmt":"2019-12-21T22:29:24","slug":"colisoes-entre-carreta-carregada-de-cimento-e-carros-deixam-quatro-pessoas-feridas-na-rodovia-assis-chateaubriand","status":"publish","type":"post","link":"https:\/\/jorgezanoni.com.br\/2019\/colisoes-entre-carreta-carregada-de-cimento-e-carros-deixam-quatro-pessoas-feridas-na-rodovia-assis-chateaubriand\/","title":{"rendered":"Colis\u00f5es entre carreta carregada de cimento e carros deixam quatro pessoas feridas na Rodovia Assis Chateaubriand"},"content":{"rendered":"<h2 class=\"content-head__subtitle\" style=\"text-align: justify;\"><strong>Acidente de tr\u00e2nsito ocorreu na manh\u00e3 deste s\u00e1bado (21), na altura do km 402, em Martin\u00f3polis. V\u00edtimas foram socorridas e levadas \u00e0 Santa Casa de Osvaldo Cruz.<\/strong><\/h2>\n<div class=\"mc-column content-text active-extra-styles \" data-block-type=\"unstyled\" data-block-weight=\"30\" data-block-id=\"2\">\n<p class=\"content-text__container \" style=\"text-align: justify;\" data-track-category=\"Link no Texto\" data-track-links=\"\">Quatro pessoas ficaram feridas em decorr\u00eancia de um acidente de tr\u00e2nsito que envolveu tr\u00eas ve\u00edculos, na manh\u00e3 deste s\u00e1bado (21), no km 402 da Rodovia Assis Chateaubriand (SP-425), em\u00a0<a href=\"https:\/\/g1.globo.com\/sp\/presidente-prudente-regiao\/cidade\/martinopolis-sp\/\">Martin\u00f3polis<\/a>.<\/p>\n<\/div>\n<div class=\"wall protected-content\">\n<div class=\"mc-column content-text active-extra-styles \" style=\"text-align: justify;\" data-block-type=\"unstyled\" data-block-weight=\"39\" data-block-id=\"3\">\n<p class=\"content-text__container \" data-track-category=\"Link no Texto\" data-track-links=\"\">Segundo a Pol\u00edcia Militar Rodovi\u00e1ria, o acidente envolveu uma carreta carregada de cimento, que transitava no sentido Osvaldo Cruz\u2013Martin\u00f3polis, e dois autom\u00f3veis, que trafegavam na pista contr\u00e1ria, onde, por motivos a serem esclarecidos, colidiram lateralmente, por volta das 11h15.<\/p>\n<\/div>\n<div class=\"mc-column content-text active-extra-styles \" style=\"text-align: justify;\" data-block-type=\"unstyled\" data-block-weight=\"24\" data-block-id=\"4\">\n<p class=\"content-text__container \" data-track-category=\"Link no Texto\" data-track-links=\"\">As quatro pessoas feridas foram socorridas pelo Corpo de Bombeiros e encaminhadas \u00e0 Santa Casa de Miseric\u00f3rdia de\u00a0<a href=\"https:\/\/g1.globo.com\/sp\/presidente-prudente-regiao\/cidade\/osvaldo-cruz\/\">Osvaldo Cruz<\/a>\u00a0para receber atendimento m\u00e9dico.<\/p>\n<\/div>\n<div class=\"mc-column content-text active-extra-styles \" data-block-type=\"unstyled\" data-block-weight=\"19\" data-block-id=\"5\">\n<p class=\"content-text__container \" style=\"text-align: justify;\" data-track-category=\"Link no Texto\" data-track-links=\"\">Ainda segundo a pol\u00edcia, uma das v\u00edtimas teve ferimentos graves, enquanto as outras tr\u00eas sofreram les\u00f5es de natureza leve. O local n\u00e3o teve interrup\u00e7\u00e3o do fluxo de ve\u00edculos.<\/p>\n<p style=\"text-align: justify;\" data-track-category=\"Link no Texto\" data-track-links=\"\"><img loading=\"lazy\" decoding=\"async\" class=\"alignnone size-full wp-image-14673\" src=\"https:\/\/jorgezanoni.com.br\/2019\/wp-content\/uploads\/2019\/12\/rodo1-2.jpg\" alt=\"\" width=\"1600\" height=\"1200\" srcset=\"https:\/\/jorgezanoni.com.br\/2019\/wp-content\/uploads\/2019\/12\/rodo1-2.jpg 1600w, https:\/\/jorgezanoni.com.br\/2019\/wp-content\/uploads\/2019\/12\/rodo1-2-300x225.jpg 300w, https:\/\/jorgezanoni.com.br\/2019\/wp-content\/uploads\/2019\/12\/rodo1-2-768x576.jpg 768w, https:\/\/jorgezanoni.com.br\/2019\/wp-content\/uploads\/2019\/12\/rodo1-2-1024x768.jpg 1024w, https:\/\/jorgezanoni.com.br\/2019\/wp-content\/uploads\/2019\/12\/rodo1-2-80x60.jpg 80w, https:\/\/jorgezanoni.com.br\/2019\/wp-content\/uploads\/2019\/12\/rodo1-2-265x198.jpg 265w, https:\/\/jorgezanoni.com.br\/2019\/wp-content\/uploads\/2019\/12\/rodo1-2-696x522.jpg 696w, https:\/\/jorgezanoni.com.br\/2019\/wp-content\/uploads\/2019\/12\/rodo1-2-1068x801.jpg 1068w, https:\/\/jorgezanoni.com.br\/2019\/wp-content\/uploads\/2019\/12\/rodo1-2-560x420.jpg 560w\" sizes=\"auto, (max-width: 1600px) 100vw, 1600px\" \/>Acidente ocorreu na Rodovia Assis Chateaubriand, em Martin\u00f3polis \u2014 Foto: Pol\u00edcia Militar Rodovi\u00e1ria<\/p>\n<div class=\"mc-column content-text active-extra-styles\" style=\"text-align: justify;\" data-block-type=\"raw\" data-block-weight=\"2\" data-block-id=\"9\">\n<div class=\"content-intertitle\">\n<h2>Seguran\u00e7a vi\u00e1ria<\/h2>\n<\/div>\n<\/div>\n<div class=\"mc-column content-text active-extra-styles \" style=\"text-align: justify;\" data-block-type=\"unstyled\" data-block-weight=\"27\" data-block-id=\"10\">\n<p class=\"content-text__container \" data-track-category=\"Link no Texto\" data-track-links=\"\">Segundo a pol\u00edcia, um dos fatores que podem ter influenciado na ocorr\u00eancia do acidente foi a chuva no local onde houve as colis\u00f5es entre os tr\u00eas ve\u00edculos.<\/p>\n<\/div>\n<div class=\"mc-column content-text active-extra-styles \" style=\"text-align: justify;\" data-block-type=\"unstyled\" data-block-weight=\"27\" data-block-id=\"11\">\n<p class=\"content-text__container \" data-track-category=\"Link no Texto\" data-track-links=\"\">Com isso, a corpora\u00e7\u00e3o reiterou a import\u00e2ncia da aten\u00e7\u00e3o redobrada durante os deslocamentos com per\u00edodos de chuva e lembrou que, nestas condi\u00e7\u00f5es clim\u00e1ticas, a visibilidade \u00e9 reduzida.<\/p>\n<\/div>\n<div class=\"mc-column content-text active-extra-styles \" style=\"text-align: justify;\" data-block-type=\"unstyled\" data-block-weight=\"24\" data-block-id=\"12\">\n<p class=\"content-text__container \" data-track-category=\"Link no Texto\" data-track-links=\"\">Al\u00e9m disso, conforme a corpora\u00e7\u00e3o, a estabilidade para a frenagem \u00e9 menor e, portanto, a dist\u00e2ncia de seguran\u00e7a entre os ve\u00edculos deve ser maior.<\/p>\n<\/div>\n<div class=\"mc-column content-text active-extra-styles \" style=\"text-align: justify;\" data-block-type=\"unstyled\" data-block-weight=\"28\" data-block-id=\"13\">\n<p class=\"content-text__container \" data-track-category=\"Link no Texto\" data-track-links=\"\">Por fim, a pol\u00edcia refor\u00e7ou a import\u00e2ncia do respeito aos limites de velocidade e indicou que, com chuva, os ve\u00edculos devem trafegar pelo menos 10km\/h abaixo do limite.<\/p>\n<p style=\"text-align: justify;\" data-track-category=\"Link no Texto\" data-track-links=\"\"><img loading=\"lazy\" decoding=\"async\" class=\"alignnone size-full wp-image-14674\" src=\"https:\/\/jorgezanoni.com.br\/2019\/wp-content\/uploads\/2019\/12\/rodo2-2.jpg\" alt=\"\" width=\"1600\" height=\"900\" srcset=\"https:\/\/jorgezanoni.com.br\/2019\/wp-content\/uploads\/2019\/12\/rodo2-2.jpg 1600w, https:\/\/jorgezanoni.com.br\/2019\/wp-content\/uploads\/2019\/12\/rodo2-2-300x169.jpg 300w, https:\/\/jorgezanoni.com.br\/2019\/wp-content\/uploads\/2019\/12\/rodo2-2-768x432.jpg 768w, https:\/\/jorgezanoni.com.br\/2019\/wp-content\/uploads\/2019\/12\/rodo2-2-1024x576.jpg 1024w, https:\/\/jorgezanoni.com.br\/2019\/wp-content\/uploads\/2019\/12\/rodo2-2-696x392.jpg 696w, https:\/\/jorgezanoni.com.br\/2019\/wp-content\/uploads\/2019\/12\/rodo2-2-1068x601.jpg 1068w, https:\/\/jorgezanoni.com.br\/2019\/wp-content\/uploads\/2019\/12\/rodo2-2-747x420.jpg 747w\" sizes=\"auto, (max-width: 1600px) 100vw, 1600px\" \/>Acidente ocorreu na Rodovia Assis Chateaubriand, em Martin\u00f3polis \u2014 Foto: Pol\u00edcia Militar Rodovi\u00e1ria<\/p>\n<\/div>\n<p style=\"text-align: justify;\" data-track-category=\"Link no Texto\" data-track-links=\"\">Fonte: G1<\/p>\n<\/div>\n<\/div>\n","protected":false},"excerpt":{"rendered":"<p>Acidente de tr\u00e2nsito ocorreu na manh\u00e3 deste s\u00e1bado (21), na altura do km 402, em Martin\u00f3polis. V\u00edtimas foram socorridas e levadas \u00e0 Santa Casa de Osvaldo Cruz. Quatro pessoas ficaram feridas em decorr\u00eancia de um acidente de tr\u00e2nsito que envolveu tr\u00eas ve\u00edculos, na manh\u00e3 deste s\u00e1bado (21), no km 402 da Rodovia Assis Chateaubriand (SP-425), [&hellip;]<\/p>\n","protected":false},"author":1,"featured_media":14675,"comment_status":"closed","ping_status":"open","sticky":false,"template":"","format":"standard","meta":{"footnotes":""},"categories":[170,110],"tags":[],"class_list":["post-14672","post","type-post","status-publish","format-standard","has-post-thumbnail","hentry","category-acidentes","category-noticiasdestaque"],"_links":{"self":[{"href":"https:\/\/jorgezanoni.com.br\/2019\/wp-json\/wp\/v2\/posts\/14672","targetHints":{"allow":["GET"]}}],"collection":[{"href":"https:\/\/jorgezanoni.com.br\/2019\/wp-json\/wp\/v2\/posts"}],"about":[{"href":"https:\/\/jorgezanoni.com.br\/2019\/wp-json\/wp\/v2\/types\/post"}],"author":[{"embeddable":true,"href":"https:\/\/jorgezanoni.com.br\/2019\/wp-json\/wp\/v2\/users\/1"}],"replies":[{"embeddable":true,"href":"https:\/\/jorgezanoni.com.br\/2019\/wp-json\/wp\/v2\/comments?post=14672"}],"version-history":[{"count":0,"href":"https:\/\/jorgezanoni.com.br\/2019\/wp-json\/wp\/v2\/posts\/14672\/revisions"}],"wp:featuredmedia":[{"embeddable":true,"href":"https:\/\/jorgezanoni.com.br\/2019\/wp-json\/wp\/v2\/media\/14675"}],"wp:attachment":[{"href":"https:\/\/jorgezanoni.com.br\/2019\/wp-json\/wp\/v2\/media?parent=14672"}],"wp:term":[{"taxonomy":"category","embeddable":true,"href":"https:\/\/jorgezanoni.com.br\/2019\/wp-json\/wp\/v2\/categories?post=14672"},{"taxonomy":"post_tag","embeddable":true,"href":"https:\/\/jorgezanoni.com.br\/2019\/wp-json\/wp\/v2\/tags?post=14672"}],"curies":[{"name":"wp","href":"https:\/\/api.w.org\/{rel}","templated":true}]}}