{"id":14574,"date":"2019-12-21T02:35:33","date_gmt":"2019-12-21T02:35:33","guid":{"rendered":"https:\/\/jorgezanoni.com.br\/2019\/?p=14574"},"modified":"2019-12-21T02:35:33","modified_gmt":"2019-12-21T02:35:33","slug":"foco-pessoal-nossa-entrevistada-e-adriana-domingues-diretora-da-penitenciaria-feminina-de-tupi-paulista","status":"publish","type":"post","link":"https:\/\/jorgezanoni.com.br\/2019\/foco-pessoal-nossa-entrevistada-e-adriana-domingues-diretora-da-penitenciaria-feminina-de-tupi-paulista\/","title":{"rendered":"Foco Pessoal: Nossa entrevistada \u00e9 Adriana Domingues diretora da Penitenci\u00e1ria Feminina de Tupi Paulista"},"content":{"rendered":"<p style=\"text-align: justify;\"><strong>NOME: <\/strong>Adriana Alkmin Pereira Domingues<\/p>\n<p style=\"text-align: justify;\"><strong>NOME DO C\u00d4NJUGE: <\/strong>Nilson J Domingues<\/p>\n<p style=\"text-align: justify;\"><strong>FILHOS<\/strong>: 01 Menino &#8211; Lucas<\/p>\n<p style=\"text-align: justify;\"><strong>PERFUME:<\/strong> La Vie Est Belle Lanc\u00f4me<\/p>\n<p style=\"text-align: justify;\"><strong>CIDADE NATAL:<\/strong> Lorena\/SP<\/p>\n<p style=\"text-align: justify;\"><strong>UMA CIDADE: <\/strong>Campos Do Jord\u00e3o<\/p>\n<p style=\"text-align: justify;\"><strong>MOTIVO DE ORGULHO:<\/strong> Meu Filho!<\/p>\n<p style=\"text-align: justify;\"><strong>M\u00daSICA:<\/strong> MPB, Sertanejo<\/p>\n<p style=\"text-align: justify;\"><strong>RESTAURANTE: <\/strong>SansSouci Bistr\u00f4<\/p>\n<p style=\"text-align: justify;\"><strong>PRATO PREFERIDO: <\/strong>Massas<\/p>\n<p style=\"text-align: justify;\"><strong>SOBREMESA<\/strong>: Torta Holandesa<\/p>\n<p style=\"text-align: justify;\"><strong>BEBIDA:<\/strong>Espumante<\/p>\n<p style=\"text-align: justify;\"><strong>UM LIVRO: <\/strong>Biblia<\/p>\n<p style=\"text-align: justify;\"><strong>UMA COR<\/strong>: Vermelho<\/p>\n<p style=\"text-align: justify;\"><strong>ESPORTE: <\/strong>Praticante de Pilates e caminhada<\/p>\n<p style=\"text-align: justify;\"><strong>PESSOA QUE ADMIRO:<\/strong> Meu Pai<\/p>\n<p style=\"text-align: justify;\"><strong>PRAIA OU CAMPO: <\/strong>Praia<\/p>\n<p style=\"text-align: justify;\"><strong>UMA QUALIDADE: <\/strong>Sinceridade<\/p>\n<p style=\"text-align: justify;\"><strong>UM DEFEITO: <\/strong>Ser exigente<\/p>\n<p style=\"text-align: justify;\"><strong>UMA ALEGRIA: <\/strong>Nascimento do Meu Filho<\/p>\n<p style=\"text-align: justify;\"><strong>LEMBRAN\u00c7A DA INF\u00c2NCIA: <\/strong>F\u00e9rias nas Fazendas no Sul de Minas Gerais<\/p>\n<p style=\"text-align: justify;\"><strong>UMA FRASE:<\/strong> \u201c<em>Amo a mulher que me tornei porque eu lutei pra ser ela.\u201d<\/em><\/p>\n<p style=\"text-align: justify;\"><strong>RELATE UM POUCO DA SUA HIST\u00d3RIA DE VIDA<\/strong>:<\/p>\n<p style=\"text-align: justify;\">Cresci em Itajub\u00e1 sul de Minas Gerais; Tenho 2 (dois) irm\u00e3os, Sandro e Cinthia. Filha de Oficial do Ex\u00e9rcito, mudei para Dracena em 1988, de onde sa\u00ed para cursar Servi\u00e7o Social na Universidade Estadual de Londrina \u2013 UEL em 1994.<\/p>\n<p style=\"text-align: justify;\">Funcion\u00e1ria P\u00fablica Estadual desde 1998. Atualmente estou Diretora T\u00e9cnica III da Penitenci\u00e1ria Feminina de Tupi Paulista, desenvolvendo e \u00a0elaborando projetos e programas de sa\u00fade da popula\u00e7\u00e3o privada de liberdade, reintegra\u00e7\u00e3o social, cidadania, capacita\u00e7\u00e3o profissional, educa\u00e7\u00e3o e execu\u00e7\u00e3o administrativa das penas privativas de liberdade.<\/p>\n<p style=\"text-align: justify;\">Priorizo e adoro estar em casa no aconchego da fam\u00edlia, e cozinhar.<\/p>\n<p style=\"text-align: justify;\">AGRADECIMENTO:<\/p>\n<p style=\"text-align: justify;\">O <strong>SITE JZ\u00a0<\/strong>agradece a ilustre participa\u00e7\u00e3o da diretora da Penitenci\u00e1ria de Tupi Paulista Adriana Domingues, e parabeniza pelo trabalho que vem desenvolvendo junto as reeducandas em pr\u00f3l da sociedade. Muito obrigado por ter aceito nosso convite.<\/p>\n<p style=\"text-align: justify;\">Jorge Zanoni<\/p>\n<p style=\"text-align: justify;\">\n<p style=\"text-align: justify;\">\n<p style=\"text-align: justify;\">\n<p>&nbsp;<\/p>\n","protected":false},"excerpt":{"rendered":"<p>NOME: Adriana Alkmin Pereira Domingues NOME DO C\u00d4NJUGE: Nilson J Domingues FILHOS: 01 Menino &#8211; Lucas PERFUME: La Vie Est Belle Lanc\u00f4me CIDADE NATAL: Lorena\/SP UMA CIDADE: Campos Do Jord\u00e3o MOTIVO DE ORGULHO: Meu Filho! M\u00daSICA: MPB, Sertanejo RESTAURANTE: SansSouci Bistr\u00f4 PRATO PREFERIDO: Massas SOBREMESA: Torta Holandesa BEBIDA:Espumante UM LIVRO: Biblia UMA COR: Vermelho ESPORTE: [&hellip;]<\/p>\n","protected":false},"author":1,"featured_media":14576,"comment_status":"closed","ping_status":"open","sticky":false,"template":"","format":"standard","meta":{"footnotes":""},"categories":[125],"tags":[],"class_list":["post-14574","post","type-post","status-publish","format-standard","has-post-thumbnail","hentry","category-focopessoal"],"_links":{"self":[{"href":"https:\/\/jorgezanoni.com.br\/2019\/wp-json\/wp\/v2\/posts\/14574","targetHints":{"allow":["GET"]}}],"collection":[{"href":"https:\/\/jorgezanoni.com.br\/2019\/wp-json\/wp\/v2\/posts"}],"about":[{"href":"https:\/\/jorgezanoni.com.br\/2019\/wp-json\/wp\/v2\/types\/post"}],"author":[{"embeddable":true,"href":"https:\/\/jorgezanoni.com.br\/2019\/wp-json\/wp\/v2\/users\/1"}],"replies":[{"embeddable":true,"href":"https:\/\/jorgezanoni.com.br\/2019\/wp-json\/wp\/v2\/comments?post=14574"}],"version-history":[{"count":0,"href":"https:\/\/jorgezanoni.com.br\/2019\/wp-json\/wp\/v2\/posts\/14574\/revisions"}],"wp:featuredmedia":[{"embeddable":true,"href":"https:\/\/jorgezanoni.com.br\/2019\/wp-json\/wp\/v2\/media\/14576"}],"wp:attachment":[{"href":"https:\/\/jorgezanoni.com.br\/2019\/wp-json\/wp\/v2\/media?parent=14574"}],"wp:term":[{"taxonomy":"category","embeddable":true,"href":"https:\/\/jorgezanoni.com.br\/2019\/wp-json\/wp\/v2\/categories?post=14574"},{"taxonomy":"post_tag","embeddable":true,"href":"https:\/\/jorgezanoni.com.br\/2019\/wp-json\/wp\/v2\/tags?post=14574"}],"curies":[{"name":"wp","href":"https:\/\/api.w.org\/{rel}","templated":true}]}}