{"id":14570,"date":"2019-12-21T02:09:20","date_gmt":"2019-12-21T02:09:20","guid":{"rendered":"https:\/\/jorgezanoni.com.br\/2019\/?p=14570"},"modified":"2019-12-21T02:09:20","modified_gmt":"2019-12-21T02:09:20","slug":"policia-civil-prende-homens-e-mulher-na-operacao-bonta-em-dracena-e-regiao","status":"publish","type":"post","link":"https:\/\/jorgezanoni.com.br\/2019\/policia-civil-prende-homens-e-mulher-na-operacao-bonta-em-dracena-e-regiao\/","title":{"rendered":"Pol\u00edcia Civil prende homens e mulher na opera\u00e7\u00e3o &#8220;Bont\u00e0&#8221; em Dracena e regi\u00e3o"},"content":{"rendered":"<p style=\"text-align: justify;\">POL\u00cdCIA CIVIL PRENDE HOMENS E MULHER NA OPERA\u00c7\u00c3O \u201cBONT\u00c0\u201d EM DRACENA E REGI\u00c3O<\/p>\n<p style=\"text-align: justify;\">A Pol\u00edcia Civil deflagrou a Opera\u00e7\u00e3o Policial \u201cBont\u00e0\u201d para cumprimento de mandados de pris\u00e3o na \u00e1rea da Delegacia Seccional de Pol\u00edcia de Dracena.<br \/>\nA Policia Civil, pelas unidades hierarquicamente subordinadas \u00e0 Delegacia Seccional de Pol\u00edcia de Dracena, realizou no per\u00edodo de 16 a 20\/12, a opera\u00e7\u00e3o policial denominada \u201cBont\u00e0\u201d. (palavra de origem italiana que tem o significado de bondade, em alus\u00e3o a data do dia 20 de dezembro, em que se comemora do Dia da Bondade.)<br \/>\nDurante esse per\u00edodo, a Policia Civil realizou a\u00e7\u00e3o de cumprimento de mandados de pris\u00e3o decretados pela Justi\u00e7a contra pessoas que respondem pela autoria de diversos crimes e que encontravam-se em liberdade ou foragidas.<br \/>\nAtuando com o n\u00famero de 10 policias civis lotados nas unidades subordinadas \u00e0 Delegacia Seccional de Dracena e, com uso de equipamentos pr\u00f3prios do Estado, foram cumpridos 12 mandados de pris\u00e3o criminais e mais um de natureza c\u00edvel. Dentre as pessoas presas, encontra-se uma mulher contra a qual foi cumprido um mandado de pris\u00e3o de natureza criminal.<br \/>\nIlustrando, informa-se que mandados de pris\u00e3o foram cumpridos em Dracena, Monte Castelo, Panorama, Paulic\u00e9ia e Tupi Paulista.<br \/>\nAp\u00f3s os procedimentos de pol\u00edcia judici\u00e1ria, as pessoas presas ficaram \u00e0 disposi\u00e7\u00e3o da Justi\u00e7a e, a popula\u00e7\u00e3o desta regi\u00e3o, fica mais tranquila pela a\u00e7\u00e3o desenvolvida por este importante \u00f3rg\u00e3o de Seguran\u00e7a P\u00fablica que \u00e9 a Pol\u00edcia Civil paulista.<\/p>\n<p style=\"text-align: justify;\">Fonte: Com. Social Pol\u00edcia Civil<\/p>\n","protected":false},"excerpt":{"rendered":"<p>POL\u00cdCIA CIVIL PRENDE HOMENS E MULHER NA OPERA\u00c7\u00c3O \u201cBONT\u00c0\u201d EM DRACENA E REGI\u00c3O A Pol\u00edcia Civil deflagrou a Opera\u00e7\u00e3o Policial \u201cBont\u00e0\u201d para cumprimento de mandados de pris\u00e3o na \u00e1rea da Delegacia Seccional de Pol\u00edcia de Dracena. A Policia Civil, pelas unidades hierarquicamente subordinadas \u00e0 Delegacia Seccional de Pol\u00edcia de Dracena, realizou no per\u00edodo de 16 [&hellip;]<\/p>\n","protected":false},"author":1,"featured_media":14571,"comment_status":"closed","ping_status":"open","sticky":false,"template":"","format":"standard","meta":{"footnotes":""},"categories":[110,2],"tags":[],"class_list":["post-14570","post","type-post","status-publish","format-standard","has-post-thumbnail","hentry","category-noticiasdestaque","category-policial"],"_links":{"self":[{"href":"https:\/\/jorgezanoni.com.br\/2019\/wp-json\/wp\/v2\/posts\/14570","targetHints":{"allow":["GET"]}}],"collection":[{"href":"https:\/\/jorgezanoni.com.br\/2019\/wp-json\/wp\/v2\/posts"}],"about":[{"href":"https:\/\/jorgezanoni.com.br\/2019\/wp-json\/wp\/v2\/types\/post"}],"author":[{"embeddable":true,"href":"https:\/\/jorgezanoni.com.br\/2019\/wp-json\/wp\/v2\/users\/1"}],"replies":[{"embeddable":true,"href":"https:\/\/jorgezanoni.com.br\/2019\/wp-json\/wp\/v2\/comments?post=14570"}],"version-history":[{"count":0,"href":"https:\/\/jorgezanoni.com.br\/2019\/wp-json\/wp\/v2\/posts\/14570\/revisions"}],"wp:featuredmedia":[{"embeddable":true,"href":"https:\/\/jorgezanoni.com.br\/2019\/wp-json\/wp\/v2\/media\/14571"}],"wp:attachment":[{"href":"https:\/\/jorgezanoni.com.br\/2019\/wp-json\/wp\/v2\/media?parent=14570"}],"wp:term":[{"taxonomy":"category","embeddable":true,"href":"https:\/\/jorgezanoni.com.br\/2019\/wp-json\/wp\/v2\/categories?post=14570"},{"taxonomy":"post_tag","embeddable":true,"href":"https:\/\/jorgezanoni.com.br\/2019\/wp-json\/wp\/v2\/tags?post=14570"}],"curies":[{"name":"wp","href":"https:\/\/api.w.org\/{rel}","templated":true}]}}