{"id":14543,"date":"2019-12-20T21:59:29","date_gmt":"2019-12-20T21:59:29","guid":{"rendered":"https:\/\/jorgezanoni.com.br\/2019\/?p=14543"},"modified":"2019-12-20T21:59:29","modified_gmt":"2019-12-20T21:59:29","slug":"mudancas-no-transito-das-ruas-bahia-e-florianopolis","status":"publish","type":"post","link":"https:\/\/jorgezanoni.com.br\/2019\/mudancas-no-transito-das-ruas-bahia-e-florianopolis\/","title":{"rendered":"Mudan\u00e7as no tr\u00e2nsito das ruas Bahia e Florian\u00f3polis"},"content":{"rendered":"<p><strong>MUDAN\u00c7AS NO TR\u00c2NSITO DAS RUAS BAHIA E FLORIAN\u00d3POLIS<\/strong><\/p>\n<p><img loading=\"lazy\" decoding=\"async\" class=\"alignnone size-full wp-image-14545\" src=\"https:\/\/jorgezanoni.com.br\/2019\/wp-content\/uploads\/2019\/12\/MUDAN\u00c7A-TR\u00c2NSITO-RUA-BAHIA-02.jpg\" alt=\"\" width=\"703\" height=\"489\" srcset=\"https:\/\/jorgezanoni.com.br\/2019\/wp-content\/uploads\/2019\/12\/MUDAN\u00c7A-TR\u00c2NSITO-RUA-BAHIA-02.jpg 703w, https:\/\/jorgezanoni.com.br\/2019\/wp-content\/uploads\/2019\/12\/MUDAN\u00c7A-TR\u00c2NSITO-RUA-BAHIA-02-300x209.jpg 300w, https:\/\/jorgezanoni.com.br\/2019\/wp-content\/uploads\/2019\/12\/MUDAN\u00c7A-TR\u00c2NSITO-RUA-BAHIA-02-100x70.jpg 100w, https:\/\/jorgezanoni.com.br\/2019\/wp-content\/uploads\/2019\/12\/MUDAN\u00c7A-TR\u00c2NSITO-RUA-BAHIA-02-696x484.jpg 696w, https:\/\/jorgezanoni.com.br\/2019\/wp-content\/uploads\/2019\/12\/MUDAN\u00c7A-TR\u00c2NSITO-RUA-BAHIA-02-604x420.jpg 604w\" sizes=\"auto, (max-width: 703px) 100vw, 703px\" \/> <img loading=\"lazy\" decoding=\"async\" class=\"alignnone size-full wp-image-14546\" src=\"https:\/\/jorgezanoni.com.br\/2019\/wp-content\/uploads\/2019\/12\/MUDAN\u00c7A-TR\u00c2NSITO-RUA-BAHIA-03.jpg\" alt=\"\" width=\"809\" height=\"504\" srcset=\"https:\/\/jorgezanoni.com.br\/2019\/wp-content\/uploads\/2019\/12\/MUDAN\u00c7A-TR\u00c2NSITO-RUA-BAHIA-03.jpg 809w, https:\/\/jorgezanoni.com.br\/2019\/wp-content\/uploads\/2019\/12\/MUDAN\u00c7A-TR\u00c2NSITO-RUA-BAHIA-03-300x187.jpg 300w, https:\/\/jorgezanoni.com.br\/2019\/wp-content\/uploads\/2019\/12\/MUDAN\u00c7A-TR\u00c2NSITO-RUA-BAHIA-03-768x478.jpg 768w, https:\/\/jorgezanoni.com.br\/2019\/wp-content\/uploads\/2019\/12\/MUDAN\u00c7A-TR\u00c2NSITO-RUA-BAHIA-03-696x434.jpg 696w, https:\/\/jorgezanoni.com.br\/2019\/wp-content\/uploads\/2019\/12\/MUDAN\u00c7A-TR\u00c2NSITO-RUA-BAHIA-03-674x420.jpg 674w\" sizes=\"auto, (max-width: 809px) 100vw, 809px\" \/><\/p>\n<p style=\"text-align: justify;\">A Secretaria de Assuntos Vi\u00e1rios implantou estacionamento em 45 graus na Rua Bahia, regi\u00e3o da Unifadra\/Fundec, aumentando a oferta de vagas e controlando a velocidade no local, que possui redutor e recebeu recapeamento asf\u00e1ltico. O estacionamento de motos para os alunos ficou na Rua Macei\u00f3, esquina com a Rua Bahia.<\/p>\n<p style=\"text-align: justify;\">RUA FLORIAN\u00d3POLIS \u2013 Com o recapeamento, a Rua Florian\u00f3polis vai ser transformada em via preferencial para sa\u00edda dos ve\u00edculos da regi\u00e3o do Jardim das Palmeiras em dire\u00e7\u00e3o ao centro. A preferencial ser\u00e1 implantada entre a Rua Fortaleza e a Avenida Alcides Chacon Couto (onde existe do 25\u00ba Batalh\u00e3o PM). As Ruas Amazonas e Antonio Martins ter\u00e3o parada obrigat\u00f3ria na esquina com a Rua Florian\u00f3polis. A sinaliza\u00e7\u00e3o est\u00e1 em fase de implanta\u00e7\u00e3o.<\/p>\n<p style=\"text-align: justify;\">Fonte: Bastidores da Not\u00edcia<\/p>\n","protected":false},"excerpt":{"rendered":"<p>MUDAN\u00c7AS NO TR\u00c2NSITO DAS RUAS BAHIA E FLORIAN\u00d3POLIS A Secretaria de Assuntos Vi\u00e1rios implantou estacionamento em 45 graus na Rua Bahia, regi\u00e3o da Unifadra\/Fundec, aumentando a oferta de vagas e controlando a velocidade no local, que possui redutor e recebeu recapeamento asf\u00e1ltico. O estacionamento de motos para os alunos ficou na Rua Macei\u00f3, esquina com [&hellip;]<\/p>\n","protected":false},"author":1,"featured_media":14547,"comment_status":"closed","ping_status":"open","sticky":false,"template":"","format":"standard","meta":{"footnotes":""},"categories":[180],"tags":[],"class_list":["post-14543","post","type-post","status-publish","format-standard","has-post-thumbnail","hentry","category-estradastransitoveiculos"],"_links":{"self":[{"href":"https:\/\/jorgezanoni.com.br\/2019\/wp-json\/wp\/v2\/posts\/14543","targetHints":{"allow":["GET"]}}],"collection":[{"href":"https:\/\/jorgezanoni.com.br\/2019\/wp-json\/wp\/v2\/posts"}],"about":[{"href":"https:\/\/jorgezanoni.com.br\/2019\/wp-json\/wp\/v2\/types\/post"}],"author":[{"embeddable":true,"href":"https:\/\/jorgezanoni.com.br\/2019\/wp-json\/wp\/v2\/users\/1"}],"replies":[{"embeddable":true,"href":"https:\/\/jorgezanoni.com.br\/2019\/wp-json\/wp\/v2\/comments?post=14543"}],"version-history":[{"count":0,"href":"https:\/\/jorgezanoni.com.br\/2019\/wp-json\/wp\/v2\/posts\/14543\/revisions"}],"wp:featuredmedia":[{"embeddable":true,"href":"https:\/\/jorgezanoni.com.br\/2019\/wp-json\/wp\/v2\/media\/14547"}],"wp:attachment":[{"href":"https:\/\/jorgezanoni.com.br\/2019\/wp-json\/wp\/v2\/media?parent=14543"}],"wp:term":[{"taxonomy":"category","embeddable":true,"href":"https:\/\/jorgezanoni.com.br\/2019\/wp-json\/wp\/v2\/categories?post=14543"},{"taxonomy":"post_tag","embeddable":true,"href":"https:\/\/jorgezanoni.com.br\/2019\/wp-json\/wp\/v2\/tags?post=14543"}],"curies":[{"name":"wp","href":"https:\/\/api.w.org\/{rel}","templated":true}]}}