{"id":14538,"date":"2019-12-20T21:06:49","date_gmt":"2019-12-20T21:06:49","guid":{"rendered":"https:\/\/jorgezanoni.com.br\/2019\/?p=14538"},"modified":"2019-12-20T21:06:49","modified_gmt":"2019-12-20T21:06:49","slug":"unifadra-realiza-solenidade-de-formatura-de-seus-alunos","status":"publish","type":"post","link":"https:\/\/jorgezanoni.com.br\/2019\/unifadra-realiza-solenidade-de-formatura-de-seus-alunos\/","title":{"rendered":"Unifadra realiza solenidade de formatura de seus alunos"},"content":{"rendered":"<p style=\"font-weight: 400; text-align: justify;\">A Faculdade Unifadra, unidade mantida pela Fundec, realizou na noite de 18 de dezembro a solenidade de formatura de seus alunos dos cursos de An\u00e1lise e Desenvolvimento de Sistemas, Educa\u00e7\u00e3o F\u00edsica, Enfermagem, Pedagogia e Psicologia. O evento foi realizado no Gin\u00e1sio Galen\u00e3o, na Fundec.<\/p>\n<p style=\"font-weight: 400; text-align: justify;\">Na mesa de honra, estavam presentes o membro do Conselho de Curadores da Fundec e patrono das turmas Silvio Aparecido Rodrigues; o vice-presidente do Conselho de Curadores da Fundec Vanderlei Isael Biazini; representando o diretor executivo da Fundec, o diretor de comunica\u00e7\u00e3o Fernando Nunes; o diretor acad\u00eamico da Unifadra Enio Garbelini; o vice-prefeito Mois\u00e9s Ant\u00f4nio de Lima e o presidente da C\u00e2mara Municipal Milton Polon. Ainda fizeram parte da mesa de honra os seguintes professores: Dra. Vanessa Andreto, paraninfa de Pedagogia; Me. Bruno Conti Marini, paraninfo de An\u00e1lise e Desenvolvimento de Sistemas; Ma. Zuleica Rossi, paraninfa de Enfermagem; Esp. Anderson Rog\u00e9rio Lecca, paraninfo dos formandos de Educa\u00e7\u00e3o F\u00edsica; e Ma. Cl\u00e1udia Parra, paraninfa dos formandos de Psicologia. Silvio Rodrigues, patrono dos formandos, foi homenageado pela Unifadra e Fundec pelos relevantes servi\u00e7os em prol da educa\u00e7\u00e3o.<\/p>\n<p style=\"font-weight: 400; text-align: justify;\">A solenidade contou com juramentos dos formandos, entrega dos canudos e pronunciamentos. Foram homenageados tamb\u00e9m os alunos com melhor desempenho acad\u00eamico em seus cursos, com a entrega da L\u00e1urea Acad\u00eamica da Unifadra. Foram eles: Cristiane Cardozo da Silva (Pedagogia), Felipe Musumeci Marrega (An\u00e1lise e Desenvolvimento de Sistemas), B\u00e1rbara Bernardo Tonasse (Enfermagem), F\u00e1bio C\u00e9sar Bezerra (Educa\u00e7\u00e3o F\u00edsica) e Nath\u00e1lia Cristine Silva (Psicologia). A solenidade reuniu centenas de pessoas entre convidados, familiares e emocionou a todos.<\/p>\n<p><img loading=\"lazy\" decoding=\"async\" class=\"alignnone size-full wp-image-14540\" src=\"https:\/\/jorgezanoni.com.br\/2019\/wp-content\/uploads\/2019\/12\/Unifadra1.jpg\" alt=\"\" width=\"800\" height=\"533\" srcset=\"https:\/\/jorgezanoni.com.br\/2019\/wp-content\/uploads\/2019\/12\/Unifadra1.jpg 800w, https:\/\/jorgezanoni.com.br\/2019\/wp-content\/uploads\/2019\/12\/Unifadra1-300x200.jpg 300w, https:\/\/jorgezanoni.com.br\/2019\/wp-content\/uploads\/2019\/12\/Unifadra1-768x512.jpg 768w, https:\/\/jorgezanoni.com.br\/2019\/wp-content\/uploads\/2019\/12\/Unifadra1-696x464.jpg 696w, https:\/\/jorgezanoni.com.br\/2019\/wp-content\/uploads\/2019\/12\/Unifadra1-630x420.jpg 630w\" sizes=\"auto, (max-width: 800px) 100vw, 800px\" \/> <img loading=\"lazy\" decoding=\"async\" class=\"alignnone size-full wp-image-14541\" src=\"https:\/\/jorgezanoni.com.br\/2019\/wp-content\/uploads\/2019\/12\/Unifadra2.jpg\" alt=\"\" width=\"800\" height=\"533\" srcset=\"https:\/\/jorgezanoni.com.br\/2019\/wp-content\/uploads\/2019\/12\/Unifadra2.jpg 800w, https:\/\/jorgezanoni.com.br\/2019\/wp-content\/uploads\/2019\/12\/Unifadra2-300x200.jpg 300w, https:\/\/jorgezanoni.com.br\/2019\/wp-content\/uploads\/2019\/12\/Unifadra2-768x512.jpg 768w, https:\/\/jorgezanoni.com.br\/2019\/wp-content\/uploads\/2019\/12\/Unifadra2-696x464.jpg 696w, https:\/\/jorgezanoni.com.br\/2019\/wp-content\/uploads\/2019\/12\/Unifadra2-630x420.jpg 630w\" sizes=\"auto, (max-width: 800px) 100vw, 800px\" \/><\/p>\n<p style=\"font-weight: 400; text-align: justify;\">Carolina Colnago<\/p>\n<p style=\"font-weight: 400; text-align: justify;\">Assessora de Comunica\u00e7\u00e3o da Fundec &#8211; Jornalista<\/p>\n<p style=\"font-weight: 400; text-align: justify;\">Fotos: Solenidade de formatura da Unifadra; A aluna Ana Beatriz Cardoso conduziu o juramento dos formandos de Psicologia e o\u00a0aluno F\u00e1bio C\u00e9sar Bezerra recebeu a L\u00e1urea Acad\u00eamica do curso de Educa\u00e7\u00e3o F\u00edsica.<\/p>\n<p style=\"font-weight: 400; text-align: justify;\">\n<p style=\"font-weight: 400;\">\n","protected":false},"excerpt":{"rendered":"<p>A Faculdade Unifadra, unidade mantida pela Fundec, realizou na noite de 18 de dezembro a solenidade de formatura de seus alunos dos cursos de An\u00e1lise e Desenvolvimento de Sistemas, Educa\u00e7\u00e3o F\u00edsica, Enfermagem, Pedagogia e Psicologia. O evento foi realizado no Gin\u00e1sio Galen\u00e3o, na Fundec. Na mesa de honra, estavam presentes o membro do Conselho de [&hellip;]<\/p>\n","protected":false},"author":1,"featured_media":14539,"comment_status":"closed","ping_status":"open","sticky":false,"template":"","format":"standard","meta":{"footnotes":""},"categories":[110,122],"tags":[],"class_list":["post-14538","post","type-post","status-publish","format-standard","has-post-thumbnail","hentry","category-noticiasdestaque","category-saudeeducacaoeconcurso"],"_links":{"self":[{"href":"https:\/\/jorgezanoni.com.br\/2019\/wp-json\/wp\/v2\/posts\/14538","targetHints":{"allow":["GET"]}}],"collection":[{"href":"https:\/\/jorgezanoni.com.br\/2019\/wp-json\/wp\/v2\/posts"}],"about":[{"href":"https:\/\/jorgezanoni.com.br\/2019\/wp-json\/wp\/v2\/types\/post"}],"author":[{"embeddable":true,"href":"https:\/\/jorgezanoni.com.br\/2019\/wp-json\/wp\/v2\/users\/1"}],"replies":[{"embeddable":true,"href":"https:\/\/jorgezanoni.com.br\/2019\/wp-json\/wp\/v2\/comments?post=14538"}],"version-history":[{"count":0,"href":"https:\/\/jorgezanoni.com.br\/2019\/wp-json\/wp\/v2\/posts\/14538\/revisions"}],"wp:featuredmedia":[{"embeddable":true,"href":"https:\/\/jorgezanoni.com.br\/2019\/wp-json\/wp\/v2\/media\/14539"}],"wp:attachment":[{"href":"https:\/\/jorgezanoni.com.br\/2019\/wp-json\/wp\/v2\/media?parent=14538"}],"wp:term":[{"taxonomy":"category","embeddable":true,"href":"https:\/\/jorgezanoni.com.br\/2019\/wp-json\/wp\/v2\/categories?post=14538"},{"taxonomy":"post_tag","embeddable":true,"href":"https:\/\/jorgezanoni.com.br\/2019\/wp-json\/wp\/v2\/tags?post=14538"}],"curies":[{"name":"wp","href":"https:\/\/api.w.org\/{rel}","templated":true}]}}