{"id":14529,"date":"2019-12-20T13:51:17","date_gmt":"2019-12-20T13:51:17","guid":{"rendered":"https:\/\/jorgezanoni.com.br\/2019\/?p=14529"},"modified":"2019-12-20T13:51:17","modified_gmt":"2019-12-20T13:51:17","slug":"juiz-so-deveria-falar-nos-autos","status":"publish","type":"post","link":"https:\/\/jorgezanoni.com.br\/2019\/juiz-so-deveria-falar-nos-autos\/","title":{"rendered":"Juiz s\u00f3 deveria falar nos Autos"},"content":{"rendered":"<p style=\"text-align: justify;\"><strong>JUIZ S\u00d3 DEVERIA \u00a0FALAR NOS AUTOS.<\/strong><\/p>\n<p style=\"text-align: justify;\"><strong>*CLAUDIVAL CLEMENTE<\/strong><\/p>\n<p style=\"text-align: justify;\"><strong>*CLAUDIVAL MOURA CLEMENTE<\/strong><\/p>\n<p style=\"text-align: justify;\">Antes do advento da chamada rede social, nunca se ouvia nenhum pronunciamento de qualquer juiz e normalmente as manifesta\u00e7\u00f5es eram bem formais ou por meio da assessoria de imprensa.<\/p>\n<p style=\"text-align: justify;\">Nos \u00faltimos tempos, por\u00e9m, com a chegada de todas as m\u00eddias sociais, os magistrados come\u00e7aram a expor publicamente as ideias sobre os assuntos em geral e muitas vezes comentando assuntos pol\u00edticos e at\u00e9 criticando ou elogiando ocupantes de cargos p\u00fablicos.<\/p>\n<p style=\"text-align: justify;\">O Conselho Nacional de Justi\u00e7a, o \u00f3rg\u00e3o que entre outras atribui\u00e7\u00f5es fiscaliza as atividades do Poder Judici\u00e1rio, aprovou uma resolu\u00e7\u00e3o que fixa as diretrizes para participa\u00e7\u00e3o dos ju\u00edzes em redes sociais.<\/p>\n<p style=\"text-align: justify;\">Pela resolu\u00e7\u00e3o, os magistrados est\u00e3o proibidos de manifestar opini\u00e3o sobre processo pendente de julgamento e fazer &#8220;ju\u00edzos depreciativos&#8221; sobre despachos, votos ou senten\u00e7as. Os ju\u00edzes tamb\u00e9m n\u00e3o podem apoiar ou criticar pol\u00edticos, emitir opini\u00e3o ou compartilhar discursos discriminat\u00f3rio &#8220;especialmente os que revelem racismo, LGBTfobia,\u00a0misoginia, antissemitismo, intoler\u00e2ncia religiosa ou ideol\u00f3gica&#8221;.<\/p>\n<p style=\"text-align: justify;\">Em que pese coment\u00e1rios em sentido contr\u00e1rio sustentando que esta resolu\u00e7\u00e3o impede a livre manifesta\u00e7\u00e3o de pensamento dos ju\u00edzes, nota-se que o objetivo da decis\u00e3o \u00e9 justamente compatibilizar o exerc\u00edcio da liberdade de manifesta\u00e7\u00e3o de pensamento com a responsabilidade do exerc\u00edcio profissional da magistratura.<\/p>\n<p style=\"text-align: justify;\">O dever funcional do magistrado imp\u00f5e algumas regras que n\u00e3o existem para outras categorias funcionais, pois os ju\u00edzes tem a compet\u00eancia b\u00e1sica de julgar os processos que s\u00e3olhes \u00a0submetidos e, em\u00a0 alguns casos, estas manifesta\u00e7\u00f5es podem entrar em conflito com os julgamentos que ir\u00e3o proferir.<\/p>\n<p style=\"text-align: justify;\">A lei brasileira estabelece que os ju\u00edzes decidem baseados em provas levadas aos autos do processo, mas guiados pelo princ\u00edpio do livre convencimento. Por certo, este princ\u00edpio carrega em si mesmo, as emo\u00e7\u00f5es e sentimentos pessoais, incluindo as posi\u00e7\u00f5es ideol\u00f3gicas; mas, tais circunst\u00e2ncias, se veiculadas por meio da rede social podem prejudicar a posi\u00e7\u00e3o imparcial do juiz.<\/p>\n<p style=\"text-align: justify;\">Em outros tempos, quando ainda n\u00e3o se pensava em rede social, predominava a express\u00e3o \u201co juiz s\u00f3 se manifesta nos autos&#8230;\u201d<\/p>\n<p style=\"text-align: justify;\">Envie d\u00favidas, coment\u00e1rios ou sugest\u00f5es para <a href=\"mailto:bcrcconsultoria@gmail.com\">bcrcconsultoria@gmail.com<\/a>. At\u00e9 a pr\u00f3xima.<\/p>\n<p style=\"text-align: justify;\">*Formado em Direito pela Universidade Estadual de Direito do Norte Pioneiro em Jacarezinho e em Administra\u00e7\u00e3o de Empresas pela Faculdades Integradas de Ourinhos. S\u00f3cio s\u00eanior da BCRC Consultoria.<\/p>\n<p style=\"text-align: justify;\">** Revis\u00e3o e colabora\u00e7\u00e3o\u00a0 &#8211; Acad\u00eamico de Administra\u00e7\u00e3o de Empresas na UNICID.<\/p>\n","protected":false},"excerpt":{"rendered":"<p>JUIZ S\u00d3 DEVERIA \u00a0FALAR NOS AUTOS. *CLAUDIVAL CLEMENTE *CLAUDIVAL MOURA CLEMENTE Antes do advento da chamada rede social, nunca se ouvia nenhum pronunciamento de qualquer juiz e normalmente as manifesta\u00e7\u00f5es eram bem formais ou por meio da assessoria de imprensa. Nos \u00faltimos tempos, por\u00e9m, com a chegada de todas as m\u00eddias sociais, os magistrados come\u00e7aram [&hellip;]<\/p>\n","protected":false},"author":1,"featured_media":14530,"comment_status":"closed","ping_status":"open","sticky":false,"template":"","format":"standard","meta":{"footnotes":""},"categories":[175],"tags":[],"class_list":["post-14529","post","type-post","status-publish","format-standard","has-post-thumbnail","hentry","category-artigos"],"_links":{"self":[{"href":"https:\/\/jorgezanoni.com.br\/2019\/wp-json\/wp\/v2\/posts\/14529","targetHints":{"allow":["GET"]}}],"collection":[{"href":"https:\/\/jorgezanoni.com.br\/2019\/wp-json\/wp\/v2\/posts"}],"about":[{"href":"https:\/\/jorgezanoni.com.br\/2019\/wp-json\/wp\/v2\/types\/post"}],"author":[{"embeddable":true,"href":"https:\/\/jorgezanoni.com.br\/2019\/wp-json\/wp\/v2\/users\/1"}],"replies":[{"embeddable":true,"href":"https:\/\/jorgezanoni.com.br\/2019\/wp-json\/wp\/v2\/comments?post=14529"}],"version-history":[{"count":0,"href":"https:\/\/jorgezanoni.com.br\/2019\/wp-json\/wp\/v2\/posts\/14529\/revisions"}],"wp:featuredmedia":[{"embeddable":true,"href":"https:\/\/jorgezanoni.com.br\/2019\/wp-json\/wp\/v2\/media\/14530"}],"wp:attachment":[{"href":"https:\/\/jorgezanoni.com.br\/2019\/wp-json\/wp\/v2\/media?parent=14529"}],"wp:term":[{"taxonomy":"category","embeddable":true,"href":"https:\/\/jorgezanoni.com.br\/2019\/wp-json\/wp\/v2\/categories?post=14529"},{"taxonomy":"post_tag","embeddable":true,"href":"https:\/\/jorgezanoni.com.br\/2019\/wp-json\/wp\/v2\/tags?post=14529"}],"curies":[{"name":"wp","href":"https:\/\/api.w.org\/{rel}","templated":true}]}}