{"id":14515,"date":"2019-12-20T12:47:27","date_gmt":"2019-12-20T12:47:27","guid":{"rendered":"https:\/\/jorgezanoni.com.br\/2019\/?p=14515"},"modified":"2019-12-20T12:47:27","modified_gmt":"2019-12-20T12:47:27","slug":"descerramentos-das-placas-em-homenagem-aos-professores-andre-luengo-e-geraldo-teizen-acontece-amanha-21-nos-trevos-de-junqueiropolis","status":"publish","type":"post","link":"https:\/\/jorgezanoni.com.br\/2019\/descerramentos-das-placas-em-homenagem-aos-professores-andre-luengo-e-geraldo-teizen-acontece-amanha-21-nos-trevos-de-junqueiropolis\/","title":{"rendered":"Descerramentos das placas em homenagem aos professores Andr\u00e9 Luengo e Geraldo Teizen acontece amanh\u00e3 (21) nos trevos de Junqueir\u00f3polis"},"content":{"rendered":"<p style=\"text-align: justify;\">O even<span class=\"text_exposed_show\">to est\u00e1 agendado para acontecer na Rodovia Comandante Jo\u00e3o Ribeiro de Barros no acesso do trevo principal de Junqueir\u00f3polis, com hor\u00e1rio previsto das 10h00 no pr\u00f3ximo s\u00e1bado dia 21 de dezembro de 2019.<\/span><\/p>\n<p><img loading=\"lazy\" decoding=\"async\" class=\"alignnone size-full wp-image-14517\" src=\"https:\/\/jorgezanoni.com.br\/2019\/wp-content\/uploads\/2019\/12\/trevo1.jpg\" alt=\"\" width=\"373\" height=\"544\" srcset=\"https:\/\/jorgezanoni.com.br\/2019\/wp-content\/uploads\/2019\/12\/trevo1.jpg 373w, https:\/\/jorgezanoni.com.br\/2019\/wp-content\/uploads\/2019\/12\/trevo1-206x300.jpg 206w, https:\/\/jorgezanoni.com.br\/2019\/wp-content\/uploads\/2019\/12\/trevo1-288x420.jpg 288w\" sizes=\"auto, (max-width: 373px) 100vw, 373px\" \/> <img loading=\"lazy\" decoding=\"async\" class=\"alignnone size-full wp-image-14519\" src=\"https:\/\/jorgezanoni.com.br\/2019\/wp-content\/uploads\/2019\/12\/trevo3.jpg\" alt=\"\" width=\"314\" height=\"407\" srcset=\"https:\/\/jorgezanoni.com.br\/2019\/wp-content\/uploads\/2019\/12\/trevo3.jpg 314w, https:\/\/jorgezanoni.com.br\/2019\/wp-content\/uploads\/2019\/12\/trevo3-231x300.jpg 231w\" sizes=\"auto, (max-width: 314px) 100vw, 314px\" \/><\/p>\n<p><span style=\"text-align: justify;\">Para o acontecimento est\u00e3o confirmadas as presen\u00e7as do Deputado Estadual Mauro Bragato (PSDB), autoridades e representantes de classes da cidade e regi\u00e3o, familiares dos homenageados &#8220;Professor Andr\u00e9 Luengo Lopes&#8221; e &#8220;Professor Geraldo Teizen&#8221;. Os quais deram nomes ao trevo de acesso a Junqueir\u00f3polis e trevo de acesso ao Bairro Duas Barras, na Rodovia SP 294.<\/span><\/p>\n<div class=\"text_exposed_show\">\n<p style=\"text-align: justify;\">Os convidados a participar da solenidade que vai marcar o descerramento das placas com as denomina\u00e7\u00f5es dos trevos, ser\u00e3o recepcionados pelo prefeito H\u00e9lio Furini, Vice Sofia Rodrigues, diretores municipais e vereadores de Junqueir\u00f3polis.<\/p>\n<p><img loading=\"lazy\" decoding=\"async\" class=\"alignnone size-full wp-image-14518\" src=\"https:\/\/jorgezanoni.com.br\/2019\/wp-content\/uploads\/2019\/12\/trevo2.jpg\" alt=\"\" width=\"567\" height=\"356\" srcset=\"https:\/\/jorgezanoni.com.br\/2019\/wp-content\/uploads\/2019\/12\/trevo2.jpg 567w, https:\/\/jorgezanoni.com.br\/2019\/wp-content\/uploads\/2019\/12\/trevo2-300x188.jpg 300w\" sizes=\"auto, (max-width: 567px) 100vw, 567px\" \/><\/p>\n<p style=\"text-align: justify;\">O evento acontecer\u00e1 entre os dois trevos &#8211; Principal e Duas Barras &#8211; com a participa\u00e7\u00e3o de autoridades e popula\u00e7\u00e3o.<\/p>\n<p>Fonte: Assessoria de Imprensa Prefeitura Junqueir\u00f3polis<\/p>\n<\/div>\n","protected":false},"excerpt":{"rendered":"<p>O evento est\u00e1 agendado para acontecer na Rodovia Comandante Jo\u00e3o Ribeiro de Barros no acesso do trevo principal de Junqueir\u00f3polis, com hor\u00e1rio previsto das 10h00 no pr\u00f3ximo s\u00e1bado dia 21 de dezembro de 2019. Para o acontecimento est\u00e3o confirmadas as presen\u00e7as do Deputado Estadual Mauro Bragato (PSDB), autoridades e representantes de classes da cidade e [&hellip;]<\/p>\n","protected":false},"author":1,"featured_media":14516,"comment_status":"closed","ping_status":"open","sticky":false,"template":"","format":"standard","meta":{"footnotes":""},"categories":[110,116],"tags":[],"class_list":["post-14515","post","type-post","status-publish","format-standard","has-post-thumbnail","hentry","category-noticiasdestaque","category-politicaeeconomia"],"_links":{"self":[{"href":"https:\/\/jorgezanoni.com.br\/2019\/wp-json\/wp\/v2\/posts\/14515","targetHints":{"allow":["GET"]}}],"collection":[{"href":"https:\/\/jorgezanoni.com.br\/2019\/wp-json\/wp\/v2\/posts"}],"about":[{"href":"https:\/\/jorgezanoni.com.br\/2019\/wp-json\/wp\/v2\/types\/post"}],"author":[{"embeddable":true,"href":"https:\/\/jorgezanoni.com.br\/2019\/wp-json\/wp\/v2\/users\/1"}],"replies":[{"embeddable":true,"href":"https:\/\/jorgezanoni.com.br\/2019\/wp-json\/wp\/v2\/comments?post=14515"}],"version-history":[{"count":0,"href":"https:\/\/jorgezanoni.com.br\/2019\/wp-json\/wp\/v2\/posts\/14515\/revisions"}],"wp:featuredmedia":[{"embeddable":true,"href":"https:\/\/jorgezanoni.com.br\/2019\/wp-json\/wp\/v2\/media\/14516"}],"wp:attachment":[{"href":"https:\/\/jorgezanoni.com.br\/2019\/wp-json\/wp\/v2\/media?parent=14515"}],"wp:term":[{"taxonomy":"category","embeddable":true,"href":"https:\/\/jorgezanoni.com.br\/2019\/wp-json\/wp\/v2\/categories?post=14515"},{"taxonomy":"post_tag","embeddable":true,"href":"https:\/\/jorgezanoni.com.br\/2019\/wp-json\/wp\/v2\/tags?post=14515"}],"curies":[{"name":"wp","href":"https:\/\/api.w.org\/{rel}","templated":true}]}}