{"id":14475,"date":"2019-12-19T22:05:38","date_gmt":"2019-12-19T22:05:38","guid":{"rendered":"https:\/\/jorgezanoni.com.br\/2019\/?p=14475"},"modified":"2019-12-19T22:06:27","modified_gmt":"2019-12-19T22:06:27","slug":"prefeito-de-brasilandia-tem-mandato-cassado-por-vereadores","status":"publish","type":"post","link":"https:\/\/jorgezanoni.com.br\/2019\/prefeito-de-brasilandia-tem-mandato-cassado-por-vereadores\/","title":{"rendered":"Prefeito de Brasil\u00e2ndia\/MS tem mandato cassado por vereadores"},"content":{"rendered":"<h2 class=\"subtitulo\" style=\"text-align: justify;\"><strong>Sess\u00e3o de julgamento aconteceu hoje (19) na C\u00e2mara Municipal.<\/strong><\/h2>\n<p style=\"text-align: justify;\">Na manh\u00e3 desta quinta-feira (19) aconteceu na C\u00e2mara Municipal de Brasil\u00e2ndia, a sess\u00e3o de julgamento contra o Prefeito Ant\u00f4nio de P\u00e1dua Thiago, que era acusado segundo consta, por tr\u00eas den\u00fancias, duas das quais j\u00e1 haviam sido analisadas e\u00a0\u00a0arquivadas pelo Minist\u00e9rio P\u00fablico.<\/p>\n<p style=\"text-align: justify;\">Uma das acusa\u00e7\u00f5es foi improbidade administrativa na contrata\u00e7\u00e3o de uma empresa de assessoria de comunica\u00e7\u00e3o no ano de 2017.<\/p>\n<p style=\"text-align: justify;\">A den\u00fancia enviada pelo Minist\u00e9rio P\u00fablico aos vereadores\u00a0 aponta suposta irregularidade na contrata\u00e7\u00e3o de uma empresa do publicit\u00e1rio Carlos Manhanelli da cidade de S\u00e3o Paulo, sem licita\u00e7\u00e3o.<\/p>\n<p style=\"text-align: justify;\">A sess\u00e3o que lotou o recinto da C\u00e2mara, teve in\u00edcio \u00e0s 8 horas e encerrou por volta das 13 horas, com um intervalo de 20 minutos.<\/p>\n<p style=\"text-align: justify;\">Ao retornar do intervalo, a sess\u00e3o deu seq\u00fc\u00eancia e acabou com a vota\u00e7\u00e3o expressiva de 6 votos a favor da cassa\u00e7\u00e3o do prefeito e 3 votos contra.<\/p>\n<p style=\"text-align: justify;\">Os vereadores, Ant\u00f4nio Jos\u00e9 da Silva (Toninho da Prefeitura), Luiz Tomaz Real (Luiz do Caf\u00e9), Edson Pereira Costa (Edinho do Master), Oziel Soares e Alexandre Rodrigues Carlos<span class=\"textexposedshow\">, votaram favor\u00e1vel a cassa\u00e7\u00e3o, enquanto, Aurin\u00e9ia de Almeida Halsback, Domingos Moreira da Silva e Joaquim Martos de Moraes (Quinca da Fenix), votaram contra a cassa\u00e7\u00e3o.<\/span><\/p>\n<p style=\"text-align: justify;\">Ap\u00f3s o presidente da Casa de Leis publicar o Decreto Legislativo, o vice prefeito, Dr Gabriel Baez (MDB) ser\u00e1 empossado como prefeito de Brasil\u00e2ndia j\u00e1 podendo assumir o gabinete da Prefeitura a partir de amanh\u00e3 (20)<\/p>\n<p style=\"text-align: justify;\"><img loading=\"lazy\" decoding=\"async\" class=\"alignnone size-full wp-image-14477\" src=\"https:\/\/jorgezanoni.com.br\/2019\/wp-content\/uploads\/2019\/12\/vice.jpg\" alt=\"\" width=\"1000\" height=\"1000\" srcset=\"https:\/\/jorgezanoni.com.br\/2019\/wp-content\/uploads\/2019\/12\/vice.jpg 1000w, https:\/\/jorgezanoni.com.br\/2019\/wp-content\/uploads\/2019\/12\/vice-150x150.jpg 150w, https:\/\/jorgezanoni.com.br\/2019\/wp-content\/uploads\/2019\/12\/vice-300x300.jpg 300w, https:\/\/jorgezanoni.com.br\/2019\/wp-content\/uploads\/2019\/12\/vice-768x768.jpg 768w, https:\/\/jorgezanoni.com.br\/2019\/wp-content\/uploads\/2019\/12\/vice-696x696.jpg 696w, https:\/\/jorgezanoni.com.br\/2019\/wp-content\/uploads\/2019\/12\/vice-420x420.jpg 420w\" sizes=\"auto, (max-width: 1000px) 100vw, 1000px\" \/>Dr. Gabriel \u00e9 empossado automaticamente para assumir o cargo de prefeito do munic\u00edpio<\/p>\n<p style=\"text-align: justify;\">De acordo com a assessoria do Antonio Thiago, ele est\u00e1 tranq\u00fcilo e disse que vai recorrer na justi\u00e7a contra a decis\u00e3o dos vereadores.<\/p>\n<p style=\"text-align: justify;\">Dr. Ant\u00f4nio pode entrar com recurso no Tribunal em Campo Grande para tentar reverter a situa\u00e7\u00e3o.<\/p>\n<p style=\"text-align: justify;\">Dr. Ant\u00f4nio se n\u00e3o conseguir reverter o processo, poder\u00e1 ter seus direitos cassado por 5 anos sem concorrer a cargos pol\u00edticos.<\/p>\n<p>Fonte: https:\/\/www.brasilandianews.com.br\/noticia<\/p>\n","protected":false},"excerpt":{"rendered":"<p>Sess\u00e3o de julgamento aconteceu hoje (19) na C\u00e2mara Municipal. Na manh\u00e3 desta quinta-feira (19) aconteceu na C\u00e2mara Municipal de Brasil\u00e2ndia, a sess\u00e3o de julgamento contra o Prefeito Ant\u00f4nio de P\u00e1dua Thiago, que era acusado segundo consta, por tr\u00eas den\u00fancias, duas das quais j\u00e1 haviam sido analisadas e\u00a0\u00a0arquivadas pelo Minist\u00e9rio P\u00fablico. Uma das acusa\u00e7\u00f5es foi improbidade [&hellip;]<\/p>\n","protected":false},"author":1,"featured_media":14476,"comment_status":"closed","ping_status":"open","sticky":false,"template":"","format":"standard","meta":{"footnotes":""},"categories":[110,116],"tags":[],"class_list":["post-14475","post","type-post","status-publish","format-standard","has-post-thumbnail","hentry","category-noticiasdestaque","category-politicaeeconomia"],"_links":{"self":[{"href":"https:\/\/jorgezanoni.com.br\/2019\/wp-json\/wp\/v2\/posts\/14475","targetHints":{"allow":["GET"]}}],"collection":[{"href":"https:\/\/jorgezanoni.com.br\/2019\/wp-json\/wp\/v2\/posts"}],"about":[{"href":"https:\/\/jorgezanoni.com.br\/2019\/wp-json\/wp\/v2\/types\/post"}],"author":[{"embeddable":true,"href":"https:\/\/jorgezanoni.com.br\/2019\/wp-json\/wp\/v2\/users\/1"}],"replies":[{"embeddable":true,"href":"https:\/\/jorgezanoni.com.br\/2019\/wp-json\/wp\/v2\/comments?post=14475"}],"version-history":[{"count":0,"href":"https:\/\/jorgezanoni.com.br\/2019\/wp-json\/wp\/v2\/posts\/14475\/revisions"}],"wp:featuredmedia":[{"embeddable":true,"href":"https:\/\/jorgezanoni.com.br\/2019\/wp-json\/wp\/v2\/media\/14476"}],"wp:attachment":[{"href":"https:\/\/jorgezanoni.com.br\/2019\/wp-json\/wp\/v2\/media?parent=14475"}],"wp:term":[{"taxonomy":"category","embeddable":true,"href":"https:\/\/jorgezanoni.com.br\/2019\/wp-json\/wp\/v2\/categories?post=14475"},{"taxonomy":"post_tag","embeddable":true,"href":"https:\/\/jorgezanoni.com.br\/2019\/wp-json\/wp\/v2\/tags?post=14475"}],"curies":[{"name":"wp","href":"https:\/\/api.w.org\/{rel}","templated":true}]}}