{"id":14472,"date":"2019-12-19T17:35:50","date_gmt":"2019-12-19T17:35:50","guid":{"rendered":"https:\/\/jorgezanoni.com.br\/2019\/?p=14472"},"modified":"2019-12-19T17:35:50","modified_gmt":"2019-12-19T17:35:50","slug":"edu-dracena-inicia-nova-fase-no-palmeiras-e-ajudara-luxemburgo-em-retorno-ao-clube","status":"publish","type":"post","link":"https:\/\/jorgezanoni.com.br\/2019\/edu-dracena-inicia-nova-fase-no-palmeiras-e-ajudara-luxemburgo-em-retorno-ao-clube\/","title":{"rendered":"Edu Dracena inicia nova fase no Palmeiras e ajudar\u00e1 Luxemburgo em retorno ao clube"},"content":{"rendered":"<h2 class=\"content-head__subtitle\" style=\"text-align: justify;\"><strong>Ex-zagueiro j\u00e1 teve uma primeira conversa por telefone com o novo treinador.<\/strong><\/h2>\n<div id=\"fb-root\"><\/div>\n<p><script async=\"1\" defer=\"1\" crossorigin=\"anonymous\" src=\"https:\/\/connect.facebook.net\/en_US\/sdk.js#xfbml=1&amp;version=v5.0\"><\/script><\/p>\n<div class=\"fb-video\" data-href=\"https:\/\/www.facebook.com\/claudiojose.pasqualeto\/videos\/2655105564574759\/\" data-width=\"696\">\n<blockquote cite=\"https:\/\/www.facebook.com\/claudiojose.pasqualeto\/videos\/2655105564574759\/\" class=\"fb-xfbml-parse-ignore\"><p><a href=\"https:\/\/www.facebook.com\/claudiojose.pasqualeto\/videos\/2655105564574759\/\"><\/a><\/p>\n<p>EDU DRACENA FALA COMO ASSESSOR T\u00c9CNICO DO PALMEIRAS<\/p>\n<p>Posted by <a href=\"https:\/\/www.facebook.com\/claudiojose.pasqualeto\">Cl\u00e1udio Jos\u00e9 Pasqualeto<\/a> on Thursday, December 19, 2019<\/p><\/blockquote>\n<\/div>\n<p>Edu Dracena fala como assessor t\u00e9cnico do Palmeiras no programa apresentado por Renata Fan.<\/p>\n<div class=\"mc-column content-text active-extra-styles active-capital-letter\" style=\"text-align: justify;\" data-block-type=\"unstyled\" data-block-weight=\"41\" data-block-id=\"1\">\n<p class=\"content-text__container theme-color-primary-first-letter\" data-track-category=\"Link no Texto\" data-track-links=\"\">Come\u00e7ou nesta quinta-feira a nova fase de Edu Dracena no\u00a0<a href=\"https:\/\/globoesporte.globo.com\/futebol\/times\/palmeiras\/\">Palmeiras<\/a>. Rec\u00e9m-aposentado dos gramados, o agora ex-zagueiro foi apresentado nesta quinta-feira como novo assessor t\u00e9cnico do clube, fun\u00e7\u00e3o em que ser\u00e1 uma esp\u00e9cie de elo entre comiss\u00e3o t\u00e9cnica, elenco e diretoria.<\/p>\n<\/div>\n<div class=\"wall protected-content\">\n<div class=\"mc-column content-text active-extra-styles \" data-block-type=\"unstyled\" data-block-weight=\"13\" data-block-id=\"2\">\n<p class=\"content-text__container \" style=\"text-align: justify;\" data-track-category=\"Link no Texto\" data-track-links=\"\">Dracena foi apresentado\u00a0<a href=\"https:\/\/globoesporte.globo.com\/futebol\/times\/palmeiras\/noticia\/novo-executivo-do-palmeiras-compara-michael-a-gabriel-veron-e-sugere-cautela-no-mercado.ghtml\">ao lado do novo executivo de futebol: Anderson Barros<\/a>, ex-Botafogo.<\/p>\n<div class=\"mc-column content-text active-extra-styles \" style=\"text-align: justify;\" data-block-type=\"unstyled\" data-block-weight=\"32\" data-block-id=\"3\">\n<p class=\"content-text__container \" data-track-category=\"Link no Texto\" data-track-links=\"\">A nova comiss\u00e3o t\u00e9cnica, a prop\u00f3sito, tem um velho conhecido de Dracena. Foi com Vanderlei Luxemburgo como treinador o seu primeiro t\u00edtulo brasileiro da carreira, em 2003, com a camisa do Cruzeiro.<\/p>\n<\/div>\n<div class=\"mc-column content-text active-extra-styles \" data-block-type=\"unstyled\" data-block-weight=\"37\" data-block-id=\"5\">\n<p class=\"content-text__container \" style=\"text-align: justify;\" data-track-category=\"Link no Texto\" data-track-links=\"\">Os dois ainda n\u00e3o se encontraram pessoalmente \u2013 h\u00e1 uma reuni\u00e3o marcada para a tarde desta quinta-feira, na Academia de Futebol, com todo o departamento de futebol \u2013, mas j\u00e1 se falaram pelo telefone na \u00faltima quarta-feira.<\/p>\n<div class=\"mc-column content-text active-extra-styles \" style=\"text-align: justify;\" data-block-type=\"unstyled\" data-block-weight=\"43\" data-block-id=\"9\">\n<p class=\"content-text__container \" data-track-category=\"Link no Texto\" data-track-links=\"\">\u2013 Minha fun\u00e7\u00e3o vai ser a de sempre auxiliar em todas as partes, tanto na parte t\u00e9cnica, com o professor Vanderlei, como com o Anderson (Barros, executivo de futebol), o C\u00edcero (Souza, gerente de futebol), conversando sobre planejamento, contrata\u00e7\u00f5es \u2013 disse o assessor.<\/p>\n<\/div>\n<div class=\"mc-column content-text active-extra-styles \" style=\"text-align: justify;\" data-block-type=\"unstyled\" data-block-weight=\"40\" data-block-id=\"10\">\n<p class=\"content-text__container \" data-track-category=\"Link no Texto\" data-track-links=\"\">\u2013 Vou ter esse papel de integra\u00e7\u00e3o. O professor Vanderlei est\u00e1 chegando, o Anderson tamb\u00e9m, vou passar as caracter\u00edsticas, as maneiras tamb\u00e9m dos jogadores de se comportarem. O mais importante \u00e9 estarmos todos integrados, tamb\u00e9m com os garotos da base.<\/p>\n<\/div>\n<div class=\"mc-column content-text active-extra-styles \" data-block-type=\"unstyled\" data-block-weight=\"9\" data-block-id=\"11\">\n<p class=\"content-text__container \" style=\"text-align: justify;\" data-track-category=\"Link no Texto\" data-track-links=\"\">Com a contrata\u00e7\u00e3o de Dracena para a fun\u00e7\u00e3o, o tamb\u00e9m ex-jogador Z\u00e9 Roberto trocar\u00e1 de cargo e passar\u00e1 a ser uma esp\u00e9cie de embaixador do Palmeiras, representando o clube em a\u00e7\u00f5es sociais e de marketing pelo Brasil e no exterior.<\/p>\n<p style=\"text-align: justify;\" data-track-category=\"Link no Texto\" data-track-links=\"\">Fonte: https:\/\/globoesporte.globo.com\/<\/p>\n<\/div>\n<\/div>\n<\/div>\n<\/div>\n","protected":false},"excerpt":{"rendered":"<p>Ex-zagueiro j\u00e1 teve uma primeira conversa por telefone com o novo treinador. EDU DRACENA FALA COMO ASSESSOR T\u00c9CNICO DO PALMEIRAS Posted by Cl\u00e1udio Jos\u00e9 Pasqualeto on Thursday, December 19, 2019 Edu Dracena fala como assessor t\u00e9cnico do Palmeiras no programa apresentado por Renata Fan. Come\u00e7ou nesta quinta-feira a nova fase de Edu Dracena no\u00a0Palmeiras. Rec\u00e9m-aposentado [&hellip;]<\/p>\n","protected":false},"author":1,"featured_media":14473,"comment_status":"closed","ping_status":"open","sticky":false,"template":"","format":"video","meta":{"footnotes":""},"categories":[169],"tags":[],"class_list":["post-14472","post","type-post","status-publish","format-video","has-post-thumbnail","hentry","category-videos","post_format-post-format-video"],"_links":{"self":[{"href":"https:\/\/jorgezanoni.com.br\/2019\/wp-json\/wp\/v2\/posts\/14472","targetHints":{"allow":["GET"]}}],"collection":[{"href":"https:\/\/jorgezanoni.com.br\/2019\/wp-json\/wp\/v2\/posts"}],"about":[{"href":"https:\/\/jorgezanoni.com.br\/2019\/wp-json\/wp\/v2\/types\/post"}],"author":[{"embeddable":true,"href":"https:\/\/jorgezanoni.com.br\/2019\/wp-json\/wp\/v2\/users\/1"}],"replies":[{"embeddable":true,"href":"https:\/\/jorgezanoni.com.br\/2019\/wp-json\/wp\/v2\/comments?post=14472"}],"version-history":[{"count":0,"href":"https:\/\/jorgezanoni.com.br\/2019\/wp-json\/wp\/v2\/posts\/14472\/revisions"}],"wp:featuredmedia":[{"embeddable":true,"href":"https:\/\/jorgezanoni.com.br\/2019\/wp-json\/wp\/v2\/media\/14473"}],"wp:attachment":[{"href":"https:\/\/jorgezanoni.com.br\/2019\/wp-json\/wp\/v2\/media?parent=14472"}],"wp:term":[{"taxonomy":"category","embeddable":true,"href":"https:\/\/jorgezanoni.com.br\/2019\/wp-json\/wp\/v2\/categories?post=14472"},{"taxonomy":"post_tag","embeddable":true,"href":"https:\/\/jorgezanoni.com.br\/2019\/wp-json\/wp\/v2\/tags?post=14472"}],"curies":[{"name":"wp","href":"https:\/\/api.w.org\/{rel}","templated":true}]}}