{"id":14462,"date":"2019-12-19T16:09:57","date_gmt":"2019-12-19T16:09:57","guid":{"rendered":"https:\/\/jorgezanoni.com.br\/2019\/?p=14462"},"modified":"2019-12-19T16:09:57","modified_gmt":"2019-12-19T16:09:57","slug":"alunos-da-apae-receberam-papai-noel-que-chegou-de-aviao-no-aeroporto-de-dracena","status":"publish","type":"post","link":"https:\/\/jorgezanoni.com.br\/2019\/alunos-da-apae-receberam-papai-noel-que-chegou-de-aviao-no-aeroporto-de-dracena\/","title":{"rendered":"Alunos da APAE receberam Papai Noel que chegou de avi\u00e3o no Aeroporto de Dracena"},"content":{"rendered":"<p>Na \u00faltima sexta-feira (13), os alunos da APAE, dire\u00e7\u00e3o e padrinhos estiveram no Aeroporto Muliterno para receberem a chegada do Papai Noel. Este ano chegou de avi\u00e3o. (Veja o V\u00eddeo).<\/p>\n<div id=\"fb-root\"><\/div>\n<p><script async=\"1\" defer=\"1\" crossorigin=\"anonymous\" src=\"https:\/\/connect.facebook.net\/en_US\/sdk.js#xfbml=1&amp;version=v5.0\"><\/script><\/p>\n<div class=\"fb-video\" data-href=\"https:\/\/www.facebook.com\/jorgezanonidracena\/videos\/437440506925858\/\" data-width=\"696\">\n<blockquote cite=\"https:\/\/www.facebook.com\/jorgezanonidracena\/videos\/437440506925858\/\" class=\"fb-xfbml-parse-ignore\"><p><a href=\"https:\/\/www.facebook.com\/jorgezanonidracena\/videos\/437440506925858\/\">Alunos da APAE receberam Papai Noel que chegou de avi\u00e3o no Aeroporto de Dracena.<\/a><\/p>\n<p>Alunos da APAE receberam Papai Noel que chegou de avi\u00e3o no Aeroporto de Dracena.<\/p>\n<p>Posted by <a href=\"https:\/\/www.facebook.com\/jorgezanonidracena\/\">Jorge Zanoni<\/a> on Thursday, December 19, 2019<\/p><\/blockquote>\n<\/div>\n","protected":false},"excerpt":{"rendered":"<p>Na \u00faltima sexta-feira (13), os alunos da APAE, dire\u00e7\u00e3o e padrinhos estiveram no Aeroporto Muliterno para receberem a chegada do Papai Noel. Este ano chegou de avi\u00e3o. (Veja o V\u00eddeo). Alunos da APAE receberam Papai Noel que chegou de avi\u00e3o no Aeroporto de Dracena. Alunos da APAE receberam Papai Noel que chegou de avi\u00e3o no [&hellip;]<\/p>\n","protected":false},"author":1,"featured_media":14463,"comment_status":"closed","ping_status":"open","sticky":false,"template":"","format":"video","meta":{"footnotes":""},"categories":[169],"tags":[],"class_list":["post-14462","post","type-post","status-publish","format-video","has-post-thumbnail","hentry","category-videos","post_format-post-format-video"],"_links":{"self":[{"href":"https:\/\/jorgezanoni.com.br\/2019\/wp-json\/wp\/v2\/posts\/14462","targetHints":{"allow":["GET"]}}],"collection":[{"href":"https:\/\/jorgezanoni.com.br\/2019\/wp-json\/wp\/v2\/posts"}],"about":[{"href":"https:\/\/jorgezanoni.com.br\/2019\/wp-json\/wp\/v2\/types\/post"}],"author":[{"embeddable":true,"href":"https:\/\/jorgezanoni.com.br\/2019\/wp-json\/wp\/v2\/users\/1"}],"replies":[{"embeddable":true,"href":"https:\/\/jorgezanoni.com.br\/2019\/wp-json\/wp\/v2\/comments?post=14462"}],"version-history":[{"count":0,"href":"https:\/\/jorgezanoni.com.br\/2019\/wp-json\/wp\/v2\/posts\/14462\/revisions"}],"wp:featuredmedia":[{"embeddable":true,"href":"https:\/\/jorgezanoni.com.br\/2019\/wp-json\/wp\/v2\/media\/14463"}],"wp:attachment":[{"href":"https:\/\/jorgezanoni.com.br\/2019\/wp-json\/wp\/v2\/media?parent=14462"}],"wp:term":[{"taxonomy":"category","embeddable":true,"href":"https:\/\/jorgezanoni.com.br\/2019\/wp-json\/wp\/v2\/categories?post=14462"},{"taxonomy":"post_tag","embeddable":true,"href":"https:\/\/jorgezanoni.com.br\/2019\/wp-json\/wp\/v2\/tags?post=14462"}],"curies":[{"name":"wp","href":"https:\/\/api.w.org\/{rel}","templated":true}]}}