{"id":14410,"date":"2019-12-19T00:10:51","date_gmt":"2019-12-19T00:10:51","guid":{"rendered":"https:\/\/jorgezanoni.com.br\/2019\/?p=14410"},"modified":"2019-12-19T00:10:51","modified_gmt":"2019-12-19T00:10:51","slug":"unifadra-realiza-minicurso-de-bioetica-e-inteligencia-artificial","status":"publish","type":"post","link":"https:\/\/jorgezanoni.com.br\/2019\/unifadra-realiza-minicurso-de-bioetica-e-inteligencia-artificial\/","title":{"rendered":"Unifadra realiza minicurso de Bio\u00e9tica e Intelig\u00eancia Artificial"},"content":{"rendered":"<p style=\"font-weight: 400; text-align: justify;\">Os alunos dos cursos de Medicina e Enfermagem da Faculdade Unifadra\/Fundec de Dracena participaram do minicurso extracurricular gratuito sobre Bio\u00e9tica e Intelig\u00eancia Artificial, ministrado pela Profa. Ma. Jaqueline Bergara Kuramoto, no dia 4 de dezembro, na Fundec.<\/p>\n<p style=\"font-weight: 400; text-align: justify;\">O minicurso enfocou a tecnologia utilizada na sa\u00fade. O aluno de Medicina da Unifadra Leonardo Medeiros destacou que a atividade foi de extrema import\u00e2ncia para ajudar a enxergar o papel fundamental da reflex\u00e3o frente a conflitos \u00e9ticos na forma\u00e7\u00e3o e na vida profissional. \u201cTamb\u00e9m nos atualizou sobre as novas tecnologias utilizadas em prol da assist\u00eancia \u00e0 sa\u00fade&#8221;, comentou Leonardo.<\/p>\n<p style=\"font-weight: 400; text-align: justify;\">Jaqueline Kuramoto destacou que, com a tecnoci\u00eancia cada vez mais presente no cotidiano dos profissionais de sa\u00fade, em que o uso da intelig\u00eancia artificial j\u00e1 \u00e9 uma realidade, \u00e9 necess\u00e1rio pensar em novos valores \u00e9ticos e morais nas tomadas de decis\u00e3o.<\/p>\n<p style=\"font-weight: 400; text-align: justify;\">Carolina Colnago<\/p>\n<p style=\"font-weight: 400; text-align: justify;\">Assessora de Comunica\u00e7\u00e3o da Fundec &#8211; Jornalista<\/p>\n","protected":false},"excerpt":{"rendered":"<p>Os alunos dos cursos de Medicina e Enfermagem da Faculdade Unifadra\/Fundec de Dracena participaram do minicurso extracurricular gratuito sobre Bio\u00e9tica e Intelig\u00eancia Artificial, ministrado pela Profa. Ma. Jaqueline Bergara Kuramoto, no dia 4 de dezembro, na Fundec. O minicurso enfocou a tecnologia utilizada na sa\u00fade. O aluno de Medicina da Unifadra Leonardo Medeiros destacou que [&hellip;]<\/p>\n","protected":false},"author":1,"featured_media":14412,"comment_status":"closed","ping_status":"open","sticky":false,"template":"","format":"standard","meta":{"footnotes":""},"categories":[122],"tags":[],"class_list":["post-14410","post","type-post","status-publish","format-standard","has-post-thumbnail","hentry","category-saudeeducacaoeconcurso"],"_links":{"self":[{"href":"https:\/\/jorgezanoni.com.br\/2019\/wp-json\/wp\/v2\/posts\/14410","targetHints":{"allow":["GET"]}}],"collection":[{"href":"https:\/\/jorgezanoni.com.br\/2019\/wp-json\/wp\/v2\/posts"}],"about":[{"href":"https:\/\/jorgezanoni.com.br\/2019\/wp-json\/wp\/v2\/types\/post"}],"author":[{"embeddable":true,"href":"https:\/\/jorgezanoni.com.br\/2019\/wp-json\/wp\/v2\/users\/1"}],"replies":[{"embeddable":true,"href":"https:\/\/jorgezanoni.com.br\/2019\/wp-json\/wp\/v2\/comments?post=14410"}],"version-history":[{"count":0,"href":"https:\/\/jorgezanoni.com.br\/2019\/wp-json\/wp\/v2\/posts\/14410\/revisions"}],"wp:featuredmedia":[{"embeddable":true,"href":"https:\/\/jorgezanoni.com.br\/2019\/wp-json\/wp\/v2\/media\/14412"}],"wp:attachment":[{"href":"https:\/\/jorgezanoni.com.br\/2019\/wp-json\/wp\/v2\/media?parent=14410"}],"wp:term":[{"taxonomy":"category","embeddable":true,"href":"https:\/\/jorgezanoni.com.br\/2019\/wp-json\/wp\/v2\/categories?post=14410"},{"taxonomy":"post_tag","embeddable":true,"href":"https:\/\/jorgezanoni.com.br\/2019\/wp-json\/wp\/v2\/tags?post=14410"}],"curies":[{"name":"wp","href":"https:\/\/api.w.org\/{rel}","templated":true}]}}