{"id":14401,"date":"2019-12-18T23:42:34","date_gmt":"2019-12-18T23:42:34","guid":{"rendered":"https:\/\/jorgezanoni.com.br\/2019\/?p=14401"},"modified":"2019-12-18T23:42:34","modified_gmt":"2019-12-18T23:42:34","slug":"estudantes-da-rede-municipal-de-educacao-sao-homenageados-por-classificacoes-na-obmep","status":"publish","type":"post","link":"https:\/\/jorgezanoni.com.br\/2019\/estudantes-da-rede-municipal-de-educacao-sao-homenageados-por-classificacoes-na-obmep\/","title":{"rendered":"Estudantes da Rede Municipal de Educa\u00e7\u00e3o s\u00e3o homenageados por classifica\u00e7\u00f5es na OBMEP"},"content":{"rendered":"<p style=\"text-align: justify;\">\u00a0 \u00a0 \u00a0 \u00a0 \u00a0 \u00a0 O Prefeito de Dracena, realizou em seu gabinete uma homenagem aos estudantes classificados em n\u00edveis escolar e municipal na Olimp\u00edada Brasileira de Matem\u00e1tica das Escolas P\u00fablicas (OBMEP).<\/p>\n<p style=\"text-align: justify;\">\u00a0\u00a0\u00a0\u00a0\u00a0\u00a0\u00a0\u00a0\u00a0\u00a0\u00a0 A OBMEP \u00e9 um projeto nacional dirigido \u00e0s escolas p\u00fablicas e privadas brasileiras, realizado pelo Instituto Nacional de Matem\u00e1tica Pura e Aplicada (IMPA), com o apoio da Sociedade Brasileira de Matem\u00e1tica (SBM), e promovida com recursos do Minist\u00e9rio da Educa\u00e7\u00e3o e do Minist\u00e9rio da Ci\u00eancia, Tecnologia, Inova\u00e7\u00f5es e Comunica\u00e7\u00f5es (MCTIC).<\/p>\n<p style=\"text-align: justify;\">\u00a0\u00a0\u00a0\u00a0\u00a0\u00a0\u00a0\u00a0\u00a0\u00a0\u00a0 Na oportunidade, estiveram presentes gestores e professores das unidades escolares, familiares dos estudantes e representantes da Secretaria Municipal de Educa\u00e7\u00e3o.<\/p>\n<p style=\"text-align: justify;\">\u00a0\u00a0\u00a0\u00a0\u00a0\u00a0\u00a0\u00a0\u00a0\u00a0\u00a0 A Secret\u00e1ria de Educa\u00e7\u00e3o, Professora Vanessa Red\u00edgolo Castilho, salienta a import\u00e2ncia de iniciativas como essas para a valoriza\u00e7\u00e3o de alunos e incentivo aos demais estudantes.<\/p>\n<p style=\"text-align: justify;\">\u00a0\u00a0\u00a0\u00a0\u00a0\u00a0\u00a0\u00a0\u00a0\u00a0\u00a0 Foram premiados os estudantes Jos\u00e9 Guilherme Ussifiti da EMEFI Amador Franco da Silveira, acompanhado pela Professora Ana Maria Janini Temporim, Coordenadora Ana Aparecida Sasso e Diretora F\u00e1tima Aparecida Bosquetti Arnal; Victor Hugo Cova Magalh\u00e3es e Monique Iani Dias da EMEFI Guilherme Tammerik, acompanhados pelas Professora Maria Augusta Bertolini e Elenice Bratfich e Coordenadora Neide Sonia de Lazari Souza; Leonardo Henrique da Silva da EMEFI Ver. Jo\u00e3o Milan Barbosa, acompanhado pelo irm\u00e3o Bruno Henrique da Silva, pela Professora Anne Cristina Ricardo Sotti Amaral e pela Diretora Sirlei Gon\u00e7alves da Silva; Jeniffer Alves Surtines da EMEFI Jo\u00e3o Vendramini, representada pela m\u00e3e Eunice Regina Alves Surtines, acompanhada pela Diretora Eliane Aparecida Santana; Deivid Willian Rocha Gomes da EMEFI Profa. Luiza Rossa Ribeiro, acompanhada pela m\u00e3e Gyselle Rodrigues Rocha Gomes e Diretor Rodrigo Gon\u00e7alves dos Santos; Heitor Belan Alves, acompanhado pela Professora Elizabete Maldonado Kozan, pela m\u00e3e Maraisa Aparecida Belan e Diretora Adriana Rodrigues Alvares Mendon\u00e7a; Miguel Mantovaneli, acompanhado pela Professora Gilv\u00e2nia Santos Ferreira de S. Sobral, pela m\u00e3e Lilian Cristina dos Santos Mantovaneli e pela Diretora Rosana Santos da Silva Crist\u00f3fani; Eduardo Santos Silva, acompanhado pela m\u00e3e Silvana Martins dos Santos e Diretora Maria In\u00eas Rondi e Maira Mavina Gama dos Santos, acompanhada pela Professora Eurides de Azevedo Meneguello, pelo pai Valdemir dos Santos, pela m\u00e3e Maria Aparecida Gama da Silva e pela Diretora Marcia Alves Teixeira Bertolin.<\/p>\n<p style=\"text-align: justify;\">\u00a0\u00a0\u00a0\u00a0\u00a0\u00a0\u00a0\u00a0\u00a0\u00a0\u00a0 Representando a Secret\u00e1ria de Educa\u00e7\u00e3o, acompanharam a homenagem as Professoras da Eunice Giacomini de Sales e Tha\u00eds Regina Miranda Martins da pasta da educa\u00e7\u00e3o municipal.<\/p>\n<p>Fonte: Diretoria de Comunica\u00e7\u00e3o<\/p>\n","protected":false},"excerpt":{"rendered":"<p>\u00a0 \u00a0 \u00a0 \u00a0 \u00a0 \u00a0 O Prefeito de Dracena, realizou em seu gabinete uma homenagem aos estudantes classificados em n\u00edveis escolar e municipal na Olimp\u00edada Brasileira de Matem\u00e1tica das Escolas P\u00fablicas (OBMEP). \u00a0\u00a0\u00a0\u00a0\u00a0\u00a0\u00a0\u00a0\u00a0\u00a0\u00a0 A OBMEP \u00e9 um projeto nacional dirigido \u00e0s escolas p\u00fablicas e privadas brasileiras, realizado pelo Instituto Nacional de Matem\u00e1tica Pura e [&hellip;]<\/p>\n","protected":false},"author":1,"featured_media":14402,"comment_status":"closed","ping_status":"open","sticky":false,"template":"","format":"standard","meta":{"footnotes":""},"categories":[122],"tags":[],"class_list":["post-14401","post","type-post","status-publish","format-standard","has-post-thumbnail","hentry","category-saudeeducacaoeconcurso"],"_links":{"self":[{"href":"https:\/\/jorgezanoni.com.br\/2019\/wp-json\/wp\/v2\/posts\/14401","targetHints":{"allow":["GET"]}}],"collection":[{"href":"https:\/\/jorgezanoni.com.br\/2019\/wp-json\/wp\/v2\/posts"}],"about":[{"href":"https:\/\/jorgezanoni.com.br\/2019\/wp-json\/wp\/v2\/types\/post"}],"author":[{"embeddable":true,"href":"https:\/\/jorgezanoni.com.br\/2019\/wp-json\/wp\/v2\/users\/1"}],"replies":[{"embeddable":true,"href":"https:\/\/jorgezanoni.com.br\/2019\/wp-json\/wp\/v2\/comments?post=14401"}],"version-history":[{"count":0,"href":"https:\/\/jorgezanoni.com.br\/2019\/wp-json\/wp\/v2\/posts\/14401\/revisions"}],"wp:featuredmedia":[{"embeddable":true,"href":"https:\/\/jorgezanoni.com.br\/2019\/wp-json\/wp\/v2\/media\/14402"}],"wp:attachment":[{"href":"https:\/\/jorgezanoni.com.br\/2019\/wp-json\/wp\/v2\/media?parent=14401"}],"wp:term":[{"taxonomy":"category","embeddable":true,"href":"https:\/\/jorgezanoni.com.br\/2019\/wp-json\/wp\/v2\/categories?post=14401"},{"taxonomy":"post_tag","embeddable":true,"href":"https:\/\/jorgezanoni.com.br\/2019\/wp-json\/wp\/v2\/tags?post=14401"}],"curies":[{"name":"wp","href":"https:\/\/api.w.org\/{rel}","templated":true}]}}