{"id":14394,"date":"2019-12-18T23:29:32","date_gmt":"2019-12-18T23:29:32","guid":{"rendered":"https:\/\/jorgezanoni.com.br\/2019\/?p=14394"},"modified":"2019-12-18T23:29:32","modified_gmt":"2019-12-18T23:29:32","slug":"escola-tecnica-municipal-profa-izaura-sampaio-realiza-cerimonia-de-formatura-em-dracena","status":"publish","type":"post","link":"https:\/\/jorgezanoni.com.br\/2019\/escola-tecnica-municipal-profa-izaura-sampaio-realiza-cerimonia-de-formatura-em-dracena\/","title":{"rendered":"Escola T\u00e9cnica Municipal Prof\u00aa Izaura Sampaio realiza cerim\u00f4nia de formatura em Dracena"},"content":{"rendered":"<p style=\"text-align: justify;\">A Escola T\u00e9cnica Municipal Prof\u00aa Izaura Sampaio realizou a cerim\u00f4nia de Cola\u00e7\u00e3o de Grau dos formandos dos cursos de t\u00e9cnico em Eletrot\u00e9cnica, t\u00e9cnico em Mec\u00e2nica e da Educa\u00e7\u00e3o de Jovens e Adultos (EJA).<\/p>\n<p style=\"text-align: justify;\">A cerim\u00f4nia aconteceu nas depend\u00eancias da Escola T\u00e9cnica e contou com a presen\u00e7a de autoridades locais, gestores, professores, familiares, amigos e demais convidados dos formandos.<\/p>\n<p style=\"text-align: justify;\">Compuseram a mesa de honra, o vereador Kielse Muniz, representando a C\u00e2mara Municipal, a diretora prof\u00aa Maria Esmeralda Poleto, o coordenador prof\u00ba Antenor Vendramin Melegari, professores paraninfos e demais professores da escola.<\/p>\n<p style=\"text-align: justify;\">Os formandos participaram da cola\u00e7\u00e3o de grau, tendo como paraninfos das turmas, o professor Al\u00edpio do Esp\u00edrito Santos, representando o curso de t\u00e9cnico em Eletrot\u00e9cnica; o professor Ricardo Emydio Auriema, do curso de t\u00e9cnico em Mec\u00e2nica; e a professora Andr\u00e9ia Dias Munis do curso EJA.<\/p>\n<p style=\"text-align: justify;\">A diretora da escola, Maria Esmeralda, destacou que \u201cesta noite n\u00e3o \u00e9 apenas uma noite de formatura, um instante de despedida, ou o encerramento de uma miss\u00e3o. O conhecimento das novas responsabilidades nos d\u00e1 a convic\u00e7\u00e3o de que estamos vivendo mais um in\u00edcio e que esta vit\u00f3ria n\u00e3o d\u00e1 por encerrada a nossa luta\u201d.<\/p>\n<p style=\"text-align: justify;\">A Secret\u00e1ria de Educa\u00e7\u00e3o Prof\u00aa Ms. Vanessa Maria Red\u00edgolo Castilho parabeniza todos os formandos por esta etapa conclu\u00edda.\u201cFormar turmas qualificadas \u00e9 motivo de grande alegria para todos. Esses alunos finalizam os cursos preparados e capacitados para atender as necessidades da sociedade. S\u00e3o profissionais com perfil criativo, proativo e competente\u201d, declarou.<\/p>\n<p style=\"text-align: justify;\">A Escola T\u00e9cnica Prof\u00aa Izaura Sampaio \u00e9 mantida pela Prefeitura Municipal de Dracena, por meio da Secretaria de Educa\u00e7\u00e3o, e oferece os cursos de forma gratuita.<\/p>\n<p><img loading=\"lazy\" decoding=\"async\" class=\"alignnone size-full wp-image-14395\" src=\"https:\/\/jorgezanoni.com.br\/2019\/wp-content\/uploads\/2019\/12\/isaura.jpeg\" alt=\"\" width=\"1280\" height=\"960\" srcset=\"https:\/\/jorgezanoni.com.br\/2019\/wp-content\/uploads\/2019\/12\/isaura.jpeg 1280w, https:\/\/jorgezanoni.com.br\/2019\/wp-content\/uploads\/2019\/12\/isaura-300x225.jpeg 300w, https:\/\/jorgezanoni.com.br\/2019\/wp-content\/uploads\/2019\/12\/isaura-768x576.jpeg 768w, https:\/\/jorgezanoni.com.br\/2019\/wp-content\/uploads\/2019\/12\/isaura-1024x768.jpeg 1024w, https:\/\/jorgezanoni.com.br\/2019\/wp-content\/uploads\/2019\/12\/isaura-80x60.jpeg 80w, https:\/\/jorgezanoni.com.br\/2019\/wp-content\/uploads\/2019\/12\/isaura-265x198.jpeg 265w, https:\/\/jorgezanoni.com.br\/2019\/wp-content\/uploads\/2019\/12\/isaura-696x522.jpeg 696w, https:\/\/jorgezanoni.com.br\/2019\/wp-content\/uploads\/2019\/12\/isaura-1068x801.jpeg 1068w, https:\/\/jorgezanoni.com.br\/2019\/wp-content\/uploads\/2019\/12\/isaura-560x420.jpeg 560w\" sizes=\"auto, (max-width: 1280px) 100vw, 1280px\" \/> <img loading=\"lazy\" decoding=\"async\" class=\"alignnone size-full wp-image-14396\" src=\"https:\/\/jorgezanoni.com.br\/2019\/wp-content\/uploads\/2019\/12\/Isaura1.jpeg\" alt=\"\" width=\"1280\" height=\"960\" srcset=\"https:\/\/jorgezanoni.com.br\/2019\/wp-content\/uploads\/2019\/12\/Isaura1.jpeg 1280w, https:\/\/jorgezanoni.com.br\/2019\/wp-content\/uploads\/2019\/12\/Isaura1-300x225.jpeg 300w, https:\/\/jorgezanoni.com.br\/2019\/wp-content\/uploads\/2019\/12\/Isaura1-768x576.jpeg 768w, https:\/\/jorgezanoni.com.br\/2019\/wp-content\/uploads\/2019\/12\/Isaura1-1024x768.jpeg 1024w, https:\/\/jorgezanoni.com.br\/2019\/wp-content\/uploads\/2019\/12\/Isaura1-80x60.jpeg 80w, https:\/\/jorgezanoni.com.br\/2019\/wp-content\/uploads\/2019\/12\/Isaura1-265x198.jpeg 265w, https:\/\/jorgezanoni.com.br\/2019\/wp-content\/uploads\/2019\/12\/Isaura1-696x522.jpeg 696w, https:\/\/jorgezanoni.com.br\/2019\/wp-content\/uploads\/2019\/12\/Isaura1-1068x801.jpeg 1068w, https:\/\/jorgezanoni.com.br\/2019\/wp-content\/uploads\/2019\/12\/Isaura1-560x420.jpeg 560w\" sizes=\"auto, (max-width: 1280px) 100vw, 1280px\" \/><img loading=\"lazy\" decoding=\"async\" class=\"alignnone size-full wp-image-14398\" src=\"https:\/\/jorgezanoni.com.br\/2019\/wp-content\/uploads\/2019\/12\/isaura3.jpeg\" alt=\"\" width=\"1280\" height=\"960\" srcset=\"https:\/\/jorgezanoni.com.br\/2019\/wp-content\/uploads\/2019\/12\/isaura3.jpeg 1280w, https:\/\/jorgezanoni.com.br\/2019\/wp-content\/uploads\/2019\/12\/isaura3-300x225.jpeg 300w, https:\/\/jorgezanoni.com.br\/2019\/wp-content\/uploads\/2019\/12\/isaura3-768x576.jpeg 768w, https:\/\/jorgezanoni.com.br\/2019\/wp-content\/uploads\/2019\/12\/isaura3-1024x768.jpeg 1024w, https:\/\/jorgezanoni.com.br\/2019\/wp-content\/uploads\/2019\/12\/isaura3-80x60.jpeg 80w, https:\/\/jorgezanoni.com.br\/2019\/wp-content\/uploads\/2019\/12\/isaura3-265x198.jpeg 265w, https:\/\/jorgezanoni.com.br\/2019\/wp-content\/uploads\/2019\/12\/isaura3-696x522.jpeg 696w, https:\/\/jorgezanoni.com.br\/2019\/wp-content\/uploads\/2019\/12\/isaura3-1068x801.jpeg 1068w, https:\/\/jorgezanoni.com.br\/2019\/wp-content\/uploads\/2019\/12\/isaura3-560x420.jpeg 560w\" sizes=\"auto, (max-width: 1280px) 100vw, 1280px\" \/> <img loading=\"lazy\" decoding=\"async\" class=\"alignnone size-full wp-image-14399\" src=\"https:\/\/jorgezanoni.com.br\/2019\/wp-content\/uploads\/2019\/12\/isaura4.jpeg\" alt=\"\" width=\"1280\" height=\"960\" srcset=\"https:\/\/jorgezanoni.com.br\/2019\/wp-content\/uploads\/2019\/12\/isaura4.jpeg 1280w, https:\/\/jorgezanoni.com.br\/2019\/wp-content\/uploads\/2019\/12\/isaura4-300x225.jpeg 300w, https:\/\/jorgezanoni.com.br\/2019\/wp-content\/uploads\/2019\/12\/isaura4-768x576.jpeg 768w, https:\/\/jorgezanoni.com.br\/2019\/wp-content\/uploads\/2019\/12\/isaura4-1024x768.jpeg 1024w, https:\/\/jorgezanoni.com.br\/2019\/wp-content\/uploads\/2019\/12\/isaura4-80x60.jpeg 80w, https:\/\/jorgezanoni.com.br\/2019\/wp-content\/uploads\/2019\/12\/isaura4-265x198.jpeg 265w, https:\/\/jorgezanoni.com.br\/2019\/wp-content\/uploads\/2019\/12\/isaura4-696x522.jpeg 696w, https:\/\/jorgezanoni.com.br\/2019\/wp-content\/uploads\/2019\/12\/isaura4-1068x801.jpeg 1068w, https:\/\/jorgezanoni.com.br\/2019\/wp-content\/uploads\/2019\/12\/isaura4-560x420.jpeg 560w\" sizes=\"auto, (max-width: 1280px) 100vw, 1280px\" \/><\/p>\n<p style=\"text-align: justify;\">Fonte: Diretoria de Comunica\u00e7\u00e3o<\/p>\n","protected":false},"excerpt":{"rendered":"<p>A Escola T\u00e9cnica Municipal Prof\u00aa Izaura Sampaio realizou a cerim\u00f4nia de Cola\u00e7\u00e3o de Grau dos formandos dos cursos de t\u00e9cnico em Eletrot\u00e9cnica, t\u00e9cnico em Mec\u00e2nica e da Educa\u00e7\u00e3o de Jovens e Adultos (EJA). A cerim\u00f4nia aconteceu nas depend\u00eancias da Escola T\u00e9cnica e contou com a presen\u00e7a de autoridades locais, gestores, professores, familiares, amigos e demais [&hellip;]<\/p>\n","protected":false},"author":1,"featured_media":14397,"comment_status":"closed","ping_status":"open","sticky":false,"template":"","format":"standard","meta":{"footnotes":""},"categories":[122],"tags":[],"class_list":["post-14394","post","type-post","status-publish","format-standard","has-post-thumbnail","hentry","category-saudeeducacaoeconcurso"],"_links":{"self":[{"href":"https:\/\/jorgezanoni.com.br\/2019\/wp-json\/wp\/v2\/posts\/14394","targetHints":{"allow":["GET"]}}],"collection":[{"href":"https:\/\/jorgezanoni.com.br\/2019\/wp-json\/wp\/v2\/posts"}],"about":[{"href":"https:\/\/jorgezanoni.com.br\/2019\/wp-json\/wp\/v2\/types\/post"}],"author":[{"embeddable":true,"href":"https:\/\/jorgezanoni.com.br\/2019\/wp-json\/wp\/v2\/users\/1"}],"replies":[{"embeddable":true,"href":"https:\/\/jorgezanoni.com.br\/2019\/wp-json\/wp\/v2\/comments?post=14394"}],"version-history":[{"count":0,"href":"https:\/\/jorgezanoni.com.br\/2019\/wp-json\/wp\/v2\/posts\/14394\/revisions"}],"wp:featuredmedia":[{"embeddable":true,"href":"https:\/\/jorgezanoni.com.br\/2019\/wp-json\/wp\/v2\/media\/14397"}],"wp:attachment":[{"href":"https:\/\/jorgezanoni.com.br\/2019\/wp-json\/wp\/v2\/media?parent=14394"}],"wp:term":[{"taxonomy":"category","embeddable":true,"href":"https:\/\/jorgezanoni.com.br\/2019\/wp-json\/wp\/v2\/categories?post=14394"},{"taxonomy":"post_tag","embeddable":true,"href":"https:\/\/jorgezanoni.com.br\/2019\/wp-json\/wp\/v2\/tags?post=14394"}],"curies":[{"name":"wp","href":"https:\/\/api.w.org\/{rel}","templated":true}]}}