{"id":14390,"date":"2019-12-18T23:02:41","date_gmt":"2019-12-18T23:02:41","guid":{"rendered":"https:\/\/jorgezanoni.com.br\/2019\/?p=14390"},"modified":"2019-12-18T23:02:41","modified_gmt":"2019-12-18T23:02:41","slug":"comunidade-de-dracena-esta-convidada-a-visitar-o-presepio-da-igreja-matriz","status":"publish","type":"post","link":"https:\/\/jorgezanoni.com.br\/2019\/comunidade-de-dracena-esta-convidada-a-visitar-o-presepio-da-igreja-matriz\/","title":{"rendered":"Comunidade de Dracena est\u00e1 convidada a visitar o Pres\u00e9pio da Igreja Matriz"},"content":{"rendered":"<p style=\"text-align: justify;\"><strong>Pres\u00e9pio da Igreja Matriz Nossa Senhora Aparecida de Dracena est\u00e1 lindamente montado.<\/strong><\/p>\n<p style=\"text-align: justify;\">A comunidade de Dracena e regi\u00e3o e os in\u00fameros visitantes que estar\u00e3o passando as festas de final de ano na cidade, est\u00e3o convidados a fazer uma visita no Pres\u00e9pio lindamente confeccionado por volunt\u00e1rios.<\/p>\n<p style=\"text-align: justify;\">Por aproximadamente um m\u00eas, praticamente todas as noites os amigos que h\u00e1 muitos anos se re\u00fanem, montaram o lindo Pres\u00e9pio.<\/p>\n<p style=\"text-align: justify;\">Participaram neste ano: Frei Cl\u00e1udio Moraes, Carmela Capobianco, \u00c9zio, Albino da Abeia, Celso Ferreguti, Vitor Ferreguti, Z\u00e9 do C\u00e9u e Vandir Polidoro.<\/p>\n<p>Jorge Zanoni<\/p>\n<p>VEJA O V\u00cdDEO:<\/p>\n<div style=\"width: 640px;\" class=\"wp-video\"><video class=\"wp-video-shortcode\" id=\"video-14390-1\" width=\"640\" height=\"352\" preload=\"metadata\" controls=\"controls\"><source type=\"video\/mp4\" src=\"https:\/\/jorgezanoni.com.br\/2019\/wp-content\/uploads\/2019\/12\/V\u00edeo-Pres\u00e9pio-Matriz-18-12-19.mp4?_=1\" \/><a href=\"https:\/\/jorgezanoni.com.br\/2019\/wp-content\/uploads\/2019\/12\/V\u00edeo-Pres\u00e9pio-Matriz-18-12-19.mp4\">https:\/\/jorgezanoni.com.br\/2019\/wp-content\/uploads\/2019\/12\/V\u00edeo-Pres\u00e9pio-Matriz-18-12-19.mp4<\/a><\/video><\/div>\n<p>&nbsp;<\/p>\n<p style=\"text-align: justify;\">\n","protected":false},"excerpt":{"rendered":"<p>Pres\u00e9pio da Igreja Matriz Nossa Senhora Aparecida de Dracena est\u00e1 lindamente montado. A comunidade de Dracena e regi\u00e3o e os in\u00fameros visitantes que estar\u00e3o passando as festas de final de ano na cidade, est\u00e3o convidados a fazer uma visita no Pres\u00e9pio lindamente confeccionado por volunt\u00e1rios. Por aproximadamente um m\u00eas, praticamente todas as noites os amigos [&hellip;]<\/p>\n","protected":false},"author":1,"featured_media":14392,"comment_status":"closed","ping_status":"open","sticky":false,"template":"","format":"video","meta":{"footnotes":""},"categories":[169],"tags":[],"class_list":["post-14390","post","type-post","status-publish","format-video","has-post-thumbnail","hentry","category-videos","post_format-post-format-video"],"_links":{"self":[{"href":"https:\/\/jorgezanoni.com.br\/2019\/wp-json\/wp\/v2\/posts\/14390","targetHints":{"allow":["GET"]}}],"collection":[{"href":"https:\/\/jorgezanoni.com.br\/2019\/wp-json\/wp\/v2\/posts"}],"about":[{"href":"https:\/\/jorgezanoni.com.br\/2019\/wp-json\/wp\/v2\/types\/post"}],"author":[{"embeddable":true,"href":"https:\/\/jorgezanoni.com.br\/2019\/wp-json\/wp\/v2\/users\/1"}],"replies":[{"embeddable":true,"href":"https:\/\/jorgezanoni.com.br\/2019\/wp-json\/wp\/v2\/comments?post=14390"}],"version-history":[{"count":0,"href":"https:\/\/jorgezanoni.com.br\/2019\/wp-json\/wp\/v2\/posts\/14390\/revisions"}],"wp:featuredmedia":[{"embeddable":true,"href":"https:\/\/jorgezanoni.com.br\/2019\/wp-json\/wp\/v2\/media\/14392"}],"wp:attachment":[{"href":"https:\/\/jorgezanoni.com.br\/2019\/wp-json\/wp\/v2\/media?parent=14390"}],"wp:term":[{"taxonomy":"category","embeddable":true,"href":"https:\/\/jorgezanoni.com.br\/2019\/wp-json\/wp\/v2\/categories?post=14390"},{"taxonomy":"post_tag","embeddable":true,"href":"https:\/\/jorgezanoni.com.br\/2019\/wp-json\/wp\/v2\/tags?post=14390"}],"curies":[{"name":"wp","href":"https:\/\/api.w.org\/{rel}","templated":true}]}}