{"id":14375,"date":"2019-12-18T21:03:21","date_gmt":"2019-12-18T21:03:21","guid":{"rendered":"https:\/\/jorgezanoni.com.br\/2019\/?p=14375"},"modified":"2019-12-18T21:03:21","modified_gmt":"2019-12-18T21:03:21","slug":"chuva-forte-causa-estragos-em-dracena-e-junqueiropolis-veja-alguns-videos-de-internautas","status":"publish","type":"post","link":"https:\/\/jorgezanoni.com.br\/2019\/chuva-forte-causa-estragos-em-dracena-e-junqueiropolis-veja-alguns-videos-de-internautas\/","title":{"rendered":"Chuva forte causa estragos em Dracena e Junqueir\u00f3polis. Veja alguns v\u00eddeos de internautas"},"content":{"rendered":"<div style=\"width: 696px;\" class=\"wp-video\"><video class=\"wp-video-shortcode\" id=\"video-14375-1\" width=\"696\" height=\"392\" preload=\"metadata\" controls=\"controls\"><source type=\"video\/mp4\" src=\"https:\/\/jorgezanoni.com.br\/2019\/wp-content\/uploads\/2019\/12\/Video-Av.-Pres.-Roosevelt.mp4?_=1\" \/><a href=\"https:\/\/jorgezanoni.com.br\/2019\/wp-content\/uploads\/2019\/12\/Video-Av.-Pres.-Roosevelt.mp4\">https:\/\/jorgezanoni.com.br\/2019\/wp-content\/uploads\/2019\/12\/Video-Av.-Pres.-Roosevelt.mp4<\/a><\/video><\/div>\n<p>Avenida Presidente Roosevelt &#8211; Dracena<\/p>\n<div style=\"width: 640px;\" class=\"wp-video\"><video class=\"wp-video-shortcode\" id=\"video-14375-2\" width=\"640\" height=\"352\" preload=\"metadata\" controls=\"controls\"><source type=\"video\/mp4\" src=\"https:\/\/jorgezanoni.com.br\/2019\/wp-content\/uploads\/2019\/12\/Video-Dracena.mp4?_=2\" \/><a href=\"https:\/\/jorgezanoni.com.br\/2019\/wp-content\/uploads\/2019\/12\/Video-Dracena.mp4\">https:\/\/jorgezanoni.com.br\/2019\/wp-content\/uploads\/2019\/12\/Video-Dracena.mp4<\/a><\/video><\/div>\n<p>Av. Presidente Vargas &#8211; Dracena<\/p>\n<div style=\"width: 640px;\" class=\"wp-video\"><video class=\"wp-video-shortcode\" id=\"video-14375-3\" width=\"640\" height=\"352\" preload=\"metadata\" controls=\"controls\"><source type=\"video\/mp4\" src=\"https:\/\/jorgezanoni.com.br\/2019\/wp-content\/uploads\/2019\/12\/V\u00eddeo-Escola-Valdomiro-Machado.mp4?_=3\" \/><a href=\"https:\/\/jorgezanoni.com.br\/2019\/wp-content\/uploads\/2019\/12\/V\u00eddeo-Escola-Valdomiro-Machado.mp4\">https:\/\/jorgezanoni.com.br\/2019\/wp-content\/uploads\/2019\/12\/V\u00eddeo-Escola-Valdomiro-Machado.mp4<\/a><\/video><\/div>\n<p>Escola Valdomiro Machado &#8211; Dracena<\/p>\n<div style=\"width: 640px;\" class=\"wp-video\"><video class=\"wp-video-shortcode\" id=\"video-14375-4\" width=\"640\" height=\"352\" preload=\"metadata\" controls=\"controls\"><source type=\"video\/mp4\" src=\"https:\/\/jorgezanoni.com.br\/2019\/wp-content\/uploads\/2019\/12\/Video-Pres.-Roosevelt.mp4?_=4\" \/><a href=\"https:\/\/jorgezanoni.com.br\/2019\/wp-content\/uploads\/2019\/12\/Video-Pres.-Roosevelt.mp4\">https:\/\/jorgezanoni.com.br\/2019\/wp-content\/uploads\/2019\/12\/Video-Pres.-Roosevelt.mp4<\/a><\/video><\/div>\n<p>Avenida Presidente Roosevelt &#8211; Dracena<\/p>\n<div style=\"width: 696px;\" class=\"wp-video\"><video class=\"wp-video-shortcode\" id=\"video-14375-5\" width=\"696\" height=\"394\" preload=\"metadata\" controls=\"controls\"><source type=\"video\/mp4\" src=\"https:\/\/jorgezanoni.com.br\/2019\/wp-content\/uploads\/2019\/12\/Washinfton-Luiz.mp4?_=5\" \/><a href=\"https:\/\/jorgezanoni.com.br\/2019\/wp-content\/uploads\/2019\/12\/Washinfton-Luiz.mp4\">https:\/\/jorgezanoni.com.br\/2019\/wp-content\/uploads\/2019\/12\/Washinfton-Luiz.mp4<\/a><\/video><\/div>\n<p>Avenida Washington Luiz &#8211; Dracena<\/p>\n<div style=\"width: 640px;\" class=\"wp-video\"><video class=\"wp-video-shortcode\" id=\"video-14375-6\" width=\"640\" height=\"360\" preload=\"metadata\" controls=\"controls\"><source type=\"video\/mp4\" src=\"https:\/\/jorgezanoni.com.br\/2019\/wp-content\/uploads\/2019\/12\/Creche-Nosso-Teto-Jju.mp4?_=6\" \/><a href=\"https:\/\/jorgezanoni.com.br\/2019\/wp-content\/uploads\/2019\/12\/Creche-Nosso-Teto-Jju.mp4\">https:\/\/jorgezanoni.com.br\/2019\/wp-content\/uploads\/2019\/12\/Creche-Nosso-Teto-Jju.mp4<\/a><\/video><\/div>\n<p>Creche Nosso Teto &#8211; Junqueir\u00f3polis<\/p>\n<div style=\"width: 640px;\" class=\"wp-video\"><video class=\"wp-video-shortcode\" id=\"video-14375-7\" width=\"640\" height=\"352\" preload=\"metadata\" controls=\"controls\"><source type=\"video\/mp4\" src=\"https:\/\/jorgezanoni.com.br\/2019\/wp-content\/uploads\/2019\/12\/Video-atr\u00e1s-da-Creche-JJU.mp4?_=7\" \/><a href=\"https:\/\/jorgezanoni.com.br\/2019\/wp-content\/uploads\/2019\/12\/Video-atr\u00e1s-da-Creche-JJU.mp4\">https:\/\/jorgezanoni.com.br\/2019\/wp-content\/uploads\/2019\/12\/Video-atr\u00e1s-da-Creche-JJU.mp4<\/a><\/video><\/div>\n<p>Atr\u00e1s da Creche Nosso Teto &#8211; Junqueir\u00f3polis<\/p>\n<div style=\"width: 640px;\" class=\"wp-video\"><video class=\"wp-video-shortcode\" id=\"video-14375-8\" width=\"640\" height=\"352\" preload=\"metadata\" controls=\"controls\"><source type=\"video\/mp4\" src=\"https:\/\/jorgezanoni.com.br\/2019\/wp-content\/uploads\/2019\/12\/Video-esquina-Lar-de-Menores-JJu.mp4?_=8\" \/><a href=\"https:\/\/jorgezanoni.com.br\/2019\/wp-content\/uploads\/2019\/12\/Video-esquina-Lar-de-Menores-JJu.mp4\">https:\/\/jorgezanoni.com.br\/2019\/wp-content\/uploads\/2019\/12\/Video-esquina-Lar-de-Menores-JJu.mp4<\/a><\/video><\/div>\n<p>Esquina Lar de Menores &#8211; Junqueir\u00f3polis<\/p>\n<p>&nbsp;<\/p>\n","protected":false},"excerpt":{"rendered":"<p>Avenida Presidente Roosevelt &#8211; Dracena Av. Presidente Vargas &#8211; Dracena Escola Valdomiro Machado &#8211; Dracena Avenida Presidente Roosevelt &#8211; Dracena Avenida Washington Luiz &#8211; Dracena Creche Nosso Teto &#8211; Junqueir\u00f3polis Atr\u00e1s da Creche Nosso Teto &#8211; Junqueir\u00f3polis Esquina Lar de Menores &#8211; Junqueir\u00f3polis &nbsp;<\/p>\n","protected":false},"author":1,"featured_media":14384,"comment_status":"closed","ping_status":"open","sticky":false,"template":"","format":"video","meta":{"footnotes":""},"categories":[169],"tags":[],"class_list":["post-14375","post","type-post","status-publish","format-video","has-post-thumbnail","hentry","category-videos","post_format-post-format-video"],"_links":{"self":[{"href":"https:\/\/jorgezanoni.com.br\/2019\/wp-json\/wp\/v2\/posts\/14375","targetHints":{"allow":["GET"]}}],"collection":[{"href":"https:\/\/jorgezanoni.com.br\/2019\/wp-json\/wp\/v2\/posts"}],"about":[{"href":"https:\/\/jorgezanoni.com.br\/2019\/wp-json\/wp\/v2\/types\/post"}],"author":[{"embeddable":true,"href":"https:\/\/jorgezanoni.com.br\/2019\/wp-json\/wp\/v2\/users\/1"}],"replies":[{"embeddable":true,"href":"https:\/\/jorgezanoni.com.br\/2019\/wp-json\/wp\/v2\/comments?post=14375"}],"version-history":[{"count":0,"href":"https:\/\/jorgezanoni.com.br\/2019\/wp-json\/wp\/v2\/posts\/14375\/revisions"}],"wp:featuredmedia":[{"embeddable":true,"href":"https:\/\/jorgezanoni.com.br\/2019\/wp-json\/wp\/v2\/media\/14384"}],"wp:attachment":[{"href":"https:\/\/jorgezanoni.com.br\/2019\/wp-json\/wp\/v2\/media?parent=14375"}],"wp:term":[{"taxonomy":"category","embeddable":true,"href":"https:\/\/jorgezanoni.com.br\/2019\/wp-json\/wp\/v2\/categories?post=14375"},{"taxonomy":"post_tag","embeddable":true,"href":"https:\/\/jorgezanoni.com.br\/2019\/wp-json\/wp\/v2\/tags?post=14375"}],"curies":[{"name":"wp","href":"https:\/\/api.w.org\/{rel}","templated":true}]}}