{"id":14340,"date":"2019-12-18T19:02:08","date_gmt":"2019-12-18T19:02:08","guid":{"rendered":"https:\/\/jorgezanoni.com.br\/2019\/?p=14340"},"modified":"2019-12-18T19:10:38","modified_gmt":"2019-12-18T19:10:38","slug":"duas-pessoas-morrem-apos-acidente-na-pr-323-em-sertaneja-caminhao-da-bebidas-conti-de-assis-estava-envolvido","status":"publish","type":"post","link":"https:\/\/jorgezanoni.com.br\/2019\/duas-pessoas-morrem-apos-acidente-na-pr-323-em-sertaneja-caminhao-da-bebidas-conti-de-assis-estava-envolvido\/","title":{"rendered":"Duas pessoas morrem ap\u00f3s acidente na PR-323, em Sertaneja. Caminh\u00e3o da Bebidas Conti de Assis estava envolvido"},"content":{"rendered":"<h2 class=\"content-head__subtitle\" style=\"text-align: justify;\"><strong>Acidente ocorreu na manh\u00e3 desta quarta-feira (18). Segundo a Pol\u00edcia Rodovi\u00e1ria Estadual (PRE), quatro caminh\u00f5es bateram no KM 9.<\/strong><\/h2>\n<p><img loading=\"lazy\" decoding=\"async\" class=\"alignnone size-full wp-image-14341\" src=\"https:\/\/jorgezanoni.com.br\/2019\/wp-content\/uploads\/2019\/12\/pr.jpg\" alt=\"\" width=\"1000\" height=\"461\" srcset=\"https:\/\/jorgezanoni.com.br\/2019\/wp-content\/uploads\/2019\/12\/pr.jpg 1000w, https:\/\/jorgezanoni.com.br\/2019\/wp-content\/uploads\/2019\/12\/pr-300x138.jpg 300w, https:\/\/jorgezanoni.com.br\/2019\/wp-content\/uploads\/2019\/12\/pr-768x354.jpg 768w, https:\/\/jorgezanoni.com.br\/2019\/wp-content\/uploads\/2019\/12\/pr-696x321.jpg 696w, https:\/\/jorgezanoni.com.br\/2019\/wp-content\/uploads\/2019\/12\/pr-911x420.jpg 911w\" sizes=\"auto, (max-width: 1000px) 100vw, 1000px\" \/>Quatro caminh\u00f5es bateram na PR-323, em Sertaneja \u2014 Foto: PRE\/Divulga\u00e7\u00e3o<\/p>\n<div class=\"mc-column content-text active-extra-styles \" data-block-type=\"unstyled\" data-block-weight=\"24\" data-block-id=\"2\">\n<p class=\"content-text__container \" style=\"text-align: justify;\" data-track-category=\"Link no Texto\" data-track-links=\"\">Duas pessoas morreram e uma ficou ferida ap\u00f3s um acidente na PR-323, em Sertaneja, no norte do Paran\u00e1, na manh\u00e3 desta quarta-feira (18).<\/p>\n<\/div>\n<div class=\"wall protected-content\" style=\"text-align: justify;\">\n<div class=\"mc-column content-text active-extra-styles \" data-block-type=\"unstyled\" data-block-weight=\"31\" data-block-id=\"3\">\n<p class=\"content-text__container \" data-track-category=\"Link no Texto\" data-track-links=\"\">De acordo com a Pol\u00edcia Rodovi\u00e1ria Estadual (PRE), quatro caminh\u00f5es bateram no KM 9. Inicialmente, a pol\u00edcia havia informado que eram tr\u00eas caminh\u00f5es e um carro envolvidos no acidente.<\/p>\n<\/div>\n<div class=\"mc-column content-text active-extra-styles \" data-block-type=\"unstyled\" data-block-weight=\"28\" data-block-id=\"4\">\n<p class=\"content-text__container \" data-track-category=\"Link no Texto\" data-track-links=\"\">A colis\u00e3o ocorreu por volta das 7h50 e ficou interditada at\u00e9 as 14h. Funcion\u00e1rios da concession\u00e1ria Econorte realizaram a limpeza do trecho e a rodovia foi liberada.<\/p>\n<\/div>\n<div class=\"mc-column content-text active-extra-styles \" data-block-type=\"unstyled\" data-block-weight=\"38\" data-block-id=\"5\">\n<p class=\"content-text__container \" data-track-category=\"Link no Texto\" data-track-links=\"\">Segundo a pol\u00edcia, um caminh\u00e3o carregado com bebidas invadiu a pista contr\u00e1ria e atingiu a lateral de um caminh\u00e3o. Depois disso, esse ve\u00edculo com bebidas bateu de frente com uma carreta que estava carregada com bobinas de pl\u00e1stico.<\/p>\n<\/div>\n<\/div>\n<div class=\"wall protected-content\">\n<div class=\"content-ads content-ads--reveal\" data-block-type=\"ads\" data-block-id=\"6\">\n<div id=\"banner_materia2\" class=\"tag-manager-publicidade-container mc-has-reveal mc-has-ad-lazyload tag-manager-publicidade-banner_materia2 tag-manager-publicidade-container--carregado tag-manager-publicidade-container--visivel\" data-id=\"banner_materia2\" data-google-query-id=\"CILIh-_rv-YCFaIG1AodJnsIqw\" data-cid=\"138297888455\" data-lid=\"5247795535\">\n<div class=\"mc-column mc-side-item__container\" style=\"text-align: justify;\" data-block-type=\"ads\" data-block-id=\"1\">\n<div class=\"mc-side-item mc-side-item--right content-ads content-ads--side-ad\">\n<div id=\"banner_materia1\" class=\"tag-manager-publicidade-container tag-manager-publicidade-banner_materia1 tag-manager-publicidade-container--carregado tag-manager-publicidade-container--visivel\" data-google-query-id=\"CMfP0-nrv-YCFVEGuQYdrPoADg\" data-cid=\"138297888452\" data-lid=\"5247795535\"><\/div>\n<\/div>\n<\/div>\n<div class=\"wall protected-content\">\n<div class=\"content-ads content-ads--reveal\" data-block-type=\"ads\" data-block-id=\"6\">\n<div id=\"banner_materia2\" class=\"tag-manager-publicidade-container mc-has-reveal mc-has-ad-lazyload tag-manager-publicidade-banner_materia2 tag-manager-publicidade-container--carregado tag-manager-publicidade-container--visivel\" data-id=\"banner_materia2\" data-google-query-id=\"CILIh-_rv-YCFaIG1AodJnsIqw\" data-cid=\"138297888455\" data-lid=\"5247795535\">\n<div class=\"mc-column content-text active-extra-styles \" style=\"text-align: justify;\" data-block-type=\"unstyled\" data-block-weight=\"23\" data-block-id=\"7\">\n<p class=\"content-text__container \" data-track-category=\"Link no Texto\" data-track-links=\"\">Para desviar do acidente, o motorista do quarto caminh\u00e3o envolvido jogou o ve\u00edculo para uma \u00e1rea de planta\u00e7\u00e3o \u00e0s margens da rodovia.<\/p>\n<\/div>\n<div class=\"mc-column content-text active-extra-styles \" style=\"text-align: justify;\" data-block-type=\"unstyled\" data-block-weight=\"25\" data-block-id=\"8\">\n<p class=\"content-text__container \" data-track-category=\"Link no Texto\" data-track-links=\"\">Os caminhoneiros do caminh\u00e3o de bebidas e do que estava carregando bobinas morreram no local. Os corpos ser\u00e3o levados ao Instituto M\u00e9dico-Legal (IML) de Londrina.<\/p>\n<\/div>\n<div class=\"mc-column content-text active-extra-styles \" style=\"text-align: justify;\" data-block-type=\"unstyled\" data-block-weight=\"30\" data-block-id=\"9\">\n<p class=\"content-text__container \" data-track-category=\"Link no Texto\" data-track-links=\"\">O motorista do ve\u00edculo que parou na planta\u00e7\u00e3o sofreu ferimentos graves e foi levado pelo Servi\u00e7o de Atendimento M\u00f3vel de Urg\u00eancia (Samu) ao hospital Santa Casa de Corn\u00e9lio Proc\u00f3pio.<\/p>\n<\/div>\n<div class=\"mc-column content-text active-extra-styles \" data-block-type=\"unstyled\" data-block-weight=\"9\" data-block-id=\"10\">\n<p class=\"content-text__container \" style=\"text-align: justify;\" data-track-category=\"Link no Texto\" data-track-links=\"\">O caminhoneiro do quarto ve\u00edculo envolvido n\u00e3o ficou ferido.<\/p>\n<p data-track-category=\"Link no Texto\" data-track-links=\"\"><img loading=\"lazy\" decoding=\"async\" class=\"alignnone size-full wp-image-14342\" src=\"https:\/\/jorgezanoni.com.br\/2019\/wp-content\/uploads\/2019\/12\/feio1.jpg\" alt=\"\" width=\"1000\" height=\"461\" srcset=\"https:\/\/jorgezanoni.com.br\/2019\/wp-content\/uploads\/2019\/12\/feio1.jpg 1000w, https:\/\/jorgezanoni.com.br\/2019\/wp-content\/uploads\/2019\/12\/feio1-300x138.jpg 300w, https:\/\/jorgezanoni.com.br\/2019\/wp-content\/uploads\/2019\/12\/feio1-768x354.jpg 768w, https:\/\/jorgezanoni.com.br\/2019\/wp-content\/uploads\/2019\/12\/feio1-696x321.jpg 696w, https:\/\/jorgezanoni.com.br\/2019\/wp-content\/uploads\/2019\/12\/feio1-911x420.jpg 911w\" sizes=\"auto, (max-width: 1000px) 100vw, 1000px\" \/> <img loading=\"lazy\" decoding=\"async\" class=\"alignnone size-full wp-image-14343\" src=\"https:\/\/jorgezanoni.com.br\/2019\/wp-content\/uploads\/2019\/12\/feio2.jpg\" alt=\"\" width=\"1000\" height=\"461\" srcset=\"https:\/\/jorgezanoni.com.br\/2019\/wp-content\/uploads\/2019\/12\/feio2.jpg 1000w, https:\/\/jorgezanoni.com.br\/2019\/wp-content\/uploads\/2019\/12\/feio2-300x138.jpg 300w, https:\/\/jorgezanoni.com.br\/2019\/wp-content\/uploads\/2019\/12\/feio2-768x354.jpg 768w, https:\/\/jorgezanoni.com.br\/2019\/wp-content\/uploads\/2019\/12\/feio2-696x321.jpg 696w, https:\/\/jorgezanoni.com.br\/2019\/wp-content\/uploads\/2019\/12\/feio2-911x420.jpg 911w\" sizes=\"auto, (max-width: 1000px) 100vw, 1000px\" \/> <img loading=\"lazy\" decoding=\"async\" class=\"alignnone size-full wp-image-14344\" src=\"https:\/\/jorgezanoni.com.br\/2019\/wp-content\/uploads\/2019\/12\/feio3.jpg\" alt=\"\" width=\"1000\" height=\"461\" srcset=\"https:\/\/jorgezanoni.com.br\/2019\/wp-content\/uploads\/2019\/12\/feio3.jpg 1000w, https:\/\/jorgezanoni.com.br\/2019\/wp-content\/uploads\/2019\/12\/feio3-300x138.jpg 300w, https:\/\/jorgezanoni.com.br\/2019\/wp-content\/uploads\/2019\/12\/feio3-768x354.jpg 768w, https:\/\/jorgezanoni.com.br\/2019\/wp-content\/uploads\/2019\/12\/feio3-696x321.jpg 696w, https:\/\/jorgezanoni.com.br\/2019\/wp-content\/uploads\/2019\/12\/feio3-911x420.jpg 911w\" sizes=\"auto, (max-width: 1000px) 100vw, 1000px\" \/>Cargas ficaram espalhadas pela rodovia ap\u00f3s acidente \u2014 Foto: PRE\/Divulga\u00e7\u00e3o<\/p>\n<p data-track-category=\"Link no Texto\" data-track-links=\"\">Fonte: G1<\/p>\n<div class=\"row medium-uncollapsed content-media content-photo\" data-block-type=\"backstage-photo\" data-block-id=\"15\">\n<div class=\"mc-column content-media__container\">\n<div class=\"progressive-img can-open-lightbox\" data-min-size=\"1008x464\" data-min-size-url=\"https:\/\/s2.glbimg.com\/v0G-9mG4h88aG7AEypuQ3jWByyE=\/0x0:1280x590\/1008x0\/smart\/filters:strip_icc()\/i.s3.glbimg.com\/v1\/AUTH_59edd422c0c84a879bd37670ae4f538a\/internal_photos\/bs\/2019\/F\/E\/4KoOPGRMWfWK9O2JFc9Q\/acidente-pr-323-sertaneja-4.jpg\" data-max-size=\"1600x737\" data-max-size-url=\"https:\/\/s2.glbimg.com\/_CXVO2cJLAffhJDEw8W5oj8rf6k=\/0x0:1280x590\/1600x0\/smart\/filters:strip_icc()\/i.s3.glbimg.com\/v1\/AUTH_59edd422c0c84a879bd37670ae4f538a\/internal_photos\/bs\/2019\/F\/E\/4KoOPGRMWfWK9O2JFc9Q\/acidente-pr-323-sertaneja-4.jpg\" data-media-index=\"4\"><\/div>\n<\/div>\n<\/div>\n<\/div>\n<\/div>\n<\/div>\n<\/div>\n<\/div>\n<\/div>\n<\/div>\n","protected":false},"excerpt":{"rendered":"<p>Acidente ocorreu na manh\u00e3 desta quarta-feira (18). Segundo a Pol\u00edcia Rodovi\u00e1ria Estadual (PRE), quatro caminh\u00f5es bateram no KM 9. Quatro caminh\u00f5es bateram na PR-323, em Sertaneja \u2014 Foto: PRE\/Divulga\u00e7\u00e3o Duas pessoas morreram e uma ficou ferida ap\u00f3s um acidente na PR-323, em Sertaneja, no norte do Paran\u00e1, na manh\u00e3 desta quarta-feira (18). De acordo com [&hellip;]<\/p>\n","protected":false},"author":1,"featured_media":14347,"comment_status":"closed","ping_status":"open","sticky":false,"template":"","format":"standard","meta":{"footnotes":""},"categories":[170,110],"tags":[],"class_list":["post-14340","post","type-post","status-publish","format-standard","has-post-thumbnail","hentry","category-acidentes","category-noticiasdestaque"],"_links":{"self":[{"href":"https:\/\/jorgezanoni.com.br\/2019\/wp-json\/wp\/v2\/posts\/14340","targetHints":{"allow":["GET"]}}],"collection":[{"href":"https:\/\/jorgezanoni.com.br\/2019\/wp-json\/wp\/v2\/posts"}],"about":[{"href":"https:\/\/jorgezanoni.com.br\/2019\/wp-json\/wp\/v2\/types\/post"}],"author":[{"embeddable":true,"href":"https:\/\/jorgezanoni.com.br\/2019\/wp-json\/wp\/v2\/users\/1"}],"replies":[{"embeddable":true,"href":"https:\/\/jorgezanoni.com.br\/2019\/wp-json\/wp\/v2\/comments?post=14340"}],"version-history":[{"count":0,"href":"https:\/\/jorgezanoni.com.br\/2019\/wp-json\/wp\/v2\/posts\/14340\/revisions"}],"wp:featuredmedia":[{"embeddable":true,"href":"https:\/\/jorgezanoni.com.br\/2019\/wp-json\/wp\/v2\/media\/14347"}],"wp:attachment":[{"href":"https:\/\/jorgezanoni.com.br\/2019\/wp-json\/wp\/v2\/media?parent=14340"}],"wp:term":[{"taxonomy":"category","embeddable":true,"href":"https:\/\/jorgezanoni.com.br\/2019\/wp-json\/wp\/v2\/categories?post=14340"},{"taxonomy":"post_tag","embeddable":true,"href":"https:\/\/jorgezanoni.com.br\/2019\/wp-json\/wp\/v2\/tags?post=14340"}],"curies":[{"name":"wp","href":"https:\/\/api.w.org\/{rel}","templated":true}]}}