{"id":14278,"date":"2019-12-18T12:59:53","date_gmt":"2019-12-18T12:59:53","guid":{"rendered":"https:\/\/jorgezanoni.com.br\/2019\/?p=14278"},"modified":"2019-12-18T12:59:53","modified_gmt":"2019-12-18T12:59:53","slug":"medicina-da-unifadra-participa-de-congresso-de-qualidade-e-seguranca-do-paciente","status":"publish","type":"post","link":"https:\/\/jorgezanoni.com.br\/2019\/medicina-da-unifadra-participa-de-congresso-de-qualidade-e-seguranca-do-paciente\/","title":{"rendered":"Medicina da Unifadra participa de Congresso de Qualidade e Seguran\u00e7a do Paciente"},"content":{"rendered":"<p style=\"font-weight: 400; text-align: justify;\">Os docentes da Unifadra Me. \u00c9rico Torrieri e Dra. Priscilla Tartari participaram como ouvintes e acompanharam a aluna Beatriz Zimermano Coimbra, do 6\u00ba termo do curso de Medicina da Faculdade Unifadra\/Fundec de Dracena, no I Congresso de Qualidade e Seguran\u00e7a do Paciente, nos dias 2 e 3 de novembro, em S\u00e3o Paulo. O evento foi organizado pelo Centro de Simula\u00e7\u00e3o e Pesquisa do Hospital S\u00e3o Camilo.<\/p>\n<p style=\"font-weight: 400; text-align: justify;\">A estudante da Unifadra apresentou o trabalho Urtic\u00e1ria Pigmentosa: a import\u00e2ncia do cuidado pela equipe para proporcionar seguran\u00e7a ao paciente, orientada pela Profa. Dra. Marilda Morgado de Abreu.<\/p>\n<p style=\"font-weight: 400; text-align: justify;\">A professora Priscilla Tartari, coordenadora do Departamento de Pesquisa da Unifadra, destacou que o evento trouxe uma atualiza\u00e7\u00e3o sobre protocolos de aten\u00e7\u00e3o demonstrando a indissociabilidade entre tecnologia na sa\u00fade, gest\u00e3o de qualidade e seguran\u00e7a do paciente.<\/p>\n<p style=\"font-weight: 400; text-align: justify;\">Segundo o professor \u00c9rico Torrieri (graduado em Inform\u00e1tica Biom\u00e9dica\/USP e mestre em Gen\u00e9tica), diante do novo cen\u00e1rio em que a sa\u00fade se encontra, o uso de novos paradigmas tecnol\u00f3gicos bem como os investimentos em t\u00e9cnicas de gest\u00e3o mais apuradas trazem uma nova possibilidade para a qualidade e seguran\u00e7a dos pacientes.<\/p>\n<p><img loading=\"lazy\" decoding=\"async\" class=\"alignnone size-full wp-image-14279\" src=\"https:\/\/jorgezanoni.com.br\/2019\/wp-content\/uploads\/2019\/12\/med.jpg\" alt=\"\" width=\"1280\" height=\"960\" srcset=\"https:\/\/jorgezanoni.com.br\/2019\/wp-content\/uploads\/2019\/12\/med.jpg 1280w, https:\/\/jorgezanoni.com.br\/2019\/wp-content\/uploads\/2019\/12\/med-300x225.jpg 300w, https:\/\/jorgezanoni.com.br\/2019\/wp-content\/uploads\/2019\/12\/med-768x576.jpg 768w, https:\/\/jorgezanoni.com.br\/2019\/wp-content\/uploads\/2019\/12\/med-1024x768.jpg 1024w, https:\/\/jorgezanoni.com.br\/2019\/wp-content\/uploads\/2019\/12\/med-80x60.jpg 80w, https:\/\/jorgezanoni.com.br\/2019\/wp-content\/uploads\/2019\/12\/med-265x198.jpg 265w, https:\/\/jorgezanoni.com.br\/2019\/wp-content\/uploads\/2019\/12\/med-696x522.jpg 696w, https:\/\/jorgezanoni.com.br\/2019\/wp-content\/uploads\/2019\/12\/med-1068x801.jpg 1068w, https:\/\/jorgezanoni.com.br\/2019\/wp-content\/uploads\/2019\/12\/med-560x420.jpg 560w\" sizes=\"auto, (max-width: 1280px) 100vw, 1280px\" \/><\/p>\n<p style=\"font-weight: 400; text-align: justify;\">Carolina Colnago<\/p>\n<p style=\"font-weight: 400; text-align: justify;\">Assessora de Comunica\u00e7\u00e3o da Fundec &#8211; Jornalista<\/p>\n<p style=\"font-weight: 400; text-align: justify;\">Fotos: A aluna Beatriz Zimermano Coimbra, do curso de Medicina da Unifadra, no I Congresso de Qualidade e Seguran\u00e7a do Paciente e Professores da Unifadra Dra. Priscilla Tartari, Me. \u00c9rico Torrieri e a aluna Beatriz Zimermano.<\/p>\n","protected":false},"excerpt":{"rendered":"<p>Os docentes da Unifadra Me. \u00c9rico Torrieri e Dra. Priscilla Tartari participaram como ouvintes e acompanharam a aluna Beatriz Zimermano Coimbra, do 6\u00ba termo do curso de Medicina da Faculdade Unifadra\/Fundec de Dracena, no I Congresso de Qualidade e Seguran\u00e7a do Paciente, nos dias 2 e 3 de novembro, em S\u00e3o Paulo. O evento foi [&hellip;]<\/p>\n","protected":false},"author":1,"featured_media":14281,"comment_status":"closed","ping_status":"open","sticky":false,"template":"","format":"standard","meta":{"footnotes":""},"categories":[122],"tags":[],"class_list":["post-14278","post","type-post","status-publish","format-standard","has-post-thumbnail","hentry","category-saudeeducacaoeconcurso"],"_links":{"self":[{"href":"https:\/\/jorgezanoni.com.br\/2019\/wp-json\/wp\/v2\/posts\/14278","targetHints":{"allow":["GET"]}}],"collection":[{"href":"https:\/\/jorgezanoni.com.br\/2019\/wp-json\/wp\/v2\/posts"}],"about":[{"href":"https:\/\/jorgezanoni.com.br\/2019\/wp-json\/wp\/v2\/types\/post"}],"author":[{"embeddable":true,"href":"https:\/\/jorgezanoni.com.br\/2019\/wp-json\/wp\/v2\/users\/1"}],"replies":[{"embeddable":true,"href":"https:\/\/jorgezanoni.com.br\/2019\/wp-json\/wp\/v2\/comments?post=14278"}],"version-history":[{"count":0,"href":"https:\/\/jorgezanoni.com.br\/2019\/wp-json\/wp\/v2\/posts\/14278\/revisions"}],"wp:featuredmedia":[{"embeddable":true,"href":"https:\/\/jorgezanoni.com.br\/2019\/wp-json\/wp\/v2\/media\/14281"}],"wp:attachment":[{"href":"https:\/\/jorgezanoni.com.br\/2019\/wp-json\/wp\/v2\/media?parent=14278"}],"wp:term":[{"taxonomy":"category","embeddable":true,"href":"https:\/\/jorgezanoni.com.br\/2019\/wp-json\/wp\/v2\/categories?post=14278"},{"taxonomy":"post_tag","embeddable":true,"href":"https:\/\/jorgezanoni.com.br\/2019\/wp-json\/wp\/v2\/tags?post=14278"}],"curies":[{"name":"wp","href":"https:\/\/api.w.org\/{rel}","templated":true}]}}