{"id":14267,"date":"2019-12-18T12:29:57","date_gmt":"2019-12-18T12:29:57","guid":{"rendered":"https:\/\/jorgezanoni.com.br\/2019\/?p=14267"},"modified":"2019-12-18T12:29:57","modified_gmt":"2019-12-18T12:29:57","slug":"motorista-sofre-grave-capotamento-e-foge-do-local-do-acidente","status":"publish","type":"post","link":"https:\/\/jorgezanoni.com.br\/2019\/motorista-sofre-grave-capotamento-e-foge-do-local-do-acidente\/","title":{"rendered":"Motorista sofre grave capotamento e foge do local do acidente"},"content":{"rendered":"<p style=\"text-align: justify;\">Um grave acidente foi registrado no fim da tarde des<\/p>\n<p style=\"text-align: justify;\">ta ter\u00e7a-feira (18), na vicinal que liga Osvaldo Cruz a Sagres.<\/p>\n<p style=\"text-align: justify;\">Segundo informa\u00e7\u00f5es da Pol\u00edcia Militar, o chamado dava conta de que um ve\u00edculo preto havia colidido em uma \u00e1rvore.<\/p>\n<p style=\"text-align: justify;\">Os Bombeiros seguiram para o local do acidente com informa\u00e7\u00f5es de que havia uma v\u00edtima presa em ferragens, por\u00e9m, ao chegar fizeram varredura no ve\u00edculo e redondezas sem encontrar a suposta pessoa envolvida. (continua depois da publicidade)<\/p>\n<p><img loading=\"lazy\" decoding=\"async\" class=\"alignnone size-full wp-image-14268\" src=\"https:\/\/jorgezanoni.com.br\/2019\/wp-content\/uploads\/2019\/12\/Mutu\u00e1ria-Dracenense.png\" alt=\"\" width=\"300\" height=\"100\" \/><\/p>\n<p style=\"text-align: justify;\">Momento ap\u00f3s, chegou no local do acidente um caminh\u00e3o guincho particular informado que foi contratado pelo propriet\u00e1rio do ve\u00edculo Siena placas de Mar\u00edlia e que o propriet\u00e1rio residia em Sagres.<\/p>\n<p style=\"text-align: justify;\">Foi acionado o Policiamento Rodovi\u00e1rio Base Operacional de Adamantina que contou com apoio do DER no atendimento desta ocorr\u00eancia.<\/p>\n<p style=\"text-align: justify;\"><em>Fonte: Cristiano Nascimento\/FM Metr\u00f3pole<\/em><\/p>\n<p style=\"text-align: justify;\">\n","protected":false},"excerpt":{"rendered":"<p>Um grave acidente foi registrado no fim da tarde des ta ter\u00e7a-feira (18), na vicinal que liga Osvaldo Cruz a Sagres. Segundo informa\u00e7\u00f5es da Pol\u00edcia Militar, o chamado dava conta de que um ve\u00edculo preto havia colidido em uma \u00e1rvore. Os Bombeiros seguiram para o local do acidente com informa\u00e7\u00f5es de que havia uma v\u00edtima [&hellip;]<\/p>\n","protected":false},"author":1,"featured_media":14269,"comment_status":"closed","ping_status":"open","sticky":false,"template":"","format":"standard","meta":{"footnotes":""},"categories":[170,110],"tags":[],"class_list":["post-14267","post","type-post","status-publish","format-standard","has-post-thumbnail","hentry","category-acidentes","category-noticiasdestaque"],"_links":{"self":[{"href":"https:\/\/jorgezanoni.com.br\/2019\/wp-json\/wp\/v2\/posts\/14267","targetHints":{"allow":["GET"]}}],"collection":[{"href":"https:\/\/jorgezanoni.com.br\/2019\/wp-json\/wp\/v2\/posts"}],"about":[{"href":"https:\/\/jorgezanoni.com.br\/2019\/wp-json\/wp\/v2\/types\/post"}],"author":[{"embeddable":true,"href":"https:\/\/jorgezanoni.com.br\/2019\/wp-json\/wp\/v2\/users\/1"}],"replies":[{"embeddable":true,"href":"https:\/\/jorgezanoni.com.br\/2019\/wp-json\/wp\/v2\/comments?post=14267"}],"version-history":[{"count":0,"href":"https:\/\/jorgezanoni.com.br\/2019\/wp-json\/wp\/v2\/posts\/14267\/revisions"}],"wp:featuredmedia":[{"embeddable":true,"href":"https:\/\/jorgezanoni.com.br\/2019\/wp-json\/wp\/v2\/media\/14269"}],"wp:attachment":[{"href":"https:\/\/jorgezanoni.com.br\/2019\/wp-json\/wp\/v2\/media?parent=14267"}],"wp:term":[{"taxonomy":"category","embeddable":true,"href":"https:\/\/jorgezanoni.com.br\/2019\/wp-json\/wp\/v2\/categories?post=14267"},{"taxonomy":"post_tag","embeddable":true,"href":"https:\/\/jorgezanoni.com.br\/2019\/wp-json\/wp\/v2\/tags?post=14267"}],"curies":[{"name":"wp","href":"https:\/\/api.w.org\/{rel}","templated":true}]}}