{"id":14245,"date":"2019-12-18T11:22:56","date_gmt":"2019-12-18T11:22:56","guid":{"rendered":"https:\/\/jorgezanoni.com.br\/2019\/?p=14245"},"modified":"2019-12-18T11:22:56","modified_gmt":"2019-12-18T11:22:56","slug":"creche-do-bairro-emilio-zanata-inunda-toda-vez-que-chove-forte","status":"publish","type":"post","link":"https:\/\/jorgezanoni.com.br\/2019\/creche-do-bairro-emilio-zanata-inunda-toda-vez-que-chove-forte\/","title":{"rendered":"Creche do Bairro Emilio Zanata inunda toda vez que chove forte"},"content":{"rendered":"<p style=\"text-align: justify;\">Segundo a m\u00e3e de um aluno que mandou imagens e v\u00eddeo, \u00e9 comum as crian\u00e7as terem que ser retiradas do local, inclusive as que est\u00e3o dormindo, diz ela que o caso \u00e9 recorrente, veja o coment\u00e1rio:<\/p>\n<p style=\"text-align: justify;\">&#8220;Pessoal olhem a situa\u00e7\u00e3o da creche do Zanata! (Mais uma vez)<br \/>\nJ\u00e1 n\u00e3o \u00e9 primeira vez que isso acontece, alagamento nas salas de aula, hoje mais uma vez as crian\u00e7as foram surpreendidas quando dormiam..<br \/>\nProfessoras correndo com crian\u00e7as de um lado para outro sem ter oq fazer ou onde se acolher!<br \/>\nRespons\u00e1veis vem aqui, tiram foto da \u00e1rea q v\u00e3o construir e vira as costas.<br \/>\nDescaso total com as crian\u00e7as! Descaso com a professora, Descaso com os pais e Descaso com a dire\u00e7\u00e3o da EMEI&#8221;.<\/p>\n<div style=\"width: 640px;\" class=\"wp-video\"><video class=\"wp-video-shortcode\" id=\"video-14245-1\" width=\"640\" height=\"352\" preload=\"metadata\" controls=\"controls\"><source type=\"video\/mp4\" src=\"https:\/\/jorgezanoni.com.br\/2019\/wp-content\/uploads\/2019\/12\/WhatsApp-Video-2019-12-17-at-20.46.53.mp4?_=1\" \/><a href=\"https:\/\/jorgezanoni.com.br\/2019\/wp-content\/uploads\/2019\/12\/WhatsApp-Video-2019-12-17-at-20.46.53.mp4\">https:\/\/jorgezanoni.com.br\/2019\/wp-content\/uploads\/2019\/12\/WhatsApp-Video-2019-12-17-at-20.46.53.mp4<\/a><\/video><\/div>\n<p>Jorge Zanoni<\/p>\n<p>V\u00eddeo e Foto de Internauta<\/p>\n","protected":false},"excerpt":{"rendered":"<p>Segundo a m\u00e3e de um aluno que mandou imagens e v\u00eddeo, \u00e9 comum as crian\u00e7as terem que ser retiradas do local, inclusive as que est\u00e3o dormindo, diz ela que o caso \u00e9 recorrente, veja o coment\u00e1rio: &#8220;Pessoal olhem a situa\u00e7\u00e3o da creche do Zanata! (Mais uma vez) J\u00e1 n\u00e3o \u00e9 primeira vez que isso acontece, [&hellip;]<\/p>\n","protected":false},"author":1,"featured_media":14247,"comment_status":"closed","ping_status":"open","sticky":false,"template":"","format":"video","meta":{"footnotes":""},"categories":[110,169],"tags":[],"class_list":["post-14245","post","type-post","status-publish","format-video","has-post-thumbnail","hentry","category-noticiasdestaque","category-videos","post_format-post-format-video"],"_links":{"self":[{"href":"https:\/\/jorgezanoni.com.br\/2019\/wp-json\/wp\/v2\/posts\/14245","targetHints":{"allow":["GET"]}}],"collection":[{"href":"https:\/\/jorgezanoni.com.br\/2019\/wp-json\/wp\/v2\/posts"}],"about":[{"href":"https:\/\/jorgezanoni.com.br\/2019\/wp-json\/wp\/v2\/types\/post"}],"author":[{"embeddable":true,"href":"https:\/\/jorgezanoni.com.br\/2019\/wp-json\/wp\/v2\/users\/1"}],"replies":[{"embeddable":true,"href":"https:\/\/jorgezanoni.com.br\/2019\/wp-json\/wp\/v2\/comments?post=14245"}],"version-history":[{"count":0,"href":"https:\/\/jorgezanoni.com.br\/2019\/wp-json\/wp\/v2\/posts\/14245\/revisions"}],"wp:featuredmedia":[{"embeddable":true,"href":"https:\/\/jorgezanoni.com.br\/2019\/wp-json\/wp\/v2\/media\/14247"}],"wp:attachment":[{"href":"https:\/\/jorgezanoni.com.br\/2019\/wp-json\/wp\/v2\/media?parent=14245"}],"wp:term":[{"taxonomy":"category","embeddable":true,"href":"https:\/\/jorgezanoni.com.br\/2019\/wp-json\/wp\/v2\/categories?post=14245"},{"taxonomy":"post_tag","embeddable":true,"href":"https:\/\/jorgezanoni.com.br\/2019\/wp-json\/wp\/v2\/tags?post=14245"}],"curies":[{"name":"wp","href":"https:\/\/api.w.org\/{rel}","templated":true}]}}