{"id":14233,"date":"2019-12-18T01:55:30","date_gmt":"2019-12-18T01:55:30","guid":{"rendered":"https:\/\/jorgezanoni.com.br\/2019\/?p=14233"},"modified":"2019-12-18T01:55:30","modified_gmt":"2019-12-18T01:55:30","slug":"caminhao-carregando-veiculos-sucateados-perde-o-freio-e-causa-acidente-com-idoso-ferido","status":"publish","type":"post","link":"https:\/\/jorgezanoni.com.br\/2019\/caminhao-carregando-veiculos-sucateados-perde-o-freio-e-causa-acidente-com-idoso-ferido\/","title":{"rendered":"Caminh\u00e3o carregando ve\u00edculos sucateados perde o freio e causa acidente com idoso ferido"},"content":{"rendered":"<p style=\"text-align: justify;\">Nesta ter\u00e7a-feira (17), por volta das 15h20, foi registrado um acidente de tr\u00e2nsito na Rua Nicola Zwing, no Centro de Panorama<\/p>\n<p style=\"text-align: justify;\">Conforme a Pol\u00edcia Civil, o motorista de 40 anos, que dirigia um caminh\u00e3o que carregava dois ve\u00edculos sucateados, transitava pela Avenida Rodion Podolsky, no sentido Centro\u2013bairro, quando, segundo relato do pr\u00f3prio condutor, o ve\u00edculo perdeu o freio.<\/p>\n<p style=\"text-align: justify;\">Por ser um trecho de descida, ele virou \u00e0 direita, adentrando na contram\u00e3o na Rua Nicola Zwing, em frente ao Terminal Rodovi\u00e1rio.<\/p>\n<p style=\"text-align: justify;\">Em decorr\u00eancia da virada \u201cbrusca\u201d, os ve\u00edculos sucateados que estavam sendo transportados em uma carroceria de madeira vieram a se soltar e a atingir outros dois carros que estavam estacionados regularmente na via.<\/p>\n<p style=\"text-align: justify;\">Ainda conforme a Pol\u00edcia Civil, o condutor do caminh\u00e3o n\u00e3o teve ferimentos e nenhuma pessoa ocupava os ve\u00edculos atingidos.<\/p>\n<p style=\"text-align: justify;\">De acordo com a pol\u00edcia, um homem de 80 anos estava passando pelo local e se atirou para n\u00e3o ser atingido. Ele, conforme a pol\u00edcia teve ferimentos leves e foi encaminhado ao Pronto-socorro de Panorama para receber atendimento m\u00e9dico.<\/p>\n<p style=\"text-align: justify;\">As pol\u00edcias Civil e Militar interditaram a rua para os trabalhos de per\u00edcia e o registro da ocorr\u00eancia do acidente.<\/p>\n<p><img loading=\"lazy\" decoding=\"async\" class=\"alignnone size-full wp-image-14234\" src=\"https:\/\/jorgezanoni.com.br\/2019\/wp-content\/uploads\/2019\/12\/pano.jpeg\" alt=\"\" width=\"870\" height=\"522\" srcset=\"https:\/\/jorgezanoni.com.br\/2019\/wp-content\/uploads\/2019\/12\/pano.jpeg 870w, https:\/\/jorgezanoni.com.br\/2019\/wp-content\/uploads\/2019\/12\/pano-300x180.jpeg 300w, https:\/\/jorgezanoni.com.br\/2019\/wp-content\/uploads\/2019\/12\/pano-768x461.jpeg 768w, https:\/\/jorgezanoni.com.br\/2019\/wp-content\/uploads\/2019\/12\/pano-696x418.jpeg 696w, https:\/\/jorgezanoni.com.br\/2019\/wp-content\/uploads\/2019\/12\/pano-700x420.jpeg 700w\" sizes=\"auto, (max-width: 870px) 100vw, 870px\" \/> <img loading=\"lazy\" decoding=\"async\" class=\"alignnone size-full wp-image-14235\" src=\"https:\/\/jorgezanoni.com.br\/2019\/wp-content\/uploads\/2019\/12\/pano1.jpeg\" alt=\"\" width=\"870\" height=\"522\" srcset=\"https:\/\/jorgezanoni.com.br\/2019\/wp-content\/uploads\/2019\/12\/pano1.jpeg 870w, https:\/\/jorgezanoni.com.br\/2019\/wp-content\/uploads\/2019\/12\/pano1-300x180.jpeg 300w, https:\/\/jorgezanoni.com.br\/2019\/wp-content\/uploads\/2019\/12\/pano1-768x461.jpeg 768w, https:\/\/jorgezanoni.com.br\/2019\/wp-content\/uploads\/2019\/12\/pano1-696x418.jpeg 696w, https:\/\/jorgezanoni.com.br\/2019\/wp-content\/uploads\/2019\/12\/pano1-700x420.jpeg 700w\" sizes=\"auto, (max-width: 870px) 100vw, 870px\" \/> <img loading=\"lazy\" decoding=\"async\" class=\"alignnone size-full wp-image-14236\" src=\"https:\/\/jorgezanoni.com.br\/2019\/wp-content\/uploads\/2019\/12\/pano2.jpeg\" alt=\"\" width=\"870\" height=\"522\" srcset=\"https:\/\/jorgezanoni.com.br\/2019\/wp-content\/uploads\/2019\/12\/pano2.jpeg 870w, https:\/\/jorgezanoni.com.br\/2019\/wp-content\/uploads\/2019\/12\/pano2-300x180.jpeg 300w, https:\/\/jorgezanoni.com.br\/2019\/wp-content\/uploads\/2019\/12\/pano2-768x461.jpeg 768w, https:\/\/jorgezanoni.com.br\/2019\/wp-content\/uploads\/2019\/12\/pano2-696x418.jpeg 696w, https:\/\/jorgezanoni.com.br\/2019\/wp-content\/uploads\/2019\/12\/pano2-700x420.jpeg 700w\" sizes=\"auto, (max-width: 870px) 100vw, 870px\" \/> <img loading=\"lazy\" decoding=\"async\" class=\"alignnone size-full wp-image-14239\" src=\"https:\/\/jorgezanoni.com.br\/2019\/wp-content\/uploads\/2019\/12\/pano5.jpeg\" alt=\"\" width=\"870\" height=\"522\" srcset=\"https:\/\/jorgezanoni.com.br\/2019\/wp-content\/uploads\/2019\/12\/pano5.jpeg 870w, https:\/\/jorgezanoni.com.br\/2019\/wp-content\/uploads\/2019\/12\/pano5-300x180.jpeg 300w, https:\/\/jorgezanoni.com.br\/2019\/wp-content\/uploads\/2019\/12\/pano5-768x461.jpeg 768w, https:\/\/jorgezanoni.com.br\/2019\/wp-content\/uploads\/2019\/12\/pano5-696x418.jpeg 696w, https:\/\/jorgezanoni.com.br\/2019\/wp-content\/uploads\/2019\/12\/pano5-700x420.jpeg 700w\" sizes=\"auto, (max-width: 870px) 100vw, 870px\" \/><\/p>\n<p style=\"text-align: justify;\">Fonte: G1<\/p>\n<p style=\"text-align: justify;\">VEJA V\u00cdDEO DE INTERNAUTA<\/p>\n<div style=\"width: 640px;\" class=\"wp-video\"><video class=\"wp-video-shortcode\" id=\"video-14233-1\" width=\"640\" height=\"352\" preload=\"metadata\" controls=\"controls\"><source type=\"video\/mp4\" src=\"https:\/\/jorgezanoni.com.br\/2019\/wp-content\/uploads\/2019\/12\/WhatsApp-Video-2019-12-17-at-17.33.17.mp4?_=1\" \/><a href=\"https:\/\/jorgezanoni.com.br\/2019\/wp-content\/uploads\/2019\/12\/WhatsApp-Video-2019-12-17-at-17.33.17.mp4\">https:\/\/jorgezanoni.com.br\/2019\/wp-content\/uploads\/2019\/12\/WhatsApp-Video-2019-12-17-at-17.33.17.mp4<\/a><\/video><\/div>\n","protected":false},"excerpt":{"rendered":"<p>Nesta ter\u00e7a-feira (17), por volta das 15h20, foi registrado um acidente de tr\u00e2nsito na Rua Nicola Zwing, no Centro de Panorama Conforme a Pol\u00edcia Civil, o motorista de 40 anos, que dirigia um caminh\u00e3o que carregava dois ve\u00edculos sucateados, transitava pela Avenida Rodion Podolsky, no sentido Centro\u2013bairro, quando, segundo relato do pr\u00f3prio condutor, o ve\u00edculo [&hellip;]<\/p>\n","protected":false},"author":1,"featured_media":14237,"comment_status":"closed","ping_status":"open","sticky":false,"template":"","format":"video","meta":{"footnotes":""},"categories":[110,169],"tags":[],"class_list":["post-14233","post","type-post","status-publish","format-video","has-post-thumbnail","hentry","category-noticiasdestaque","category-videos","post_format-post-format-video"],"_links":{"self":[{"href":"https:\/\/jorgezanoni.com.br\/2019\/wp-json\/wp\/v2\/posts\/14233","targetHints":{"allow":["GET"]}}],"collection":[{"href":"https:\/\/jorgezanoni.com.br\/2019\/wp-json\/wp\/v2\/posts"}],"about":[{"href":"https:\/\/jorgezanoni.com.br\/2019\/wp-json\/wp\/v2\/types\/post"}],"author":[{"embeddable":true,"href":"https:\/\/jorgezanoni.com.br\/2019\/wp-json\/wp\/v2\/users\/1"}],"replies":[{"embeddable":true,"href":"https:\/\/jorgezanoni.com.br\/2019\/wp-json\/wp\/v2\/comments?post=14233"}],"version-history":[{"count":0,"href":"https:\/\/jorgezanoni.com.br\/2019\/wp-json\/wp\/v2\/posts\/14233\/revisions"}],"wp:featuredmedia":[{"embeddable":true,"href":"https:\/\/jorgezanoni.com.br\/2019\/wp-json\/wp\/v2\/media\/14237"}],"wp:attachment":[{"href":"https:\/\/jorgezanoni.com.br\/2019\/wp-json\/wp\/v2\/media?parent=14233"}],"wp:term":[{"taxonomy":"category","embeddable":true,"href":"https:\/\/jorgezanoni.com.br\/2019\/wp-json\/wp\/v2\/categories?post=14233"},{"taxonomy":"post_tag","embeddable":true,"href":"https:\/\/jorgezanoni.com.br\/2019\/wp-json\/wp\/v2\/tags?post=14233"}],"curies":[{"name":"wp","href":"https:\/\/api.w.org\/{rel}","templated":true}]}}