{"id":14230,"date":"2019-12-18T01:34:39","date_gmt":"2019-12-18T01:34:39","guid":{"rendered":"https:\/\/jorgezanoni.com.br\/2019\/?p=14230"},"modified":"2019-12-18T01:34:39","modified_gmt":"2019-12-18T01:34:39","slug":"veiculo-funerario-transportando-cadaver-capota-em-rodovia","status":"publish","type":"post","link":"https:\/\/jorgezanoni.com.br\/2019\/veiculo-funerario-transportando-cadaver-capota-em-rodovia\/","title":{"rendered":"Ve\u00edculo funer\u00e1rio transportando cad\u00e1ver capota em rodovia"},"content":{"rendered":"<p style=\"text-align: justify;\">Um ve\u00edculo de funer\u00e1ria que transportava um cad\u00e1ver capotou por volta das 15h05 da tarde desta ter\u00e7a-feira (17) na Rodovia Euclides de Oliveira Figueiredo, conhecida como a Rodovia da Integra\u00e7\u00e3o.<\/p>\n<p style=\"text-align: justify;\">O homem de 44 anos que dirigia o ve\u00edculo teve ferimentos leves e foi encaminhado pelo Corpo de Bombeiros at\u00e9 o Pronto Socorro da Santa Casa de Presidente Venceslau. O passageiro tamb\u00e9m teve ferimentos leves.<\/p>\n<p style=\"text-align: justify;\">O carro havia sa\u00eddo do Instituto M\u00e9dico Legal \u2013 IML de Presidente Venceslau onde foi embarcado um cad\u00e1ver com destino ao IML de Teodoro Sampaio.<\/p>\n<p style=\"text-align: justify;\">O ve\u00edculo seguia pela Integra\u00e7\u00e3o sentido Presidente Venceslau\/Marab\u00e1 Paulista e ao atingir o quil\u00f4metro 63 da rodovia, perdeu o controle de dire\u00e7\u00e3o, colidiu contra uma \u00e1rvore, capotou e caiu em uma ribanceira na lateral da pista.<\/p>\n<p>O caix\u00e3o permaneceu dentro do ve\u00edculo, n\u00e3o havendo exposi\u00e7\u00e3o do cad\u00e1ver.<\/p>\n<p style=\"text-align: justify;\">O motorista chegou a dizer aos policiais que chovia no momento do acidente e o carro teria aquaplanado. Ele teve ferimentos leves e n\u00e3o corre riscos.<\/p>\n<p style=\"text-align: justify;\">A per\u00edcia t\u00e9cnica compareceu no local e ir\u00e1 apurar as causas do acidente.<\/p>\n<p style=\"text-align: justify;\">Outro ve\u00edculo funer\u00e1rio foi acionado para fazer o translado do cad\u00e1ver at\u00e9 a cidade de Teodoro Sampaio.<\/p>\n<p style=\"text-align: justify;\">Fonte: Portal Bueno<\/p>\n<p style=\"text-align: justify;\">ASSISTA AO V\u00cdDEO<\/p>\n<div id=\"fb-root\"><\/div>\n<p><script async=\"1\" defer=\"1\" crossorigin=\"anonymous\" src=\"https:\/\/connect.facebook.net\/en_US\/sdk.js#xfbml=1&amp;version=v5.0\"><\/script><\/p>\n<div class=\"fb-video\" data-href=\"https:\/\/www.facebook.com\/949392571743965\/videos\/550834675513650\/\" data-width=\"696\">\n<blockquote cite=\"https:\/\/www.facebook.com\/949392571743965\/videos\/550834675513650\/\" class=\"fb-xfbml-parse-ignore\"><p><a href=\"https:\/\/www.facebook.com\/949392571743965\/videos\/550834675513650\/\">ASSISTA AGORA &#8211; Ve\u00edculo funer\u00e1rio transportando cad\u00e1ver capota  REPRODU\u00c7\u00c3O: Portal Bueno (https:\/\/www.portalbueno.com.br)<\/a><\/p>\n<p>ASSISTA AGORA &#8211; Ve\u00edculo funer\u00e1rio transportando cad\u00e1ver capotaREPRODU\u00c7\u00c3O: Portal Bueno (https:\/\/www.portalbueno.com.br)<\/p>\n<p>Posted by <a href=\"https:\/\/www.facebook.com\/Folha-Regional-949392571743965\/\">Folha Regional<\/a> on Tuesday, December 17, 2019<\/p><\/blockquote>\n<\/div>\n","protected":false},"excerpt":{"rendered":"<p>Um ve\u00edculo de funer\u00e1ria que transportava um cad\u00e1ver capotou por volta das 15h05 da tarde desta ter\u00e7a-feira (17) na Rodovia Euclides de Oliveira Figueiredo, conhecida como a Rodovia da Integra\u00e7\u00e3o. O homem de 44 anos que dirigia o ve\u00edculo teve ferimentos leves e foi encaminhado pelo Corpo de Bombeiros at\u00e9 o Pronto Socorro da Santa [&hellip;]<\/p>\n","protected":false},"author":1,"featured_media":14231,"comment_status":"closed","ping_status":"open","sticky":false,"template":"","format":"video","meta":{"footnotes":""},"categories":[110,169],"tags":[],"class_list":["post-14230","post","type-post","status-publish","format-video","has-post-thumbnail","hentry","category-noticiasdestaque","category-videos","post_format-post-format-video"],"_links":{"self":[{"href":"https:\/\/jorgezanoni.com.br\/2019\/wp-json\/wp\/v2\/posts\/14230","targetHints":{"allow":["GET"]}}],"collection":[{"href":"https:\/\/jorgezanoni.com.br\/2019\/wp-json\/wp\/v2\/posts"}],"about":[{"href":"https:\/\/jorgezanoni.com.br\/2019\/wp-json\/wp\/v2\/types\/post"}],"author":[{"embeddable":true,"href":"https:\/\/jorgezanoni.com.br\/2019\/wp-json\/wp\/v2\/users\/1"}],"replies":[{"embeddable":true,"href":"https:\/\/jorgezanoni.com.br\/2019\/wp-json\/wp\/v2\/comments?post=14230"}],"version-history":[{"count":0,"href":"https:\/\/jorgezanoni.com.br\/2019\/wp-json\/wp\/v2\/posts\/14230\/revisions"}],"wp:featuredmedia":[{"embeddable":true,"href":"https:\/\/jorgezanoni.com.br\/2019\/wp-json\/wp\/v2\/media\/14231"}],"wp:attachment":[{"href":"https:\/\/jorgezanoni.com.br\/2019\/wp-json\/wp\/v2\/media?parent=14230"}],"wp:term":[{"taxonomy":"category","embeddable":true,"href":"https:\/\/jorgezanoni.com.br\/2019\/wp-json\/wp\/v2\/categories?post=14230"},{"taxonomy":"post_tag","embeddable":true,"href":"https:\/\/jorgezanoni.com.br\/2019\/wp-json\/wp\/v2\/tags?post=14230"}],"curies":[{"name":"wp","href":"https:\/\/api.w.org\/{rel}","templated":true}]}}