{"id":14219,"date":"2019-12-18T00:00:09","date_gmt":"2019-12-18T00:00:09","guid":{"rendered":"https:\/\/jorgezanoni.com.br\/2019\/?p=14219"},"modified":"2019-12-18T01:04:30","modified_gmt":"2019-12-18T01:04:30","slug":"delegado-da-dig-de-dracena-recebe-certificado-de-melhor-relatorio-de-policia-judiciaria","status":"publish","type":"post","link":"https:\/\/jorgezanoni.com.br\/2019\/delegado-da-dig-de-dracena-recebe-certificado-de-melhor-relatorio-de-policia-judiciaria\/","title":{"rendered":"Delegado da DIG de Dracena recebe Certificado de Melhor Relat\u00f3rio de Pol\u00edcia Judici\u00e1ria"},"content":{"rendered":"<p style=\"text-align: justify;\">Nesta ter\u00e7a-feira (17), na sede da Delegacia de Investiga\u00e7\u00f5es Gerais de Dracena, o Delegado de Pol\u00edcia Cl\u00e9ber Augusto Batista, titular daquela unidade policial, recebeu do Delegado Seccional de Pol\u00edcia, Nilton Santos Paschoal, a homenagem e o certificado de melhor pe\u00e7a judici\u00e1ria do DEPARTAMENTO DE POL\u00cdCIA JUDICI\u00c1RIA DE S\u00c3O PAULO INTERIOR &#8211; DEINTER 8 \u2013 PRESIDENTE PRUDENTE, que abrange cinco Delegaciais Seccionais e Pol\u00edcia (Presidente Prudente, Presidente Venceslau, Adamantina, Dracena e Assis), referente ao m\u00eas de agosto 2019, na \u00e1rea da Seccional de Dracena. O certificado \u00e9 conferido pelo Delegado Pol\u00edcia Diretor do Deinter &#8211; 8, Walmir Geralde.<br \/>\nO Delegado Cl\u00e9ber Augusto Batista, foi o respons\u00e1vel pelo relat\u00f3rio final do inqu\u00e9rito policial que apurou, no \u00e2mbito da \u201cOpera\u00e7\u00e3o Dedo Podre\u201d, os crimes relacionados a associa\u00e7\u00e3o criminosa, corrup\u00e7\u00e3o ativa, corrup\u00e7\u00e3o passiva, falsidade ideol\u00f3gica e inser\u00e7\u00e3o de dados falsos em sistema de informa\u00e7\u00f5es, relacionado transfer\u00eancia de pontos e renova\u00e7\u00e3o de CNH de forma il\u00edcita. Que em sua primeira fase, resultou na pris\u00e3o de quatro pessoas e a apreens\u00e3o 131 CNHs obtidas de forma fraudulenta.<br \/>\nA \u201cOpera\u00e7\u00e3o Dedo Podre\u201d ganhou repercuss\u00e3o nacional por envolver a participa\u00e7\u00e3o de agente p\u00fablico no esquema de transfer\u00eancias il\u00edcitas das CNHs, sendo constatado a irregularidade em cidades dos estados, S\u00e3o Paulo, Mato Grosso do Sul, Goi\u00e1s, Paran\u00e1 e Par\u00e1.<br \/>\nUma segunda fase est\u00e1 em andamento e j\u00e1 catalogou cerca de 2000 pessoas, sendo que desta 330 apresentam ind\u00edcios substancias de irregularidades na obten\u00e7\u00e3o das CNHs.<\/p>\n<p style=\"text-align: justify;\"><img loading=\"lazy\" decoding=\"async\" class=\"alignnone size-full wp-image-14220\" src=\"https:\/\/jorgezanoni.com.br\/2019\/wp-content\/uploads\/2019\/12\/delegado-1.jpg\" alt=\"\" width=\"1280\" height=\"720\" srcset=\"https:\/\/jorgezanoni.com.br\/2019\/wp-content\/uploads\/2019\/12\/delegado-1.jpg 1280w, https:\/\/jorgezanoni.com.br\/2019\/wp-content\/uploads\/2019\/12\/delegado-1-300x169.jpg 300w, https:\/\/jorgezanoni.com.br\/2019\/wp-content\/uploads\/2019\/12\/delegado-1-768x432.jpg 768w, https:\/\/jorgezanoni.com.br\/2019\/wp-content\/uploads\/2019\/12\/delegado-1-1024x576.jpg 1024w, https:\/\/jorgezanoni.com.br\/2019\/wp-content\/uploads\/2019\/12\/delegado-1-696x392.jpg 696w, https:\/\/jorgezanoni.com.br\/2019\/wp-content\/uploads\/2019\/12\/delegado-1-1068x601.jpg 1068w, https:\/\/jorgezanoni.com.br\/2019\/wp-content\/uploads\/2019\/12\/delegado-1-747x420.jpg 747w\" sizes=\"auto, (max-width: 1280px) 100vw, 1280px\" \/>Dr. Cl\u00e9ber Augusto Batista &#8211; Delegacia de Pol\u00edcia de Investiga\u00e7\u00f5es Gerais<br \/>\nDr. Nilton Santos Paschoal &#8211; Delegado Seccional de Pol\u00edcia de Dracena.<\/p>\n<p style=\"text-align: justify;\"><img loading=\"lazy\" decoding=\"async\" class=\"alignnone size-full wp-image-14221\" src=\"https:\/\/jorgezanoni.com.br\/2019\/wp-content\/uploads\/2019\/12\/delegado1.jpg\" alt=\"\" width=\"1280\" height=\"720\" srcset=\"https:\/\/jorgezanoni.com.br\/2019\/wp-content\/uploads\/2019\/12\/delegado1.jpg 1280w, https:\/\/jorgezanoni.com.br\/2019\/wp-content\/uploads\/2019\/12\/delegado1-300x169.jpg 300w, https:\/\/jorgezanoni.com.br\/2019\/wp-content\/uploads\/2019\/12\/delegado1-768x432.jpg 768w, https:\/\/jorgezanoni.com.br\/2019\/wp-content\/uploads\/2019\/12\/delegado1-1024x576.jpg 1024w, https:\/\/jorgezanoni.com.br\/2019\/wp-content\/uploads\/2019\/12\/delegado1-696x392.jpg 696w, https:\/\/jorgezanoni.com.br\/2019\/wp-content\/uploads\/2019\/12\/delegado1-1068x601.jpg 1068w, https:\/\/jorgezanoni.com.br\/2019\/wp-content\/uploads\/2019\/12\/delegado1-747x420.jpg 747w\" sizes=\"auto, (max-width: 1280px) 100vw, 1280px\" \/>Dr. Cleber Augusto Batista &#8211; Delegacia de Pol\u00edcia de Investiga\u00e7\u00f5es Gerais<br \/>\nDr. Nilton Santos Paschoal &#8211; Delegado Seccional de Pol\u00edcia de Dracena.<br \/>\nDr. Alexandre Luis Luengo Lopes &#8211; Delegado de Pol\u00edcia Assistente.<br \/>\nDr. Victor Fernando Cangane Biroli &#8211; Delegacia de Pol\u00edcia de Investiga\u00e7\u00f5es Sobre Entorpecentes<\/p>\n<p style=\"text-align: justify;\">Fonte: Com. Social Pol\u00edcia Civil<\/p>\n","protected":false},"excerpt":{"rendered":"<p>Nesta ter\u00e7a-feira (17), na sede da Delegacia de Investiga\u00e7\u00f5es Gerais de Dracena, o Delegado de Pol\u00edcia Cl\u00e9ber Augusto Batista, titular daquela unidade policial, recebeu do Delegado Seccional de Pol\u00edcia, Nilton Santos Paschoal, a homenagem e o certificado de melhor pe\u00e7a judici\u00e1ria do DEPARTAMENTO DE POL\u00cdCIA JUDICI\u00c1RIA DE S\u00c3O PAULO INTERIOR &#8211; DEINTER 8 \u2013 PRESIDENTE [&hellip;]<\/p>\n","protected":false},"author":1,"featured_media":14222,"comment_status":"closed","ping_status":"open","sticky":false,"template":"","format":"standard","meta":{"footnotes":""},"categories":[110,2],"tags":[],"class_list":["post-14219","post","type-post","status-publish","format-standard","has-post-thumbnail","hentry","category-noticiasdestaque","category-policial"],"_links":{"self":[{"href":"https:\/\/jorgezanoni.com.br\/2019\/wp-json\/wp\/v2\/posts\/14219","targetHints":{"allow":["GET"]}}],"collection":[{"href":"https:\/\/jorgezanoni.com.br\/2019\/wp-json\/wp\/v2\/posts"}],"about":[{"href":"https:\/\/jorgezanoni.com.br\/2019\/wp-json\/wp\/v2\/types\/post"}],"author":[{"embeddable":true,"href":"https:\/\/jorgezanoni.com.br\/2019\/wp-json\/wp\/v2\/users\/1"}],"replies":[{"embeddable":true,"href":"https:\/\/jorgezanoni.com.br\/2019\/wp-json\/wp\/v2\/comments?post=14219"}],"version-history":[{"count":0,"href":"https:\/\/jorgezanoni.com.br\/2019\/wp-json\/wp\/v2\/posts\/14219\/revisions"}],"wp:featuredmedia":[{"embeddable":true,"href":"https:\/\/jorgezanoni.com.br\/2019\/wp-json\/wp\/v2\/media\/14222"}],"wp:attachment":[{"href":"https:\/\/jorgezanoni.com.br\/2019\/wp-json\/wp\/v2\/media?parent=14219"}],"wp:term":[{"taxonomy":"category","embeddable":true,"href":"https:\/\/jorgezanoni.com.br\/2019\/wp-json\/wp\/v2\/categories?post=14219"},{"taxonomy":"post_tag","embeddable":true,"href":"https:\/\/jorgezanoni.com.br\/2019\/wp-json\/wp\/v2\/tags?post=14219"}],"curies":[{"name":"wp","href":"https:\/\/api.w.org\/{rel}","templated":true}]}}