{"id":14202,"date":"2019-12-17T19:01:15","date_gmt":"2019-12-17T19:01:15","guid":{"rendered":"https:\/\/jorgezanoni.com.br\/2019\/?p=14202"},"modified":"2019-12-17T19:01:15","modified_gmt":"2019-12-17T19:01:15","slug":"cep-ume-realiza-formatura-do-curso-tecnico-em-estetica","status":"publish","type":"post","link":"https:\/\/jorgezanoni.com.br\/2019\/cep-ume-realiza-formatura-do-curso-tecnico-em-estetica\/","title":{"rendered":"CEP\/UME realiza formatura do curso T\u00e9cnico em Est\u00e9tica"},"content":{"rendered":"<p style=\"font-weight: 400; text-align: justify;\">O Centro de Educa\u00e7\u00e3o Profissional &#8220;Francisco Graziano Filho&#8221; (CEP) e a Unidade Modelo de Ensino (UME) promoveram a solenidade de formatura dos alunos da 1\u00aa turma do curso T\u00e9cnico em Est\u00e9tica, que levou o nome da Profa. Angela Vacchiano. O evento foi realizado na noite do dia 12 de dezembro, no Audit\u00f3rio &#8220;Prof. Geraldo Mariano Alves&#8221;, na Fundec, e emocionou familiares, amigos e convidados que acompanharam a entrega dos certificados aos formandos.<br \/>\nA mesa de honra foi composta pelas seguintes autoridades: D\u00e9cio Esteves, patrono dos formandos e presidente do Conselho de Curadores da Fundec; Fernando Nunes, diretor de Comunica\u00e7\u00e3o, representando a diretoria executiva da Fundec; Julia Kiyomi Portari, diretora do CEP\/UME e presidente da mesa dos trabalhos; Profa. Francislene Mon\u00e7\u00e3o de Castro, paraninfa do curso; Francine Ferrari, secret\u00e1ria de assist\u00eancia social, representando a Prefeitura Municipal de Dracena. O orador dos formandos do curso T\u00e9cnico em Est\u00e9tica foi o aluno Jo\u00e3o Vitor Silva de Oliveira. O juramento foi conduzido pela formanda Silvana Guiraldello Garcia. O certificado de honra ao m\u00e9rito foi dedicado \u00e0 formanda Roberta Zola Nabas Camilo, como aluno destaque.<\/p>\n<p><img loading=\"lazy\" decoding=\"async\" class=\"alignnone size-full wp-image-14204\" src=\"https:\/\/jorgezanoni.com.br\/2019\/wp-content\/uploads\/2019\/12\/forma1-1.jpg\" alt=\"\" width=\"800\" height=\"533\" srcset=\"https:\/\/jorgezanoni.com.br\/2019\/wp-content\/uploads\/2019\/12\/forma1-1.jpg 800w, https:\/\/jorgezanoni.com.br\/2019\/wp-content\/uploads\/2019\/12\/forma1-1-300x200.jpg 300w, https:\/\/jorgezanoni.com.br\/2019\/wp-content\/uploads\/2019\/12\/forma1-1-768x512.jpg 768w, https:\/\/jorgezanoni.com.br\/2019\/wp-content\/uploads\/2019\/12\/forma1-1-696x464.jpg 696w, https:\/\/jorgezanoni.com.br\/2019\/wp-content\/uploads\/2019\/12\/forma1-1-630x420.jpg 630w\" sizes=\"auto, (max-width: 800px) 100vw, 800px\" \/> <img loading=\"lazy\" decoding=\"async\" class=\"alignnone size-full wp-image-14205\" src=\"https:\/\/jorgezanoni.com.br\/2019\/wp-content\/uploads\/2019\/12\/forma2-1.jpg\" alt=\"\" width=\"400\" height=\"600\" srcset=\"https:\/\/jorgezanoni.com.br\/2019\/wp-content\/uploads\/2019\/12\/forma2-1.jpg 400w, https:\/\/jorgezanoni.com.br\/2019\/wp-content\/uploads\/2019\/12\/forma2-1-200x300.jpg 200w, https:\/\/jorgezanoni.com.br\/2019\/wp-content\/uploads\/2019\/12\/forma2-1-280x420.jpg 280w\" sizes=\"auto, (max-width: 400px) 100vw, 400px\" \/><\/p>\n<p style=\"font-weight: 400; text-align: justify;\">Carolina Colnago<\/p>\n<p style=\"font-weight: 400; text-align: justify;\">Assessora de Comunica\u00e7\u00e3o da Fundec &#8211; Jornalista<\/p>\n<p style=\"font-weight: 400; text-align: justify;\">Fotos: Formandos da 1\u00aa turma do curso T\u00e9cnico em Est\u00e9tica do CEP\/UME; A paraninfa Fran Mon\u00e7\u00e3o com a formanda Lorena Vello e A diretora Julia Portari com a formanda Roberta Camilo.<\/p>\n<p style=\"font-weight: 400; text-align: justify;\">\n<p style=\"font-weight: 400;\">\n","protected":false},"excerpt":{"rendered":"<p>O Centro de Educa\u00e7\u00e3o Profissional &#8220;Francisco Graziano Filho&#8221; (CEP) e a Unidade Modelo de Ensino (UME) promoveram a solenidade de formatura dos alunos da 1\u00aa turma do curso T\u00e9cnico em Est\u00e9tica, que levou o nome da Profa. Angela Vacchiano. O evento foi realizado na noite do dia 12 de dezembro, no Audit\u00f3rio &#8220;Prof. Geraldo Mariano [&hellip;]<\/p>\n","protected":false},"author":1,"featured_media":14206,"comment_status":"closed","ping_status":"open","sticky":false,"template":"","format":"standard","meta":{"footnotes":""},"categories":[122],"tags":[],"class_list":["post-14202","post","type-post","status-publish","format-standard","has-post-thumbnail","hentry","category-saudeeducacaoeconcurso"],"_links":{"self":[{"href":"https:\/\/jorgezanoni.com.br\/2019\/wp-json\/wp\/v2\/posts\/14202","targetHints":{"allow":["GET"]}}],"collection":[{"href":"https:\/\/jorgezanoni.com.br\/2019\/wp-json\/wp\/v2\/posts"}],"about":[{"href":"https:\/\/jorgezanoni.com.br\/2019\/wp-json\/wp\/v2\/types\/post"}],"author":[{"embeddable":true,"href":"https:\/\/jorgezanoni.com.br\/2019\/wp-json\/wp\/v2\/users\/1"}],"replies":[{"embeddable":true,"href":"https:\/\/jorgezanoni.com.br\/2019\/wp-json\/wp\/v2\/comments?post=14202"}],"version-history":[{"count":0,"href":"https:\/\/jorgezanoni.com.br\/2019\/wp-json\/wp\/v2\/posts\/14202\/revisions"}],"wp:featuredmedia":[{"embeddable":true,"href":"https:\/\/jorgezanoni.com.br\/2019\/wp-json\/wp\/v2\/media\/14206"}],"wp:attachment":[{"href":"https:\/\/jorgezanoni.com.br\/2019\/wp-json\/wp\/v2\/media?parent=14202"}],"wp:term":[{"taxonomy":"category","embeddable":true,"href":"https:\/\/jorgezanoni.com.br\/2019\/wp-json\/wp\/v2\/categories?post=14202"},{"taxonomy":"post_tag","embeddable":true,"href":"https:\/\/jorgezanoni.com.br\/2019\/wp-json\/wp\/v2\/tags?post=14202"}],"curies":[{"name":"wp","href":"https:\/\/api.w.org\/{rel}","templated":true}]}}