{"id":14185,"date":"2019-12-17T12:58:22","date_gmt":"2019-12-17T12:58:22","guid":{"rendered":"https:\/\/jorgezanoni.com.br\/2019\/?p=14185"},"modified":"2019-12-17T12:58:22","modified_gmt":"2019-12-17T12:58:22","slug":"anglo-cid-dracena-realiza-solenidade-de-formatura","status":"publish","type":"post","link":"https:\/\/jorgezanoni.com.br\/2019\/anglo-cid-dracena-realiza-solenidade-de-formatura\/","title":{"rendered":"Anglo-CID Dracena realiza solenidade de formatura"},"content":{"rendered":"<p style=\"font-weight: 400; text-align: justify;\">Os alunos do 9\u00ba ano do ensino fundamental e do 3\u00ba ano do ensino m\u00e9dio participaram da formatura do Col\u00e9gio Anglo-CID Dracena, que reuniu centenas de pessoas, entre pais, familiares, professores, funcion\u00e1rios da escola e amigos. A cerim\u00f4nia foi realizada no Gin\u00e1sio Galen\u00e3o da Fundec, na noite do dia 12 de dezembro.<br \/>\nA mesa de honra foi composta pelo vice-presidente do Conselho de Curadores da Fundec Vanderlei Biazini; pelo diretor executivo da Fundec Edson Hissatomi Kai; pela diretora do Col\u00e9gio Anglo-CID e presidente da cerim\u00f4nia Eul\u00e1lia Pires Fava; pela vice-diretora do Col\u00e9gio Profa. Tatiana Pelisson Froio; pela patronesse dos formandos Profa. Ma. Marcela Silva; pela paraninfa do 9\u00ba ano do ensino fundamental Profa. Ma. Rosana Socha e pela paraninfa do 3\u00ba ano do ensino m\u00e9dio Prof. Ma. Lizandra Martins. Os formandos receberam seus certificados durante a solenidade, que contou com discursos, juramentos e homenagens aos professores e funcion\u00e1rios da escola. A vice-diretora Tatiana Froio parabenizou os formandos e ressaltou a forma\u00e7\u00e3o que tiveram neste per\u00edodo no Anglo-CID, que \u00e9 um dos principais parceiros do Sistema Anglo de Ensino.<\/p>\n<p><img loading=\"lazy\" decoding=\"async\" class=\"alignnone size-full wp-image-14187\" src=\"https:\/\/jorgezanoni.com.br\/2019\/wp-content\/uploads\/2019\/12\/forma1.jpg\" alt=\"\" width=\"800\" height=\"533\" srcset=\"https:\/\/jorgezanoni.com.br\/2019\/wp-content\/uploads\/2019\/12\/forma1.jpg 800w, https:\/\/jorgezanoni.com.br\/2019\/wp-content\/uploads\/2019\/12\/forma1-300x200.jpg 300w, https:\/\/jorgezanoni.com.br\/2019\/wp-content\/uploads\/2019\/12\/forma1-768x512.jpg 768w, https:\/\/jorgezanoni.com.br\/2019\/wp-content\/uploads\/2019\/12\/forma1-696x464.jpg 696w, https:\/\/jorgezanoni.com.br\/2019\/wp-content\/uploads\/2019\/12\/forma1-630x420.jpg 630w\" sizes=\"auto, (max-width: 800px) 100vw, 800px\" \/> <img loading=\"lazy\" decoding=\"async\" class=\"alignnone size-full wp-image-14188\" src=\"https:\/\/jorgezanoni.com.br\/2019\/wp-content\/uploads\/2019\/12\/forma2.jpg\" alt=\"\" width=\"800\" height=\"533\" srcset=\"https:\/\/jorgezanoni.com.br\/2019\/wp-content\/uploads\/2019\/12\/forma2.jpg 800w, https:\/\/jorgezanoni.com.br\/2019\/wp-content\/uploads\/2019\/12\/forma2-300x200.jpg 300w, https:\/\/jorgezanoni.com.br\/2019\/wp-content\/uploads\/2019\/12\/forma2-768x512.jpg 768w, https:\/\/jorgezanoni.com.br\/2019\/wp-content\/uploads\/2019\/12\/forma2-696x464.jpg 696w, https:\/\/jorgezanoni.com.br\/2019\/wp-content\/uploads\/2019\/12\/forma2-630x420.jpg 630w\" sizes=\"auto, (max-width: 800px) 100vw, 800px\" \/><\/p>\n<p style=\"font-weight: 400; text-align: justify;\">Carolina Colnago<\/p>\n<p style=\"font-weight: 400; text-align: justify;\">Assessora de Comunica\u00e7\u00e3o da Fundec &#8211; Jornalista<\/p>\n<p style=\"text-align: justify;\">Fotos: Formandos do Anglo-CID; Profa. Rosana Socha (paraninfa 9\u00ba ano) e a aluna Larissa Suzuki e Profa. Lizandra Martins (paraninfa terceir\u00e3o) e o aluno J\u00fanior Ferreira.<\/p>\n<p style=\"font-weight: 400; text-align: justify;\">\n","protected":false},"excerpt":{"rendered":"<p>Os alunos do 9\u00ba ano do ensino fundamental e do 3\u00ba ano do ensino m\u00e9dio participaram da formatura do Col\u00e9gio Anglo-CID Dracena, que reuniu centenas de pessoas, entre pais, familiares, professores, funcion\u00e1rios da escola e amigos. A cerim\u00f4nia foi realizada no Gin\u00e1sio Galen\u00e3o da Fundec, na noite do dia 12 de dezembro. A mesa de [&hellip;]<\/p>\n","protected":false},"author":1,"featured_media":14186,"comment_status":"closed","ping_status":"open","sticky":false,"template":"","format":"standard","meta":{"footnotes":""},"categories":[122],"tags":[],"class_list":["post-14185","post","type-post","status-publish","format-standard","has-post-thumbnail","hentry","category-saudeeducacaoeconcurso"],"_links":{"self":[{"href":"https:\/\/jorgezanoni.com.br\/2019\/wp-json\/wp\/v2\/posts\/14185","targetHints":{"allow":["GET"]}}],"collection":[{"href":"https:\/\/jorgezanoni.com.br\/2019\/wp-json\/wp\/v2\/posts"}],"about":[{"href":"https:\/\/jorgezanoni.com.br\/2019\/wp-json\/wp\/v2\/types\/post"}],"author":[{"embeddable":true,"href":"https:\/\/jorgezanoni.com.br\/2019\/wp-json\/wp\/v2\/users\/1"}],"replies":[{"embeddable":true,"href":"https:\/\/jorgezanoni.com.br\/2019\/wp-json\/wp\/v2\/comments?post=14185"}],"version-history":[{"count":0,"href":"https:\/\/jorgezanoni.com.br\/2019\/wp-json\/wp\/v2\/posts\/14185\/revisions"}],"wp:featuredmedia":[{"embeddable":true,"href":"https:\/\/jorgezanoni.com.br\/2019\/wp-json\/wp\/v2\/media\/14186"}],"wp:attachment":[{"href":"https:\/\/jorgezanoni.com.br\/2019\/wp-json\/wp\/v2\/media?parent=14185"}],"wp:term":[{"taxonomy":"category","embeddable":true,"href":"https:\/\/jorgezanoni.com.br\/2019\/wp-json\/wp\/v2\/categories?post=14185"},{"taxonomy":"post_tag","embeddable":true,"href":"https:\/\/jorgezanoni.com.br\/2019\/wp-json\/wp\/v2\/tags?post=14185"}],"curies":[{"name":"wp","href":"https:\/\/api.w.org\/{rel}","templated":true}]}}